{"id":71865,"date":"2025-07-13T16:10:57","date_gmt":"2025-07-13T20:40:57","guid":{"rendered":"https:\/\/www.elmundodelosnegocios.com.do\/v1\/?p=71865"},"modified":"2025-07-13T16:10:57","modified_gmt":"2025-07-13T20:40:57","slug":"arajet-firma-acuerdo-con-iata-para-implementar-la-innovadora-herramienta-turbulence-aware","status":"publish","type":"post","link":"https:\/\/elmundodelosnegocios.com.do\/v1\/arajet-firma-acuerdo-con-iata-para-implementar-la-innovadora-herramienta-turbulence-aware\/","title":{"rendered":"Arajet firma acuerdo con IATA para implementar la innovadora herramienta Turbulence Aware"},"content":{"rendered":"<p><em><strong>Ciudad de M\u00e9xico.<\/strong>\u00a0La aerol\u00ednea dominicana\u00a0<strong>Arajet<\/strong>\u00a0firm\u00f3 un acuerdo con la\u00a0<strong>Asociaci\u00f3n Internacional de Transporte A\u00e9reo (IATA)<\/strong>\u00a0para implementar\u00a0<strong>Turbulence Aware<\/strong>, una herramienta de \u00faltima generaci\u00f3n dise\u00f1ada para mejorar la\u00a0<strong>gesti\u00f3n de turbulencias en tiempo real<\/strong>, reforzando as\u00ed la\u00a0<strong>seguridad y comodidad de sus vuelos en toda Latinoam\u00e9rica y el Caribe<\/strong>.<\/em><\/p>\n<p><a href=\"http:\/\/elmundodelosnegocios.com.do\/v1\/wp-content\/uploads\/2025\/07\/IMG_7826.jpeg\"><img loading=\"lazy\" decoding=\"async\" class=\"aligncenter size-full wp-image-71866\" src=\"http:\/\/elmundodelosnegocios.com.do\/v1\/wp-content\/uploads\/2025\/07\/IMG_7826.jpeg\" alt=\"\" width=\"1024\" height=\"768\" srcset=\"https:\/\/elmundodelosnegocios.com.do\/v1\/wp-content\/uploads\/2025\/07\/IMG_7826.jpeg 1024w, https:\/\/elmundodelosnegocios.com.do\/v1\/wp-content\/uploads\/2025\/07\/IMG_7826-300x225.jpeg 300w, https:\/\/elmundodelosnegocios.com.do\/v1\/wp-content\/uploads\/2025\/07\/IMG_7826-768x576.jpeg 768w\" sizes=\"auto, (max-width: 1024px) 100vw, 1024px\" \/><\/a><\/p>\n<hr class=\"wp-block-separator has-alpha-channel-opacity\" \/>\n<h3 class=\"wp-block-heading\">\ud83c\udf0d\u00a0\u00bfQu\u00e9 es Turbulence Aware y por qu\u00e9 es importante?<\/h3>\n<p><strong>Turbulence Aware<\/strong>\u00a0es una plataforma creada por la IATA en 2018 que\u00a0<strong>recopila datos an\u00f3nimos en tiempo real sobre turbulencias en vuelos operados por aerol\u00edneas participantes<\/strong>. Esta informaci\u00f3n precisa ayuda a pilotos y despachadores de vuelo a\u00a0<strong>planificar rutas m\u00e1s seguras y eficientes, minimizando los efectos de la turbulencia y mejorando la experiencia del pasajero<\/strong>.<\/p>\n<p>En 2024, las aerol\u00edneas integradas al programa generaron\u00a0<strong>m\u00e1s de 51,8 millones de informes de turbulencia<\/strong>, lo que represent\u00f3 un aumento del 35% en comparaci\u00f3n con 2023. Actualmente, m\u00e1s de\u00a0<strong>28 aerol\u00edneas con 2,800 aeronaves<\/strong>aportan y consumen datos de la plataforma, fortaleciendo la precisi\u00f3n de los reportes y contribuyendo a modelos de predicci\u00f3n para oficinas meteorol\u00f3gicas e investigaciones acad\u00e9micas.<\/p>\n<hr class=\"wp-block-separator has-alpha-channel-opacity\" \/>\n<h3 class=\"wp-block-heading\">\ud83d\ude80\u00a0Arajet: Primera aerol\u00ednea del Caribe en adoptar Turbulence Aware<\/h3>\n<p>Con esta alianza,\u00a0<strong>Arajet se convierte en la primera aerol\u00ednea con sede en el Caribe en adoptar esta tecnolog\u00eda avanzada<\/strong>, contribuyendo a consolidar una visi\u00f3n regional s\u00f3lida sobre turbulencias en Latinoam\u00e9rica, donde opera con rutas hacia m\u00e1s de 23 destinos.<\/p>\n<p>El acuerdo se formaliz\u00f3 durante la\u00a0<strong>Cumbre de Seguridad A\u00e9rea y Operaciones de Vuelo de ALTA<\/strong>, celebrada en Ciudad de M\u00e9xico, reforzando el compromiso de Arajet con la\u00a0<strong>seguridad operacional y la innovaci\u00f3n tecnol\u00f3gica<\/strong>\u00a0en la aviaci\u00f3n.<\/p>\n<hr class=\"wp-block-separator has-alpha-channel-opacity\" \/>\n<h3 class=\"wp-block-heading\">\ud83d\udde8\ufe0f\u00a0Declaraciones de Arajet e IATA<\/h3>\n<blockquote class=\"wp-block-quote\"><p>\u201cEste acuerdo con la IATA representa un paso m\u00e1s en nuestro compromiso de ofrecer una experiencia de vuelo m\u00e1s c\u00f3moda, segura y eficiente para todos nuestros pasajeros\u201d, afirm\u00f3\u00a0<strong>V\u00edctor Pacheco M\u00e9ndez<\/strong>, CEO &amp; fundador de Arajet.<\/p><\/blockquote>\n<p>Por su parte,\u00a0<strong>Peter Cerda, vicepresidente regional de IATA para las Am\u00e9ricas<\/strong>, se\u00f1al\u00f3:<\/p>\n<blockquote class=\"wp-block-quote\"><p>\u201cNos complace que Arajet haya decidido participar en Turbulence Aware. Con cada aerol\u00ednea adicional que aporta datos, mejoramos la informaci\u00f3n en tiempo real que proporcionamos a las tripulaciones, ayud\u00e1ndolas a mitigar los efectos de la turbulencia.\u201d<\/p><\/blockquote>\n<hr class=\"wp-block-separator has-alpha-channel-opacity\" \/>\n<h3 class=\"wp-block-heading\">\u2708\ufe0f\u00a0Arajet: Innovaci\u00f3n y seguridad en cada vuelo<\/h3>\n<p>Fundada en 2022,\u00a0<strong>Arajet es la aerol\u00ednea insignia de Rep\u00fablica Dominicana<\/strong>, operando desde el\u00a0<strong>Aeropuerto Las Am\u00e9ricas en Santo Domingo y el Aeropuerto Internacional de Punta Cana<\/strong>, con una\u00a0<strong>moderna flota de Boeing 737 MAX<\/strong>.<\/p>\n<p>En 2023, Arajet fue reconocida como la\u00a0<strong>\u201cMejor Aerol\u00ednea Nueva del Mundo\u201d en la Cumbre Mundial de Aviaci\u00f3n<\/strong>, consolidando su compromiso de ofrecer viajes seguros, econ\u00f3micos y sostenibles entre Rep\u00fablica Dominicana y destinos de Am\u00e9rica del Norte, Central, del Sur y el Caribe.<\/p>\n<hr class=\"wp-block-separator has-alpha-channel-opacity\" \/>\n<h2 class=\"wp-block-heading\">\ud83c\udf1f\u00a0\u00bfPor qu\u00e9 Turbulence Aware es clave para Arajet y sus pasajeros?<\/h2>\n<p>\u2705\u00a0<strong>Mejora la seguridad en vuelo<\/strong>, reduciendo el riesgo de lesiones por turbulencia.<br \/>\n\u2705\u00a0<strong>Optimiza las rutas<\/strong>, reduciendo tiempos de vuelo y consumo de combustible.<br \/>\n\u2705\u00a0<strong>Eleva la experiencia de viaje<\/strong>, con trayectos m\u00e1s c\u00f3modos y eficientes.<br \/>\n\u2705\u00a0<strong>Contribuye a operaciones m\u00e1s sostenibles y rentables<\/strong>\u00a0para la aerol\u00ednea.<\/p>\n<hr class=\"wp-block-separator has-alpha-channel-opacity\" \/>\n<p>La adopci\u00f3n de\u00a0<strong>Turbulence Aware por parte de Arajet<\/strong>\u00a0marca un nuevo hito en la aviaci\u00f3n regional, fortaleciendo el compromiso de la aerol\u00ednea con la innovaci\u00f3n, la seguridad y la excelencia operativa en sus rutas, mientras refuerza su liderazgo como\u00a0<strong>la aerol\u00ednea m\u00e1s innovadora del Caribe<\/strong>.<\/p>\n<hr class=\"wp-block-separator has-alpha-channel-opacity\" \/>\n<h3 class=\"wp-block-heading\">\ud83d\udcf2\u00a0M\u00e1s informaci\u00f3n<\/h3>\n<p>Para conocer m\u00e1s sobre Arajet y sus destinos, visite:<br \/>\n\ud83c\udf10\u00a0<a class=\"\" href=\"https:\/\/www.arajet.com\/\">www.arajet.com<\/a><\/p>\n<p>Para detalles sobre\u00a0<strong>IATA Turbulence Aware<\/strong>, acceda a:<br \/>\n\ud83c\udf10\u00a0<a class=\"\" href=\"https:\/\/www.iata.org\/\">www.iata.org<\/a><\/p>\n","protected":false},"excerpt":{"rendered":"<p>Ciudad de M\u00e9xico.\u00a0La aerol\u00ednea dominicana\u00a0Arajet\u00a0firm\u00f3 un acuerdo con la\u00a0Asociaci\u00f3n Internacional de Transporte A\u00e9reo (IATA)\u00a0para implementar\u00a0Turbulence Aware, una herramienta de \u00faltima generaci\u00f3n dise\u00f1ada para mejorar la\u00a0gesti\u00f3n de turbulencias en tiempo real,&hellip; <\/p>\n","protected":false},"author":2,"featured_media":71866,"comment_status":"closed","ping_status":"closed","sticky":false,"template":"","format":"standard","meta":{"fifu_image_url":"","fifu_image_alt":"","footnotes":""},"categories":[169],"tags":[],"class_list":["post-71865","post","type-post","status-publish","format-standard","has-post-thumbnail","hentry","category-transporte-internacional"],"_links":{"self":[{"href":"https:\/\/elmundodelosnegocios.com.do\/v1\/wp-json\/wp\/v2\/posts\/71865","targetHints":{"allow":["GET"]}}],"collection":[{"href":"https:\/\/elmundodelosnegocios.com.do\/v1\/wp-json\/wp\/v2\/posts"}],"about":[{"href":"https:\/\/elmundodelosnegocios.com.do\/v1\/wp-json\/wp\/v2\/types\/post"}],"author":[{"embeddable":true,"href":"https:\/\/elmundodelosnegocios.com.do\/v1\/wp-json\/wp\/v2\/users\/2"}],"replies":[{"embeddable":true,"href":"https:\/\/elmundodelosnegocios.com.do\/v1\/wp-json\/wp\/v2\/comments?post=71865"}],"version-history":[{"count":1,"href":"https:\/\/elmundodelosnegocios.com.do\/v1\/wp-json\/wp\/v2\/posts\/71865\/revisions"}],"predecessor-version":[{"id":71867,"href":"https:\/\/elmundodelosnegocios.com.do\/v1\/wp-json\/wp\/v2\/posts\/71865\/revisions\/71867"}],"wp:featuredmedia":[{"embeddable":true,"href":"https:\/\/elmundodelosnegocios.com.do\/v1\/wp-json\/wp\/v2\/media\/71866"}],"wp:attachment":[{"href":"https:\/\/elmundodelosnegocios.com.do\/v1\/wp-json\/wp\/v2\/media?parent=71865"}],"wp:term":[{"taxonomy":"category","embeddable":true,"href":"https:\/\/elmundodelosnegocios.com.do\/v1\/wp-json\/wp\/v2\/categories?post=71865"},{"taxonomy":"post_tag","embeddable":true,"href":"https:\/\/elmundodelosnegocios.com.do\/v1\/wp-json\/wp\/v2\/tags?post=71865"}],"curies":[{"name":"wp","href":"https:\/\/api.w.org\/{rel}","templated":true}]}}