{"id":71871,"date":"2025-07-14T07:53:14","date_gmt":"2025-07-14T12:23:14","guid":{"rendered":"https:\/\/www.elmundodelosnegocios.com.do\/v1\/?p=71871"},"modified":"2025-07-14T07:53:14","modified_gmt":"2025-07-14T12:23:14","slug":"centro-cultural-taino-casa-del-cordon-explora-el-universo-simbolico-de-ada-balcacer","status":"publish","type":"post","link":"https:\/\/elmundodelosnegocios.com.do\/v1\/centro-cultural-taino-casa-del-cordon-explora-el-universo-simbolico-de-ada-balcacer\/","title":{"rendered":"Centro Cultural Ta\u00edno Casa del Cord\u00f3n explora el universo simb\u00f3lico de Ada Balc\u00e1cer"},"content":{"rendered":"<h2><span class=\"ms-rteFontSize-3\">Una mirada a las claves est\u00e9ticas y culturales de una de las grandes figuras de la pl\u00e1stica dominicana<\/span><\/h2>\n<p>Santo Domingo, D.N. \u2013 El Centro Cultural Ta\u00edno Casa del Cord\u00f3n, una iniciativa del Banco Popular Dominicano y la Fundaci\u00f3n Garc\u00eda Ar\u00e9valo, realizar\u00e1 este s\u00e1bado 12 de julio a las 11:00 a.m. el conversatorio \u201cAda Balc\u00e1cer: un acercamiento a su mundo creativo\u00bb, en el cual se abordar\u00e1n los caminos simb\u00f3licos y expresivos de esta gran artista de la pl\u00e1stica dominicana.<\/p>\n<p><img loading=\"lazy\" decoding=\"async\" class=\"aligncenter size-full\" src=\"https:\/\/media.acento.com.do\/media\/storage02\/uploads\/2025\/07\/ISM06177-Fachada-del-Centro-Cultural-Taino-Casa-del-Cordon-728x485.webp\" width=\"728\" height=\"485\" \/><\/p>\n<p>El conversatorio estar\u00e1 a cargo de la reconocida historiadora del arte Mar\u00eda Isabel Mart\u00ednez Morera, quien explorar\u00e1 en detalle los s\u00edmbolos y expresiones que distinguen la obra de Ada Balc\u00e1cer.<\/p>\n<p>En el encuentro se destacar\u00e1 el valor est\u00e9tico y cultural de esta artista y su significativo aporte al desarrollo del arte contempor\u00e1neo dominicano, a trav\u00e9s de un lenguaje visual aut\u00e9ntico y profundamente enraizado en su contexto.<\/p>\n<p><strong>Una colecci\u00f3n con historia y sentido nacional<\/strong><\/p>\n<p>Esta actividad forma parte del programa educativo de la exposici\u00f3n \u201cMaestros de las Artes Visuales en la colecci\u00f3n del Banco Popular Dominicano\u00bb, que rinde homenaje a grandes exponentes del arte nacional y se encuentra actualmente en exhibici\u00f3n en el recinto cultural.<\/p>\n<p>La muestra presenta un recorrido por obras clave del arte dominicano desde 1900 hasta la actualidad, y refleja los hitos hist\u00f3ricos y sociales que influyeron en la evoluci\u00f3n de las expresiones art\u00edsticas en el pa\u00eds, como la llegada de artistas exiliados, el impacto de la dictadura y la posterior apertura democr\u00e1tica.<\/p>\n<p>Con esta exposici\u00f3n, el Banco Popular reafirma su compromiso con la preservaci\u00f3n del patrimonio cultural, poniendo en valor una colecci\u00f3n iniciada en 1964, que hoy constituye un referente del arte nacional.<\/p>\n<p>Adem\u00e1s de \u201cMaestros de las Artes Visuales\u00bb, el Centro Cultural Ta\u00edno Casa del Cord\u00f3n, ubicado en la Ciudad Colonial, es el primero en exhibir una colecci\u00f3n exclusiva sobre la sociedad y el arte de los ta\u00ednos y los pobladores arcaicos de La Espa\u00f1ola.<\/p>\n<p>Este logro fue posible gracias a una alianza entre el Popular y la Fundaci\u00f3n Garc\u00eda Ar\u00e9valo, que don\u00f3 m\u00e1s de 350 piezas arqueol\u00f3gicas prehisp\u00e1nicas para su exhibici\u00f3n permanente.<\/p>\n","protected":false},"excerpt":{"rendered":"<p>Una mirada a las claves est\u00e9ticas y culturales de una de las grandes figuras de la pl\u00e1stica dominicana Santo Domingo, D.N. \u2013 El Centro Cultural Ta\u00edno Casa del Cord\u00f3n, una&hellip; <\/p>\n","protected":false},"author":2,"featured_media":71872,"comment_status":"closed","ping_status":"closed","sticky":false,"template":"","format":"standard","meta":{"fifu_image_url":"https:\/\/media.acento.com.do\/media\/storage02\/uploads\/2025\/07\/ISM06177-Fachada-del-Centro-Cultural-Taino-Casa-del-Cordon-728x485.webp","fifu_image_alt":"","footnotes":""},"categories":[148],"tags":[],"class_list":["post-71871","post","type-post","status-publish","format-standard","has-post-thumbnail","hentry","category-cultura"],"_links":{"self":[{"href":"https:\/\/elmundodelosnegocios.com.do\/v1\/wp-json\/wp\/v2\/posts\/71871","targetHints":{"allow":["GET"]}}],"collection":[{"href":"https:\/\/elmundodelosnegocios.com.do\/v1\/wp-json\/wp\/v2\/posts"}],"about":[{"href":"https:\/\/elmundodelosnegocios.com.do\/v1\/wp-json\/wp\/v2\/types\/post"}],"author":[{"embeddable":true,"href":"https:\/\/elmundodelosnegocios.com.do\/v1\/wp-json\/wp\/v2\/users\/2"}],"replies":[{"embeddable":true,"href":"https:\/\/elmundodelosnegocios.com.do\/v1\/wp-json\/wp\/v2\/comments?post=71871"}],"version-history":[{"count":1,"href":"https:\/\/elmundodelosnegocios.com.do\/v1\/wp-json\/wp\/v2\/posts\/71871\/revisions"}],"predecessor-version":[{"id":71873,"href":"https:\/\/elmundodelosnegocios.com.do\/v1\/wp-json\/wp\/v2\/posts\/71871\/revisions\/71873"}],"wp:featuredmedia":[{"embeddable":true,"href":"https:\/\/elmundodelosnegocios.com.do\/v1\/wp-json\/wp\/v2\/media\/71872"}],"wp:attachment":[{"href":"https:\/\/elmundodelosnegocios.com.do\/v1\/wp-json\/wp\/v2\/media?parent=71871"}],"wp:term":[{"taxonomy":"category","embeddable":true,"href":"https:\/\/elmundodelosnegocios.com.do\/v1\/wp-json\/wp\/v2\/categories?post=71871"},{"taxonomy":"post_tag","embeddable":true,"href":"https:\/\/elmundodelosnegocios.com.do\/v1\/wp-json\/wp\/v2\/tags?post=71871"}],"curies":[{"name":"wp","href":"https:\/\/api.w.org\/{rel}","templated":true}]}}