{"id":72042,"date":"2025-07-23T09:00:44","date_gmt":"2025-07-23T13:30:44","guid":{"rendered":"https:\/\/www.elmundodelosnegocios.com.do\/v1\/?p=72042"},"modified":"2025-07-23T09:00:44","modified_gmt":"2025-07-23T13:30:44","slug":"lanzan-al-mercado-lentes-protegidos-para-cuidar-su-inversion-en-gafas-y-espejuelos","status":"publish","type":"post","link":"https:\/\/elmundodelosnegocios.com.do\/v1\/lanzan-al-mercado-lentes-protegidos-para-cuidar-su-inversion-en-gafas-y-espejuelos\/","title":{"rendered":"Lanzan al mercado \u00abLentes Protegidos\u00bb para cuidar su inversi\u00f3n en gafas y espejuelos"},"content":{"rendered":"<p>La alianza entre Zum\u00e1rraga Seguros, Multiseguros y \u00d3ptica L\u00f3pez busca atender una necesidad creciente en el pa\u00eds.<\/p>\n<p>Santo Domingo.- En un acuerdo estrat\u00e9gico para ofrecer mayor tranquilidad a sus clientes y consumidores, las empresas Zum\u00e1rraga Seguros y \u00d3ptica L\u00f3pez, con el respaldado de Multiseguros, lanzaron al mercado dominicano \u00abLentes Protegidos\u00bb, un innovador producto dise\u00f1ado para resguardar la inversi\u00f3n de sus lentes \u00f3pticos y de sol.<\/p>\n<p><a href=\"http:\/\/elmundodelosnegocios.com.do\/v1\/wp-content\/uploads\/2025\/07\/01.jpg\"><img loading=\"lazy\" decoding=\"async\" class=\"aligncenter size-full wp-image-72043\" src=\"http:\/\/elmundodelosnegocios.com.do\/v1\/wp-content\/uploads\/2025\/07\/01.jpg\" alt=\"\" width=\"1170\" height=\"878\" srcset=\"https:\/\/elmundodelosnegocios.com.do\/v1\/wp-content\/uploads\/2025\/07\/01.jpg 1170w, https:\/\/elmundodelosnegocios.com.do\/v1\/wp-content\/uploads\/2025\/07\/01-300x225.jpg 300w, https:\/\/elmundodelosnegocios.com.do\/v1\/wp-content\/uploads\/2025\/07\/01-1024x768.jpg 1024w, https:\/\/elmundodelosnegocios.com.do\/v1\/wp-content\/uploads\/2025\/07\/01-768x576.jpg 768w\" sizes=\"auto, (max-width: 1170px) 100vw, 1170px\" \/><\/a><\/p>\n<p>\u00abLentes Protegidos\u00bb emerge como una soluci\u00f3n pr\u00e1ctica y necesaria, considerando el valor que representan unas gafas o unos espejuelos en la vida diaria de muchas personas, no solo como un accesorio de moda, sino como una herramienta fundamental para la salud visual.<\/p>\n<p>El acuerdo indica que los clientes que adquieran lentes de sol o recetados en \u00d3ptica L\u00f3pez tendr\u00e1n la opci\u00f3n de a\u00f1adir este seguro contra da\u00f1os tanto al armaz\u00f3n como a los lentes. Esto significa una cobertura ante situaciones imprevistas que podr\u00edan afectar la durabilidad y funcionalidad del art\u00edculo.<\/p>\n<figure class=\"wp-block-image size-large\"><a href=\"https:\/\/diariosocialrd.com\/wp-content\/uploads\/2025\/07\/IMG-20250717-WA0022.jpg\" data-rel=\"penci-gallery-image-content\"><img loading=\"lazy\" decoding=\"async\" class=\"wp-image-234364 aligncenter\" src=\"https:\/\/diariosocialrd.com\/wp-content\/uploads\/2025\/07\/IMG-20250717-WA0022-1024x768.jpg\" sizes=\"auto, (max-width: 1024px) 100vw, 1024px\" srcset=\"https:\/\/diariosocialrd.com\/wp-content\/uploads\/2025\/07\/IMG-20250717-WA0022-1024x768.jpg 1024w, https:\/\/diariosocialrd.com\/wp-content\/uploads\/2025\/07\/IMG-20250717-WA0022-300x225.jpg 300w, https:\/\/diariosocialrd.com\/wp-content\/uploads\/2025\/07\/IMG-20250717-WA0022-768x576.jpg 768w, https:\/\/diariosocialrd.com\/wp-content\/uploads\/2025\/07\/IMG-20250717-WA0022-1170x878.jpg 1170w, https:\/\/diariosocialrd.com\/wp-content\/uploads\/2025\/07\/IMG-20250717-WA0022-585x439.jpg 585w, https:\/\/diariosocialrd.com\/wp-content\/uploads\/2025\/07\/IMG-20250717-WA0022.jpg 1280w\" alt=\"\" width=\"1024\" height=\"768\" \/><\/a><\/figure>\n<p>Un aspecto destacado de este nuevo seguro es su flexibilidad. El costo de la p\u00f3liza de \u00abLentes Protegidos\u00bb se ajustar\u00e1 de manera proporcional al precio de los lentes adquiridos, lo que permite una mayor accesibilidad para diferentes presupuestos. Esta personalizaci\u00f3n del costo hace que el seguro sea una opci\u00f3n atractiva para una amplia gama de usuarios.<\/p>\n<p>Adem\u00e1s de la adaptaci\u00f3n al precio, los clientes tambi\u00e9n tendr\u00e1n la posibilidad de elegir la duraci\u00f3n de su cobertura. \u00abLentes Protegidos\u00bb ofrece opciones de planes con una vigencia de seis meses o un a\u00f1o. Esta dualidad en el tiempo de cobertura permite a los usuarios seleccionar la opci\u00f3n que mejor se adapte a sus necesidades.<\/p>\n<p>Esta alianza es un testimonio de c\u00f3mo la colaboraci\u00f3n empresarial puede generar productos que brindan un valor agregado significativo al consumidor. La experiencia y solidez de cada una de estas empresas se unen para ofrecer un servicio confiable y de calidad.<\/p>\n<p>Para aquellos interesados en conocer m\u00e1s detalles sobre c\u00f3mo proteger sus lentes, la informaci\u00f3n est\u00e1 f\u00e1cilmente disponible. Los consumidores pueden contactar directamente a las compa\u00f1\u00edas involucradas o, de manera m\u00e1s conveniente, dirigirse a cualquiera de las sucursales de \u00d3ptica L\u00f3pez a nivel nacional.<\/p>\n","protected":false},"excerpt":{"rendered":"<p>La alianza entre Zum\u00e1rraga Seguros, Multiseguros y \u00d3ptica L\u00f3pez busca atender una necesidad creciente en el pa\u00eds. Santo Domingo.- En un acuerdo estrat\u00e9gico para ofrecer mayor tranquilidad a sus clientes&hellip; <\/p>\n","protected":false},"author":2,"featured_media":72043,"comment_status":"closed","ping_status":"closed","sticky":false,"template":"","format":"standard","meta":{"fifu_image_url":"","fifu_image_alt":"","footnotes":""},"categories":[89],"tags":[],"class_list":["post-72042","post","type-post","status-publish","format-standard","has-post-thumbnail","hentry","category-seguros"],"_links":{"self":[{"href":"https:\/\/elmundodelosnegocios.com.do\/v1\/wp-json\/wp\/v2\/posts\/72042","targetHints":{"allow":["GET"]}}],"collection":[{"href":"https:\/\/elmundodelosnegocios.com.do\/v1\/wp-json\/wp\/v2\/posts"}],"about":[{"href":"https:\/\/elmundodelosnegocios.com.do\/v1\/wp-json\/wp\/v2\/types\/post"}],"author":[{"embeddable":true,"href":"https:\/\/elmundodelosnegocios.com.do\/v1\/wp-json\/wp\/v2\/users\/2"}],"replies":[{"embeddable":true,"href":"https:\/\/elmundodelosnegocios.com.do\/v1\/wp-json\/wp\/v2\/comments?post=72042"}],"version-history":[{"count":1,"href":"https:\/\/elmundodelosnegocios.com.do\/v1\/wp-json\/wp\/v2\/posts\/72042\/revisions"}],"predecessor-version":[{"id":72044,"href":"https:\/\/elmundodelosnegocios.com.do\/v1\/wp-json\/wp\/v2\/posts\/72042\/revisions\/72044"}],"wp:featuredmedia":[{"embeddable":true,"href":"https:\/\/elmundodelosnegocios.com.do\/v1\/wp-json\/wp\/v2\/media\/72043"}],"wp:attachment":[{"href":"https:\/\/elmundodelosnegocios.com.do\/v1\/wp-json\/wp\/v2\/media?parent=72042"}],"wp:term":[{"taxonomy":"category","embeddable":true,"href":"https:\/\/elmundodelosnegocios.com.do\/v1\/wp-json\/wp\/v2\/categories?post=72042"},{"taxonomy":"post_tag","embeddable":true,"href":"https:\/\/elmundodelosnegocios.com.do\/v1\/wp-json\/wp\/v2\/tags?post=72042"}],"curies":[{"name":"wp","href":"https:\/\/api.w.org\/{rel}","templated":true}]}}