{"id":7205,"date":"2021-06-23T07:08:01","date_gmt":"2021-06-23T11:38:01","guid":{"rendered":"http:\/\/elmundodelosnegocios.com.do\/v1\/?p=7205"},"modified":"2021-06-23T07:08:01","modified_gmt":"2021-06-23T11:38:01","slug":"presidente-abinader-designa-al-ministro-bisono-coordinador-de-mesas-de-trabajo-sobre-crisis-de-precios","status":"publish","type":"post","link":"https:\/\/elmundodelosnegocios.com.do\/v1\/presidente-abinader-designa-al-ministro-bisono-coordinador-de-mesas-de-trabajo-sobre-crisis-de-precios\/","title":{"rendered":"Presidente Abinader designa al ministro Bison\u00f3 coordinador de mesas de trabajo sobre crisis de precios"},"content":{"rendered":"<p>El gobierno del presidente Luis Abinader recibi\u00f3 hoy un espaldarazo por parte de representantes de diversos sectores de la vida nacional, quienes se comprometieron a enfrentar junto a las autoridades la crisis internacional de precios que impactan al pa\u00eds.<\/p>\n<p>Dicho compromiso fue establecido mediante la firma de un documento y con su integraci\u00f3n a varias mesas de trabajo sectoriales.<\/p>\n<p>Los firmantes entienden que esta nueva crisis que impone el mundo exige la unidad de todos los sectores representativos de la sociedad para buscar soluciones conjuntas, que permitan mitigar el impacto sobre la econom\u00eda local.<\/p>\n<p>El documento fue firmado por los sectores, empresarial, sindical, religioso, agropecuario, comercial y social, los cuales quedaron conformados como mesas de trabajo que estar\u00e1n coordinadas por el ministro de Industria Comercio y Mipymes, V\u00edctor -Ito- Bison\u00f3.<\/p>\n<p>Tambi\u00e9n participar\u00e1n en estas acciones de coordinaci\u00f3n los ministros de Econom\u00eda, Planificaci\u00f3n y Desarrollo, Miguel Ceara Hatton y de Agricultura, Limbert Cruz.<\/p>\n<p>Las mesas de trabajo deber\u00e1n presentar al gobierno una propuesta con las primeras recomendaciones en diez d\u00edas.<\/p>\n<p>La firma del compromiso se realiz\u00f3 como parte de la Mesa de Trabajo por la Crisis Internacional de Precios.<\/p>\n<p>Durante el encuentro realizado en el Sal\u00f3n Las Cari\u00e1tides del Palacio Nacional, con la participaci\u00f3n de funcionarios del gobierno, los representantes de la c\u00fapula empresarial y de otros sectores, reconocieron los esfuerzos del gobierno por mitigar las alzas en los precios.<\/p>\n<p>Participaron la vicepresidenta Raquel Pe\u00f1a; el gobernador del Banco Central, H\u00e9ctor Valdez Albizu y los presidentes del Consejo Nacional de la Empresa Privada (CONEP), Pedro Brache y de la Asociaci\u00f3n de Industrias, Celso Juan Marranzini.<\/p>\n<p>Tambi\u00e9n, acompa\u00f1aron al mandatario los ministros de la Presidencia, Lisandro Macarrulla; Administrativo de la Presidencia, Jos\u00e9 Ignacio Paliza y de Hacienda, Jos\u00e9 Miguel -Jochi- Vicente.<\/p>\n<p>Del mismo modo, los directores de Presupuesto, Jos\u00e9 Rijo Presbot; y de Aduanas, Eduardo Sanz Lovat\u00f3n; as\u00ed como el enlace del Poder Ejecutivo con la Comunidad Cristiana, pastor Dio Astacio.<\/p>\n<p>El jefe de Estado dijo que el repunte significativo de los precios globales alerta a los gobiernos y preocupa a todos los ciudadanos, porque los efectos se sienten en los mercados locales de los diferentes pa\u00edses.<\/p>\n<p>\u201cEl alza de precios es actualmente un fen\u00f3meno global desencadenado por el aumento de la demanda de las materias primas, la disrupci\u00f3n de la cadena log\u00edstica causada por la pandemia y el elevado coste de los combustibles producto de la reactivaci\u00f3n econ\u00f3mica\u201d, plante\u00f3 el presidente Abinader.<\/p>\n<p>El gobernante tambi\u00e9n se refiri\u00f3 a que la Organizaci\u00f3n de Pa\u00edses Exportadores de Petr\u00f3leo (OPEP) advirti\u00f3 que la demanda mundial de crudo seguir\u00e1 aumentando y por consiguiente alcanzar\u00e1 en el cuarto trimestre de este a\u00f1o los niveles previos a la pandemia.<\/p>\n<p>Agreg\u00f3 que la fuerte demanda causada por la recuperaci\u00f3n presiona hacia el alza del precio del barril de petr\u00f3leo y los costos del transporte.<\/p>\n<p>\u201cEn adici\u00f3n, condiciones climatol\u00f3gicas adversas y la fuerte demanda mundial han provocado que productos agr\u00edcolas como el ma\u00edz, el trigo y la soya experimenten incrementos hist\u00f3ricos en sus precios\u201d, precis\u00f3 el jefe de Estado.<\/p>\n<p>Esa situaci\u00f3n, a\u00f1adi\u00f3, encarece la producci\u00f3n c\u00e1rnica que usan estos productos como alimento.<\/p>\n<p>Asimismo, el presidente se\u00f1al\u00f3 que la demanda de transporte mar\u00edtimo internacional crece debido a la recuperaci\u00f3n del sector manufacturero en todo el mundo, pero se ralentiza el flujo de barcos por la crisis de los atascos en puertos.<\/p>\n<p>Igualmente, mencion\u00f3 la demora en el despacho de los contenedores, causando encarecimiento de materias primas y productos terminados importados.<\/p>\n<p>Sectores convocados<\/p>\n<p>En representaci\u00f3n de la iglesia cat\u00f3lica fue invitado monse\u00f1or Jes\u00fas Castro Marte y de las iglesias evang\u00e9licas Feliciano Lacen y N\u00e9lsido Borg. Por el sector sindical, Rafael -Pepe- Abreu.<\/p>\n<p>Igualmente, de la sociedad civil, Leydy Blanco Garc\u00eda, de Participaci\u00f3n Ciudadana; Ernesto Mart\u00ednez del centro Juan XXIII; Hamilk Chah\u00edn de Manifiesto Ciudadano y Patty G\u00f3mez de Foro Ciudadano.<\/p>\n<p>Los representantes de asociaciones convocados fueron C\u00e9sar Dargan del Consejo Nacional de la Empresa Privada; Antonio Cruz del Consejo Nacional de Comerciantes y Empresarios; Servio Tulio Casta\u00f1os de la Fundaci\u00f3n Institucionalidad y Justicia y Circe Alm\u00e1nzar de la Asociaci\u00f3n de Industrias.<\/p>\n<p>Adem\u00e1s, Juan Ventura de la Asociaci\u00f3n de Industrias del Norte; Bredyg Disla de la Asociaci\u00f3n de Industriales de Haina; Noel Ure\u00f1a de la Asociaci\u00f3n de Empresas e Industrias de Herrera, Sandy Filpo Asociaci\u00f3n de Comerciantes e Industriales de Santiago; Juan Amell Asociaci\u00f3n de Industrias de Bebidas no Alcoh\u00f3licas; Lu\u00eds Jos\u00e9 Bonilla y Jos\u00e9 Manuel Torres Asociaci\u00f3n Dominicana de Zonas Francas.<\/p>\n<p>Asimismo, Elizabeth Mena de la Asociaci\u00f3n Dominicana de Exportadores; Heraldo Suero, Asociaci\u00f3n Dominicana de Factor\u00edas de Arroz; Rosanna Ru\u00edz, Asociaci\u00f3n de Bancos M\u00faltiples; Susana Mart\u00ednez, Asociaci\u00f3n Dominicana de J\u00f3venes Empresarios; Jorge Montalvo, Asociaci\u00f3n de Constructores y Promotores de Viviendas; Edwin de Los Santos, Asociaci\u00f3n de Empresas de Inversi\u00f3n Extranjera y Roberto Herrera de la C\u00e1mara Americana de Comercio.<\/p>\n<p>Tambi\u00e9n, Carlos Iglesias de la C\u00e1mara de Comercio y Producci\u00f3n de Santiago; Lu\u00eds Miura de la Confederaci\u00f3n Dominicana de la Micro, Peque\u00f1a y Mediana Empresa; Manuel Luna, Federaci\u00f3n Dominicana de C\u00e1maras de Comercio; Jos\u00e9 D\u00edaz de la Federaci\u00f3n Dominicana de Comerciantes y Empresarios; Tony Ramos de la Federaci\u00f3n Dominicana de C\u00e1maras de Comercio; Mario Lama y Jos\u00e9 Lu\u00eds Magadan de la Organizaci\u00f3n Nacional de Empresas Comerciales; Ivonne Garc\u00eda de la Junta Agroempresarial Dominicana y Claudia Chez de la Junta Agroempresarial Dominicana.<\/p>\n<p>Al acto, tambi\u00e9n fueron invitados los empresarios Jos\u00e9 Miguel Gonz\u00e1lez Cuadra, Jos\u00e9 Leopoldo Vicini, Juan Vicini, Ligia Bonetti, Jos\u00e9 Miguel Bonetti, Manuel Corripio, Manuel Estrella, F\u00e9lix Garc\u00eda, Angie Berg\u00e9s, Mercedes Ramos, Pedro Lama, Luciano Carillo, Fernando Capell\u00e1n, Rafael Monestina Franch, Juan Manuel Rodr\u00edguez, Javier Rodr\u00edguez, Juan Enrique Ramos, Rub\u00e9n Almonte y Bernardo S\u00e1nchez.<\/p>\n<p>Igualmente, fueron convocados los representantes de medios In\u00e9s Aizp\u00fan, de Diario Libre; Bienvenido \u00c1lvarez Vega, del Peri\u00f3dico Hoy; Bol\u00edvar D\u00edaz G\u00f3mez, de El Nacional; Emmanuel Castillo, del Peri\u00f3dico La Informaci\u00f3n; Fausto Rosario Adames, de Acento; Jos\u00e9 Monegro, de El D\u00eda; Miguel Franjul, de List\u00edn Diario, Nelson Rodr\u00edguez, El Caribe; Persio Maldonado, El Nuevo Diario; Sa\u00fal Pimentel, de Al Momento.Net; Nuria Piera, de N Digital; Alicia Ortega, de Grupo SIN y Roberto Cavada, de Telenoticias.<\/p>\n","protected":false},"excerpt":{"rendered":"<p>El gobierno del presidente Luis Abinader recibi\u00f3 hoy un espaldarazo por parte de representantes de diversos sectores de la vida nacional, quienes se comprometieron a enfrentar junto a las autoridades&hellip; <\/p>\n","protected":false},"author":2,"featured_media":7207,"comment_status":"open","ping_status":"open","sticky":false,"template":"","format":"standard","meta":{"fifu_image_url":"","fifu_image_alt":"","footnotes":""},"categories":[147],"tags":[],"class_list":["post-7205","post","type-post","status-publish","format-standard","has-post-thumbnail","hentry","category-comercio"],"_links":{"self":[{"href":"https:\/\/elmundodelosnegocios.com.do\/v1\/wp-json\/wp\/v2\/posts\/7205","targetHints":{"allow":["GET"]}}],"collection":[{"href":"https:\/\/elmundodelosnegocios.com.do\/v1\/wp-json\/wp\/v2\/posts"}],"about":[{"href":"https:\/\/elmundodelosnegocios.com.do\/v1\/wp-json\/wp\/v2\/types\/post"}],"author":[{"embeddable":true,"href":"https:\/\/elmundodelosnegocios.com.do\/v1\/wp-json\/wp\/v2\/users\/2"}],"replies":[{"embeddable":true,"href":"https:\/\/elmundodelosnegocios.com.do\/v1\/wp-json\/wp\/v2\/comments?post=7205"}],"version-history":[{"count":0,"href":"https:\/\/elmundodelosnegocios.com.do\/v1\/wp-json\/wp\/v2\/posts\/7205\/revisions"}],"wp:featuredmedia":[{"embeddable":true,"href":"https:\/\/elmundodelosnegocios.com.do\/v1\/wp-json\/wp\/v2\/media\/7207"}],"wp:attachment":[{"href":"https:\/\/elmundodelosnegocios.com.do\/v1\/wp-json\/wp\/v2\/media?parent=7205"}],"wp:term":[{"taxonomy":"category","embeddable":true,"href":"https:\/\/elmundodelosnegocios.com.do\/v1\/wp-json\/wp\/v2\/categories?post=7205"},{"taxonomy":"post_tag","embeddable":true,"href":"https:\/\/elmundodelosnegocios.com.do\/v1\/wp-json\/wp\/v2\/tags?post=7205"}],"curies":[{"name":"wp","href":"https:\/\/api.w.org\/{rel}","templated":true}]}}