{"id":72053,"date":"2025-07-24T09:05:57","date_gmt":"2025-07-24T13:35:57","guid":{"rendered":"https:\/\/www.elmundodelosnegocios.com.do\/v1\/?p=72053"},"modified":"2025-07-24T09:05:57","modified_gmt":"2025-07-24T13:35:57","slug":"grupo-popular-aporta-equipos-medicos-a-maternidad-nuestra-senora-de-la-altagracia","status":"publish","type":"post","link":"https:\/\/elmundodelosnegocios.com.do\/v1\/grupo-popular-aporta-equipos-medicos-a-maternidad-nuestra-senora-de-la-altagracia\/","title":{"rendered":"Grupo Popular aporta equipos m\u00e9dicos a Maternidad Nuestra Se\u00f1ora de la Altagracia"},"content":{"rendered":"<h2><span class=\"ms-rteFontSize-3\">El aporte, valorado en RD$7.5 millones, fortalece \u00e1reas cr\u00edticas de cirug\u00eda, cuidados neonatales y diagn\u00f3stico gen\u00e9tico\u200b<\/span><\/h2>\n<h2><a href=\"http:\/\/elmundodelosnegocios.com.do\/v1\/wp-content\/uploads\/2025\/07\/1-AND09125.jpg\"><img loading=\"lazy\" decoding=\"async\" class=\"aligncenter size-full wp-image-72054\" src=\"http:\/\/elmundodelosnegocios.com.do\/v1\/wp-content\/uploads\/2025\/07\/1-AND09125.jpg\" alt=\"\" width=\"850\" height=\"450\" srcset=\"https:\/\/elmundodelosnegocios.com.do\/v1\/wp-content\/uploads\/2025\/07\/1-AND09125.jpg 850w, https:\/\/elmundodelosnegocios.com.do\/v1\/wp-content\/uploads\/2025\/07\/1-AND09125-300x159.jpg 300w, https:\/\/elmundodelosnegocios.com.do\/v1\/wp-content\/uploads\/2025\/07\/1-AND09125-768x407.jpg 768w\" sizes=\"auto, (max-width: 850px) 100vw, 850px\" \/><\/a><\/h2>\n<p>Santo Domingo, D.N.<strong>\u00a0\u2013<\/strong>\u00a0El Grupo Popular realiz\u00f3 la entrega formal de nuevos equipos m\u00e9dicos al Hospital Universitario Maternidad Nuestra Se\u00f1ora de la Altagracia (HUMNSA), con los que se fortalecen \u00e1reas cr\u00edticas de cirug\u00eda, cuidados neonatales y diagn\u00f3stico gen\u00e9tico, y que reafirman el compromiso de la organizaci\u00f3n desde hace m\u00e1s de dos d\u00e9cadas con la salud materno-infantil y esta instituci\u00f3n sanitaria clave para la Rep\u00fablica Dominicana.<\/p>\n<p><a href=\"http:\/\/elmundodelosnegocios.com.do\/v1\/wp-content\/uploads\/2025\/07\/2-AND09177.jpg\"><img loading=\"lazy\" decoding=\"async\" class=\"aligncenter size-full wp-image-72055\" src=\"http:\/\/elmundodelosnegocios.com.do\/v1\/wp-content\/uploads\/2025\/07\/2-AND09177.jpg\" alt=\"\" width=\"850\" height=\"450\" srcset=\"https:\/\/elmundodelosnegocios.com.do\/v1\/wp-content\/uploads\/2025\/07\/2-AND09177.jpg 850w, https:\/\/elmundodelosnegocios.com.do\/v1\/wp-content\/uploads\/2025\/07\/2-AND09177-300x159.jpg 300w, https:\/\/elmundodelosnegocios.com.do\/v1\/wp-content\/uploads\/2025\/07\/2-AND09177-768x407.jpg 768w\" sizes=\"auto, (max-width: 850px) 100vw, 850px\" \/><\/a><\/p>\n<p>La contribuci\u00f3n, valorada en aproximadamente RD$7.5 millones, incluy\u00f3 la entrega de una m\u00e1quina de anestesia, mesas quir\u00fargicas, mesas de mayo, vaporizador de sevoflurano, monitores de signos vitales y de gases anest\u00e9sicos, un transductor endocavitario, una incubadora de carbono, as\u00ed como mobiliario de oficina. Estos equipos permitir\u00e1n al personal m\u00e9dico del hospital ofrecer un servicio quir\u00fargico y neonatal m\u00e1s seguro, eficiente y completo.<\/p>\n<p><a href=\"http:\/\/elmundodelosnegocios.com.do\/v1\/wp-content\/uploads\/2025\/07\/3-AND09199.jpg\"><img loading=\"lazy\" decoding=\"async\" class=\"aligncenter size-full wp-image-72056\" src=\"http:\/\/elmundodelosnegocios.com.do\/v1\/wp-content\/uploads\/2025\/07\/3-AND09199.jpg\" alt=\"\" width=\"850\" height=\"450\" srcset=\"https:\/\/elmundodelosnegocios.com.do\/v1\/wp-content\/uploads\/2025\/07\/3-AND09199.jpg 850w, https:\/\/elmundodelosnegocios.com.do\/v1\/wp-content\/uploads\/2025\/07\/3-AND09199-300x159.jpg 300w, https:\/\/elmundodelosnegocios.com.do\/v1\/wp-content\/uploads\/2025\/07\/3-AND09199-768x407.jpg 768w\" sizes=\"auto, (max-width: 850px) 100vw, 850px\" \/><\/a><\/p>\n<p>En particular, la incubadora de carbono completa el equipamiento del laboratorio de citogen\u00e9tica, \u00fanico en el pa\u00eds, donde se realizan pruebas avanzadas como an\u00e1lisis cromos\u00f3micos en muestras prenatales, de sangre perif\u00e9rica, m\u00e9dula \u00f3sea, linfomas y tumores s\u00f3lidos.<\/p>\n<p>Durante la actividad, el presidente ejecutivo del Grupo Popular, se\u00f1or Ren\u00e9 Grull\u00f3n Finet, destac\u00f3 que estos aportes trascienden su valor t\u00e9cnico y \u201ccada uno representa la oportunidad de salvar vidas y de ofrecer confianza a las familias\u00bb.<\/p>\n<p>\u201cEn el Grupo Popular creemos firmemente que nuestra visi\u00f3n va m\u00e1s all\u00e1 del \u00e1mbito financiero. Impulsar iniciativas como esta es una manifestaci\u00f3n tangible de nuestro compromiso con el desarrollo sostenible y con el porvenir de la naci\u00f3n\u00bb, expres\u00f3 el se\u00f1or Grull\u00f3n Finet.<\/p>\n<p><strong>M\u00e1s de dos d\u00e9cadas de colaboraci\u00f3n<\/strong><\/p>\n<p>Desde hace m\u00e1s de 20 a\u00f1os, el Banco Popular, filial del Grupo Popular, mantiene una alianza con el HUMNSA, enfocada en reducir la mortalidad neonatal mediante la provisi\u00f3n de insumos y equipos m\u00e9dicos.<\/p>\n<p>En 2014, la Fundaci\u00f3n Popular lanz\u00f3 el Proyecto Hospital Modelo para la Reducci\u00f3n de la Mortalidad Materno-Neonatal, en colaboraci\u00f3n con el Ministerio de Salud P\u00fablica, el Servicio Nacional de Salud y el Fondo de Poblaci\u00f3n de las Naciones Unidas (UNFPA). Esta iniciativa promueve la calidad del servicio, alineada con los Objetivos de Desarrollo Sostenible.<\/p>\n<p>Entre los logros del proyecto se destacan la mejora en la atenci\u00f3n de urgencias obst\u00e9tricas y neonatales, el aumento en la supervivencia de neonatos y la habilitaci\u00f3n de espacios especializados como la sala de simulaci\u00f3n del parto. El modelo tambi\u00e9n ha impulsado alianzas acad\u00e9micas con la Universidad Aut\u00f3noma de Santo Domingo (UASD) y la Universidad de Chile, consolidando al HUMNSA como un centro hospitalario docente de referencia nacional.<\/p>\n<p><strong>Representaci\u00f3n institucional<\/strong><\/p>\n<p>El acto de entrega cont\u00f3 con la participaci\u00f3n de ejecutivos y autoridades del sector, quienes destacaron la importancia de esta colaboraci\u00f3n para el fortalecimiento del sistema de salud y la asistencia materno-infantil en el pa\u00eds.<\/p>\n<p>En representaci\u00f3n del Popular participaron los se\u00f1ores Jos\u00e9 M\u00e1rmol, vicepresidente ejecutivo de Comunicaciones Corporativas, Reputaci\u00f3n y Banca Responsable; Mariel Bera, vicepresidenta de \u00c1rea Relaciones Corporativas y Banca Responsable y Dabeiba Agramonte, gerente de la Divisi\u00f3n de Proyectos de la Fundaci\u00f3n Popular.<\/p>\n<p>Por parte del HUMNSA estuvieron presentes los se\u00f1ores Jorge Jim\u00e9nez, director; Franka Valois, subdirectora m\u00e9dica; y Gloria Selman, presidenta del Patronato Pro-Maternidad Nuestra Se\u00f1ora de la Altagracia, as\u00ed como miembros del equipo directivo m\u00e9dico.<\/p>\n<p>En representaci\u00f3n del UNFPA asistieron los se\u00f1ores Mario Serrano Marte, representante nacional y Dulce Chah\u00edn, oficial de programas.<\/p>\n","protected":false},"excerpt":{"rendered":"<p>El aporte, valorado en RD$7.5 millones, fortalece \u00e1reas cr\u00edticas de cirug\u00eda, cuidados neonatales y diagn\u00f3stico gen\u00e9tico\u200b Santo Domingo, D.N.\u00a0\u2013\u00a0El Grupo Popular realiz\u00f3 la entrega formal de nuevos equipos m\u00e9dicos al&hellip; <\/p>\n","protected":false},"author":2,"featured_media":72054,"comment_status":"closed","ping_status":"closed","sticky":false,"template":"","format":"standard","meta":{"fifu_image_url":"","fifu_image_alt":"","footnotes":""},"categories":[78],"tags":[],"class_list":["post-72053","post","type-post","status-publish","format-standard","has-post-thumbnail","hentry","category-con-responsabilidad"],"_links":{"self":[{"href":"https:\/\/elmundodelosnegocios.com.do\/v1\/wp-json\/wp\/v2\/posts\/72053","targetHints":{"allow":["GET"]}}],"collection":[{"href":"https:\/\/elmundodelosnegocios.com.do\/v1\/wp-json\/wp\/v2\/posts"}],"about":[{"href":"https:\/\/elmundodelosnegocios.com.do\/v1\/wp-json\/wp\/v2\/types\/post"}],"author":[{"embeddable":true,"href":"https:\/\/elmundodelosnegocios.com.do\/v1\/wp-json\/wp\/v2\/users\/2"}],"replies":[{"embeddable":true,"href":"https:\/\/elmundodelosnegocios.com.do\/v1\/wp-json\/wp\/v2\/comments?post=72053"}],"version-history":[{"count":1,"href":"https:\/\/elmundodelosnegocios.com.do\/v1\/wp-json\/wp\/v2\/posts\/72053\/revisions"}],"predecessor-version":[{"id":72057,"href":"https:\/\/elmundodelosnegocios.com.do\/v1\/wp-json\/wp\/v2\/posts\/72053\/revisions\/72057"}],"wp:featuredmedia":[{"embeddable":true,"href":"https:\/\/elmundodelosnegocios.com.do\/v1\/wp-json\/wp\/v2\/media\/72054"}],"wp:attachment":[{"href":"https:\/\/elmundodelosnegocios.com.do\/v1\/wp-json\/wp\/v2\/media?parent=72053"}],"wp:term":[{"taxonomy":"category","embeddable":true,"href":"https:\/\/elmundodelosnegocios.com.do\/v1\/wp-json\/wp\/v2\/categories?post=72053"},{"taxonomy":"post_tag","embeddable":true,"href":"https:\/\/elmundodelosnegocios.com.do\/v1\/wp-json\/wp\/v2\/tags?post=72053"}],"curies":[{"name":"wp","href":"https:\/\/api.w.org\/{rel}","templated":true}]}}