{"id":72058,"date":"2025-07-24T09:17:19","date_gmt":"2025-07-24T13:47:19","guid":{"rendered":"https:\/\/www.elmundodelosnegocios.com.do\/v1\/?p=72058"},"modified":"2025-07-24T09:17:19","modified_gmt":"2025-07-24T13:47:19","slug":"la-jac-afirma-rd-conquista-nuevos-destinos-directos-tras-firmas-de-acuerdos-internacionales","status":"publish","type":"post","link":"https:\/\/elmundodelosnegocios.com.do\/v1\/la-jac-afirma-rd-conquista-nuevos-destinos-directos-tras-firmas-de-acuerdos-internacionales\/","title":{"rendered":"La JAC afirma RD conquista nuevos destinos directos tras firmas de acuerdos internacionales"},"content":{"rendered":"<p><strong>Santo Domingo.<\/strong>\u00a0\u2013 El acuerdo de Cielos Abiertos entre la Rep\u00fablica Dominicana y Estados Unidos, se fortalece con miras a aumentar la frecuencia de vuelos, permitir la entrada de nuevas aerol\u00edneas y lograr una reducci\u00f3n progresiva de tarifas a\u00e9reas, afirm\u00f3 el presidente de la Junta de Aviaci\u00f3n Civil (JAC).<\/p>\n<p><a href=\"http:\/\/elmundodelosnegocios.com.do\/v1\/wp-content\/uploads\/2025\/07\/0a513092-2b30-4478-8720-e2e9d9750e9d.jpeg\"><img loading=\"lazy\" decoding=\"async\" class=\"aligncenter size-full wp-image-72059\" src=\"http:\/\/elmundodelosnegocios.com.do\/v1\/wp-content\/uploads\/2025\/07\/0a513092-2b30-4478-8720-e2e9d9750e9d.jpeg\" alt=\"\" width=\"1280\" height=\"853\" srcset=\"https:\/\/elmundodelosnegocios.com.do\/v1\/wp-content\/uploads\/2025\/07\/0a513092-2b30-4478-8720-e2e9d9750e9d.jpeg 1280w, https:\/\/elmundodelosnegocios.com.do\/v1\/wp-content\/uploads\/2025\/07\/0a513092-2b30-4478-8720-e2e9d9750e9d-300x200.jpeg 300w, https:\/\/elmundodelosnegocios.com.do\/v1\/wp-content\/uploads\/2025\/07\/0a513092-2b30-4478-8720-e2e9d9750e9d-1024x682.jpeg 1024w, https:\/\/elmundodelosnegocios.com.do\/v1\/wp-content\/uploads\/2025\/07\/0a513092-2b30-4478-8720-e2e9d9750e9d-768x512.jpeg 768w\" sizes=\"auto, (max-width: 1280px) 100vw, 1280px\" \/><\/a><\/p>\n<p>Al resaltar que la Rep\u00fablica Dominicana tiene acuerdos a\u00e9reos con m\u00e1s de 70 pa\u00edses, H\u00e9ctor Porcella se\u00f1al\u00f3 que, dentro de los m\u00e1s importantes se encuentra el de los Estados Unidos, por la cantidad de turistas norteamericanos que nos visitan y por ser nuestro principal socio comercial.<\/p>\n<p>En entrevista en el programa televisivo Matinal, de Telemicro, el funcionario abord\u00f3 el acuerdo firmado recientemente con Argentina, en diciembre del 2024, el cual ya est\u00e1 rindiendo frutos: los pasajes est\u00e1n bajando y l\u00edneas a\u00e9reas dominicanas est\u00e1n volando directo al cono Sur, a ciudades como Buenos Aires y C\u00f3rdoba. Indic\u00f3 que las aerol\u00edneas argentinas no solo llegan a Santo Domingo, sino tambi\u00e9n a Punta Cana.<\/p>\n<p>Por otro lado, anunci\u00f3 que, pese a que aerol\u00edneas francesas se hab\u00edan retirado del pa\u00eds, Air France se comprometi\u00f3 a retomar su ruta Par\u00eds \u2013 Rep\u00fablica Dominicana, a principios del 2026.<\/p>\n<p>Sobre Rusia, y su visita a ese pa\u00eds hace unas semanas, el presidente de la JAC revel\u00f3 que aerol\u00edneas rusas han mostrado inter\u00e9s en volver a operar vuelos ch\u00e1rteres hacia Rep\u00fablica Dominicana, especialmente hacia Punta Cana. Sin embargo, explic\u00f3 que, aunque las aerol\u00edneas ya tienen aeronaves propias y est\u00e1n listas para volar, el reinicio de operaciones depender\u00e1 de un acuerdo pol\u00edtico y diplom\u00e1tico de alto nivel.<\/p>\n<p>Con estas acciones, la Rep\u00fablica Dominicana se consolida como uno de los pa\u00edses m\u00e1s din\u00e1micos en aviaci\u00f3n civil de Am\u00e9rica Latina y el Caribe, impulsando el turismo, las exportaciones, la inversi\u00f3n y la creaci\u00f3n de empleos a trav\u00e9s de una pol\u00edtica de conectividad a\u00e9rea existente y con proyecci\u00f3n.<\/p>\n<p><strong>Avances modernizaci\u00f3n AILA.<\/strong><\/p>\n<p>En cuanto a la modernizaci\u00f3n del Aeropuerto Internacional de Las Am\u00e9ricas (AILA), Porcella dijo que avanza con la ampliaci\u00f3n de su terminal, un nuevo parqueo, y con la proyecci\u00f3n de la construcci\u00f3n de un nuevo hotel, dentro de la misma zona del aeropuerto. Explic\u00f3 que tambi\u00e9n est\u00e1 reservado estrat\u00e9gicamente un espacio adicional para la segunda pista de aterrizaje, entre la actual pista y el Puerto de Caucedo.<\/p>\n<p><strong>Conectividad a\u00e9rea en RD y Venezuela<\/strong><\/p>\n<p>Respecto a Venezuela, indic\u00f3 que existe inter\u00e9s por parte de autoridades aeron\u00e1uticas de ese pa\u00eds para restablecer rutas suspendidas, pero reiter\u00f3 que la reapertura depender\u00e1 de una decisi\u00f3n diplom\u00e1tica coordinada entre la Canciller\u00eda y la Presidencia.<\/p>\n<p>Con base en esa aclaraci\u00f3n Porcella dijo, \u201c\u00bfC\u00f3mo podemos abrir una conectividad a\u00e9rea si ni siquiera tenemos un c\u00f3nsul all\u00e1?\u2026 es un tema que sobrepasa el \u00e1mbito de la aviaci\u00f3n. Es un asunto de Estado y obviamente el presidente siempre va a tomar la decisi\u00f3n que m\u00e1s beneficie a la Rep\u00fablica Dominicana\u201d. Por eso este tema requiere una evaluaci\u00f3n cuidadosa, puntualiz\u00f3 el funcionario.<\/p>\n<p>Porcella reconoci\u00f3 que, debido esa la falta de conectividad a\u00e9rea, muchos dominicanos permanecen en Venezuela sin posibilidad de regresar, al igual que numerosos ciudadanos venezolanos que residen en el pa\u00eds enfrentan dificultades para viajar o renovar su documentaci\u00f3n; al tiempo que asegur\u00f3 que, ante esta situaci\u00f3n, existe una presi\u00f3n creciente por parte de ambas comunidades. Sin embargo, reiter\u00f3 que el Gobierno dominicano se mantiene en sesi\u00f3n permanente, coordinando ese tema, ya que cualquier decisi\u00f3n sobre el restablecimiento de los vuelos deber\u00e1 estar precedida por la normalizaci\u00f3n de las relaciones diplom\u00e1ticas entre ambos pa\u00edses.<\/p>\n","protected":false},"excerpt":{"rendered":"<p>Santo Domingo.\u00a0\u2013 El acuerdo de Cielos Abiertos entre la Rep\u00fablica Dominicana y Estados Unidos, se fortalece con miras a aumentar la frecuencia de vuelos, permitir la entrada de nuevas aerol\u00edneas&hellip; <\/p>\n","protected":false},"author":2,"featured_media":72059,"comment_status":"closed","ping_status":"closed","sticky":false,"template":"","format":"standard","meta":{"fifu_image_url":"","fifu_image_alt":"","footnotes":""},"categories":[169],"tags":[],"class_list":["post-72058","post","type-post","status-publish","format-standard","has-post-thumbnail","hentry","category-transporte-internacional"],"_links":{"self":[{"href":"https:\/\/elmundodelosnegocios.com.do\/v1\/wp-json\/wp\/v2\/posts\/72058","targetHints":{"allow":["GET"]}}],"collection":[{"href":"https:\/\/elmundodelosnegocios.com.do\/v1\/wp-json\/wp\/v2\/posts"}],"about":[{"href":"https:\/\/elmundodelosnegocios.com.do\/v1\/wp-json\/wp\/v2\/types\/post"}],"author":[{"embeddable":true,"href":"https:\/\/elmundodelosnegocios.com.do\/v1\/wp-json\/wp\/v2\/users\/2"}],"replies":[{"embeddable":true,"href":"https:\/\/elmundodelosnegocios.com.do\/v1\/wp-json\/wp\/v2\/comments?post=72058"}],"version-history":[{"count":1,"href":"https:\/\/elmundodelosnegocios.com.do\/v1\/wp-json\/wp\/v2\/posts\/72058\/revisions"}],"predecessor-version":[{"id":72060,"href":"https:\/\/elmundodelosnegocios.com.do\/v1\/wp-json\/wp\/v2\/posts\/72058\/revisions\/72060"}],"wp:featuredmedia":[{"embeddable":true,"href":"https:\/\/elmundodelosnegocios.com.do\/v1\/wp-json\/wp\/v2\/media\/72059"}],"wp:attachment":[{"href":"https:\/\/elmundodelosnegocios.com.do\/v1\/wp-json\/wp\/v2\/media?parent=72058"}],"wp:term":[{"taxonomy":"category","embeddable":true,"href":"https:\/\/elmundodelosnegocios.com.do\/v1\/wp-json\/wp\/v2\/categories?post=72058"},{"taxonomy":"post_tag","embeddable":true,"href":"https:\/\/elmundodelosnegocios.com.do\/v1\/wp-json\/wp\/v2\/tags?post=72058"}],"curies":[{"name":"wp","href":"https:\/\/api.w.org\/{rel}","templated":true}]}}