{"id":72075,"date":"2025-07-24T09:53:01","date_gmt":"2025-07-24T14:23:01","guid":{"rendered":"https:\/\/www.elmundodelosnegocios.com.do\/v1\/?p=72075"},"modified":"2025-07-24T09:53:01","modified_gmt":"2025-07-24T14:23:01","slug":"ministerio-de-turismo-pospone-para-el-9-de-agosto-su-novedoso-proyecto-ritmo-de-la-costa","status":"publish","type":"post","link":"https:\/\/elmundodelosnegocios.com.do\/v1\/ministerio-de-turismo-pospone-para-el-9-de-agosto-su-novedoso-proyecto-ritmo-de-la-costa\/","title":{"rendered":"Ministerio de Turismo pospone para el 9 de agosto su novedoso proyecto \u201cRitmo de la Costa\u201d"},"content":{"rendered":"<p><span lang=\"es\">Santo Domingo.\u2013\u00a0<strong>El Ministerio de Turismo<\/strong>\u00a0pospuso para el\u00a0<strong>9 de agosto<\/strong>\u00a0el inicio de su nueva plataforma de promoci\u00f3n \u201c<strong>Ritmo de la Costa\u201d,<\/strong>\u00a0que se extender\u00e1\u00a0<strong>hasta el 29 de noviembre<\/strong>\u00a0en diferentes provincias del pa\u00eds.\u00a0<\/span><\/p>\n<p><img loading=\"lazy\" decoding=\"async\" class=\"aligncenter size-full\" src=\"https:\/\/presidencia.gob.do\/sites\/default\/files\/styles\/large\/public\/news\/2025-07\/Turismo.jpg?itok=Qd8phtJ0\" width=\"1300\" height=\"731\" \/><\/p>\n<p><span lang=\"es\">El prop\u00f3sito principal del proyecto es\u00a0<strong>fomentar el turismo local,<\/strong>\u00a0dotando a las comunidades de\u00a0<strong>atractivas experiencias culturales y art\u00edsticas,<\/strong>\u00a0y al mismo tiempo estimular y promover el merengue, reconocido como\u00a0<strong>Patrimonio Inmaterial de la Humanidad.<\/strong><\/span><\/p>\n<p><span lang=\"es\">A trav\u00e9s de activaciones mensuales, que se realizar\u00e1n el\u00a0<strong>\u00faltimo s\u00e1bado de cada mes,<\/strong>\u00a0se busca tambi\u00e9n resaltar la\u00a0<strong>importancia de los espacios p\u00fablicos<\/strong>\u00a0y fomentar la\u00a0<strong>cohesi\u00f3n social<\/strong>\u00a0en cada uno de los destinos involucrados.\u00a0<\/span><\/p>\n<p><img loading=\"lazy\" decoding=\"async\" src=\"https:\/\/presidencia.gob.do\/sites\/default\/files\/inline-images\/exp-hori%20%281%29.png\" width=\"4000\" height=\"2250\" data-entity-uuid=\"19aef0b0-31e6-411f-b92b-8494a7e49336\" data-entity-type=\"file\" \/><\/p>\n<p><span lang=\"es\">La novedosa iniciativa arranca el s\u00e1bado 9 de agosto en el\u00a0<strong>malec\u00f3n del municipio Santo Domingo Este,<\/strong>\u00a0con la presentaci\u00f3n de\u00a0<strong>To\u00f1o Rosario<\/strong>.\u00a0<\/span><\/p>\n<p><span lang=\"es\">A trav\u00e9s de \u201cRitmo de la Costa\u201d se busca destacar la\u00a0<strong>riqueza cultural<\/strong>\u00a0del pa\u00eds y proporcionar a visitantes,\u00a0<strong>nacionales y extranjeros,<\/strong>\u00a0experiencias memorables que fortalezcan el aprecio por nuestra\u00a0<strong>m\u00fasica y tradiciones<\/strong>.<\/span><\/p>\n<p><span lang=\"es\">Este proyecto tiene como objetivo impactar de manera significativa las provincias de\u00a0<strong>Santo Domingo, La Romana, Saman\u00e1, San Crist\u00f3bal, Mar\u00eda Trinidad S\u00e1nchez<\/strong>, entre otras, mediante una serie de actividades tur\u00edsticas y culturales.\u00a0<\/span><\/p>\n<p><span lang=\"es\">\u201cRitmo de la Costa\u201d continuar\u00e1 teniendo como escenario el\u00a0<strong>Malec\u00f3n de Caleta, La Romana,<\/strong>\u00a0mientras que, en septiembre, la nueva plataforma dejar\u00e1 sus huellas de alegr\u00eda en el reci\u00e9n inaugurado\u00a0<strong>Malec\u00f3n de Saman\u00e1.<\/strong><\/span><\/p>\n","protected":false},"excerpt":{"rendered":"<p>Santo Domingo.\u2013\u00a0El Ministerio de Turismo\u00a0pospuso para el\u00a09 de agosto\u00a0el inicio de su nueva plataforma de promoci\u00f3n \u201cRitmo de la Costa\u201d,\u00a0que se extender\u00e1\u00a0hasta el 29 de noviembre\u00a0en diferentes provincias del pa\u00eds.\u00a0&hellip; <\/p>\n","protected":false},"author":2,"featured_media":72076,"comment_status":"closed","ping_status":"closed","sticky":false,"template":"","format":"standard","meta":{"fifu_image_url":"https:\/\/presidencia.gob.do\/sites\/default\/files\/styles\/large\/public\/news\/2025-07\/Turismo.jpg?itok=Qd8phtJ0","fifu_image_alt":"","footnotes":""},"categories":[172],"tags":[],"class_list":["post-72075","post","type-post","status-publish","format-standard","has-post-thumbnail","hentry","category-turismo"],"_links":{"self":[{"href":"https:\/\/elmundodelosnegocios.com.do\/v1\/wp-json\/wp\/v2\/posts\/72075","targetHints":{"allow":["GET"]}}],"collection":[{"href":"https:\/\/elmundodelosnegocios.com.do\/v1\/wp-json\/wp\/v2\/posts"}],"about":[{"href":"https:\/\/elmundodelosnegocios.com.do\/v1\/wp-json\/wp\/v2\/types\/post"}],"author":[{"embeddable":true,"href":"https:\/\/elmundodelosnegocios.com.do\/v1\/wp-json\/wp\/v2\/users\/2"}],"replies":[{"embeddable":true,"href":"https:\/\/elmundodelosnegocios.com.do\/v1\/wp-json\/wp\/v2\/comments?post=72075"}],"version-history":[{"count":1,"href":"https:\/\/elmundodelosnegocios.com.do\/v1\/wp-json\/wp\/v2\/posts\/72075\/revisions"}],"predecessor-version":[{"id":72077,"href":"https:\/\/elmundodelosnegocios.com.do\/v1\/wp-json\/wp\/v2\/posts\/72075\/revisions\/72077"}],"wp:featuredmedia":[{"embeddable":true,"href":"https:\/\/elmundodelosnegocios.com.do\/v1\/wp-json\/wp\/v2\/media\/72076"}],"wp:attachment":[{"href":"https:\/\/elmundodelosnegocios.com.do\/v1\/wp-json\/wp\/v2\/media?parent=72075"}],"wp:term":[{"taxonomy":"category","embeddable":true,"href":"https:\/\/elmundodelosnegocios.com.do\/v1\/wp-json\/wp\/v2\/categories?post=72075"},{"taxonomy":"post_tag","embeddable":true,"href":"https:\/\/elmundodelosnegocios.com.do\/v1\/wp-json\/wp\/v2\/tags?post=72075"}],"curies":[{"name":"wp","href":"https:\/\/api.w.org\/{rel}","templated":true}]}}