{"id":72078,"date":"2025-07-24T09:56:05","date_gmt":"2025-07-24T14:26:05","guid":{"rendered":"https:\/\/www.elmundodelosnegocios.com.do\/v1\/?p=72078"},"modified":"2025-07-24T09:56:05","modified_gmt":"2025-07-24T14:26:05","slug":"forthing-expande-su-presencia-con-el-lanzamiento-de-2-nuevos-modelos-v3-y-m5","status":"publish","type":"post","link":"https:\/\/elmundodelosnegocios.com.do\/v1\/forthing-expande-su-presencia-con-el-lanzamiento-de-2-nuevos-modelos-v3-y-m5\/","title":{"rendered":"Forthing expande su presencia con el lanzamiento de 2 nuevos modelos V3 y M5"},"content":{"rendered":"<p>Los principales ejecutivos del Grupo Avant eligieron escoger el showroom Forthing, ubicado en la Ave. Charles Summer Numero 8. La marca automotriz Forthing, distribuida exclusivamente en Rep\u00fablica Dominicana por Grupo Avant, contin\u00faa fortaleciendo su presencia en el mercado nacional con la incorporaci\u00f3n de dos nuevos modelos de veh\u00edculos comerciales: Forthing V3 y Forthing M5.<\/p>\n<p><img loading=\"lazy\" decoding=\"async\" class=\"aligncenter size-full\" src=\"https:\/\/diariosocialrd.com\/wp-content\/uploads\/2025\/07\/Foto-Principal-Cristian-Tactuk-Sergio-Ferreras-Jose-Augusto-Munoz-Dario-Lama-y-Gianni-Cavagliano-1170x997.jpg\" width=\"1170\" height=\"997\" \/><\/p>\n<p>La presentaci\u00f3n de bienvenida estuvo a cargo de Tommy Terrero, se\u00f1alando que desde su llegada al pa\u00eds en agosto de 2023, Forthing se ha enfocado en construir una propuesta de valor s\u00f3lida basada en innovaci\u00f3n, tecnolog\u00eda y calidad, ofreciendo veh\u00edculos con dise\u00f1o moderno, eficiencia energ\u00e9tica y precios competitivos. En esta nueva etapa, la marca apuesta al sector comercial con dos soluciones dise\u00f1adas para responder a las exigencias de transporte y log\u00edstica del mercado local.<\/p>\n<figure class=\"wp-block-image size-large\"><a href=\"https:\/\/diariosocialrd.com\/wp-content\/uploads\/2025\/07\/Foto-9-Van-Forthing-V3.jpeg\" data-rel=\"penci-gallery-image-content\"><img loading=\"lazy\" decoding=\"async\" class=\"wp-image-234709 aligncenter\" src=\"https:\/\/diariosocialrd.com\/wp-content\/uploads\/2025\/07\/Foto-9-Van-Forthing-V3-819x1024.jpeg\" sizes=\"auto, (max-width: 819px) 100vw, 819px\" srcset=\"https:\/\/diariosocialrd.com\/wp-content\/uploads\/2025\/07\/Foto-9-Van-Forthing-V3-819x1024.jpeg 819w, https:\/\/diariosocialrd.com\/wp-content\/uploads\/2025\/07\/Foto-9-Van-Forthing-V3-240x300.jpeg 240w, https:\/\/diariosocialrd.com\/wp-content\/uploads\/2025\/07\/Foto-9-Van-Forthing-V3-768x960.jpeg 768w, https:\/\/diariosocialrd.com\/wp-content\/uploads\/2025\/07\/Foto-9-Van-Forthing-V3-585x731.jpeg 585w, https:\/\/diariosocialrd.com\/wp-content\/uploads\/2025\/07\/Foto-9-Van-Forthing-V3.jpeg 1080w\" alt=\"\" width=\"819\" height=\"1024\" \/><\/a><\/figure>\n<p>\u201cLa Forthing V3 es una van compacta ideal para emprendedores, peque\u00f1as y medianas empresas que buscan una soluci\u00f3n \u00e1gil y econ\u00f3mica para sus operaciones diarias Con una capacidad de carga de hasta 650 kilogramos, un motor de 1.6L de 4 cilindros para garantizar un consumo eficiente de combustible \u00a0y un dise\u00f1o pensado para maniobrar f\u00e1cilmente en entornos urbanos, la V3 se presenta como la aliada perfecta para negocios din\u00e1micos, puntualiz\u00f3, Sergio Ferreras, Gerente de Forthing\u201d<\/p>\n<p>Por su parte, la Forthing M5 es una van multiprop\u00f3sito de mayor tama\u00f1o, enfocada en empresas que requieren mayor volumen de carga o transporte de pasajeros. Ofrece un amplio espacio interior con una capacidad de carga de hasta 600 kilogramos, motor robusto 1.6L Dongfeng y tecnolog\u00eda de asistencia al conductor, combinando rendimiento con comodidad y seguridad.<\/p>\n<p>Adem\u00e1s de su incursi\u00f3n en el segmento comercial, Forthing ha introducido en el pa\u00eds modelos a la vanguardia del mercado como el T5 EVO, T5 Heatwave y T5 HEV. Estos veh\u00edculos representan una oferta diferenciada que busca posicionarse entre las opciones preferidas de los consumidores dominicanos, gracias a su equilibrio entre dise\u00f1o, desempe\u00f1o y tecnolog\u00eda.<\/p>\n<p>Con experiencia en el sector automotriz y una visi\u00f3n centrada en el crecimiento sostenible, Grupo Avant trabaja para acercar al p\u00fablico a opciones modernas, confiables y adaptadas a las nuevas necesidades del mercado.<\/p>\n<figure class=\"wp-block-image size-large\"><a href=\"https:\/\/diariosocialrd.com\/wp-content\/uploads\/2025\/07\/Foto-1-Tommy-Terrero-y-Maria-Belen-Del-Risco.jpg\" data-rel=\"penci-gallery-image-content\"><img loading=\"lazy\" decoding=\"async\" class=\"wp-image-234710 aligncenter\" src=\"https:\/\/diariosocialrd.com\/wp-content\/uploads\/2025\/07\/Foto-1-Tommy-Terrero-y-Maria-Belen-Del-Risco-728x1024.jpg\" sizes=\"auto, (max-width: 728px) 100vw, 728px\" srcset=\"https:\/\/diariosocialrd.com\/wp-content\/uploads\/2025\/07\/Foto-1-Tommy-Terrero-y-Maria-Belen-Del-Risco-728x1024.jpg 728w, https:\/\/diariosocialrd.com\/wp-content\/uploads\/2025\/07\/Foto-1-Tommy-Terrero-y-Maria-Belen-Del-Risco-213x300.jpg 213w, https:\/\/diariosocialrd.com\/wp-content\/uploads\/2025\/07\/Foto-1-Tommy-Terrero-y-Maria-Belen-Del-Risco-768x1080.jpg 768w, https:\/\/diariosocialrd.com\/wp-content\/uploads\/2025\/07\/Foto-1-Tommy-Terrero-y-Maria-Belen-Del-Risco-1093x1536.jpg 1093w, https:\/\/diariosocialrd.com\/wp-content\/uploads\/2025\/07\/Foto-1-Tommy-Terrero-y-Maria-Belen-Del-Risco-1170x1645.jpg 1170w, https:\/\/diariosocialrd.com\/wp-content\/uploads\/2025\/07\/Foto-1-Tommy-Terrero-y-Maria-Belen-Del-Risco-585x822.jpg 585w, https:\/\/diariosocialrd.com\/wp-content\/uploads\/2025\/07\/Foto-1-Tommy-Terrero-y-Maria-Belen-Del-Risco.jpg 1200w\" alt=\"\" width=\"728\" height=\"1024\" \/><\/a><\/figure>\n<p>Con esta nueva apuesta, Forthing ampl\u00eda su portafolio de productos y refuerza su presencia como una marca que ofrece soluciones para el entorno empresarial.<\/p>\n<p><strong>Sobre Grupo Avant<\/strong><\/p>\n<p>Grupo Avant es una empresa dominicana con sede en Santo Domingo, establecida en el a\u00f1o 2017. Si bien sus ra\u00edces se remontan a un conglomerado familiar fundado en 1949 con una s\u00f3lida trayectoria en el sector automotriz, se ha consolidado como una entidad independiente, heredando un legado de \u00e9xito y experiencia. Representante oficial en Rep\u00fablica Dominicana de reconocidas marcas como: Citro\u00ebn, Bestune, ZX, Forthing, Eicher. La empresa tambi\u00e9n es l\u00edder en el mercado dominicano como proveedor de reconocidas marcas de motocicletas, incluyendo: KTM, Royal Enfield, Moto Morini, Haojue, Suzuki Motorcycles, Sur-Ron, Beta Motors, entre otras.<\/p>\n","protected":false},"excerpt":{"rendered":"<p>Los principales ejecutivos del Grupo Avant eligieron escoger el showroom Forthing, ubicado en la Ave. Charles Summer Numero 8. La marca automotriz Forthing, distribuida exclusivamente en Rep\u00fablica Dominicana por Grupo&hellip; <\/p>\n","protected":false},"author":2,"featured_media":72079,"comment_status":"closed","ping_status":"closed","sticky":false,"template":"","format":"standard","meta":{"fifu_image_url":"https:\/\/diariosocialrd.com\/wp-content\/uploads\/2025\/07\/Foto-Principal-Cristian-Tactuk-Sergio-Ferreras-Jose-Augusto-Munoz-Dario-Lama-y-Gianni-Cavagliano-1170x997.jpg","fifu_image_alt":"","footnotes":""},"categories":[157],"tags":[],"class_list":["post-72078","post","type-post","status-publish","format-standard","has-post-thumbnail","hentry","category-marketing"],"_links":{"self":[{"href":"https:\/\/elmundodelosnegocios.com.do\/v1\/wp-json\/wp\/v2\/posts\/72078","targetHints":{"allow":["GET"]}}],"collection":[{"href":"https:\/\/elmundodelosnegocios.com.do\/v1\/wp-json\/wp\/v2\/posts"}],"about":[{"href":"https:\/\/elmundodelosnegocios.com.do\/v1\/wp-json\/wp\/v2\/types\/post"}],"author":[{"embeddable":true,"href":"https:\/\/elmundodelosnegocios.com.do\/v1\/wp-json\/wp\/v2\/users\/2"}],"replies":[{"embeddable":true,"href":"https:\/\/elmundodelosnegocios.com.do\/v1\/wp-json\/wp\/v2\/comments?post=72078"}],"version-history":[{"count":1,"href":"https:\/\/elmundodelosnegocios.com.do\/v1\/wp-json\/wp\/v2\/posts\/72078\/revisions"}],"predecessor-version":[{"id":72080,"href":"https:\/\/elmundodelosnegocios.com.do\/v1\/wp-json\/wp\/v2\/posts\/72078\/revisions\/72080"}],"wp:featuredmedia":[{"embeddable":true,"href":"https:\/\/elmundodelosnegocios.com.do\/v1\/wp-json\/wp\/v2\/media\/72079"}],"wp:attachment":[{"href":"https:\/\/elmundodelosnegocios.com.do\/v1\/wp-json\/wp\/v2\/media?parent=72078"}],"wp:term":[{"taxonomy":"category","embeddable":true,"href":"https:\/\/elmundodelosnegocios.com.do\/v1\/wp-json\/wp\/v2\/categories?post=72078"},{"taxonomy":"post_tag","embeddable":true,"href":"https:\/\/elmundodelosnegocios.com.do\/v1\/wp-json\/wp\/v2\/tags?post=72078"}],"curies":[{"name":"wp","href":"https:\/\/api.w.org\/{rel}","templated":true}]}}