{"id":7209,"date":"2021-06-23T07:14:02","date_gmt":"2021-06-23T11:44:02","guid":{"rendered":"http:\/\/elmundodelosnegocios.com.do\/v1\/?p=7209"},"modified":"2021-06-23T07:14:02","modified_gmt":"2021-06-23T11:44:02","slug":"bid-anuncia-medidas-para-fortalecer-insercion-internacional-de-america-latina-y-caribe","status":"publish","type":"post","link":"https:\/\/elmundodelosnegocios.com.do\/v1\/bid-anuncia-medidas-para-fortalecer-insercion-internacional-de-america-latina-y-caribe\/","title":{"rendered":"BID anuncia medidas para fortalecer inserci\u00f3n internacional de Am\u00e9rica Latina y Caribe"},"content":{"rendered":"<p>BARRANQUILLA, Colombia &#8212; El Banco Interamericano de Desarrollo pondr\u00e1 una serie de herramientas financieras y no financieras a disposici\u00f3n de los pa\u00edses y las empresas de Am\u00e9rica Latina y el Caribe, para apoyar su inserci\u00f3n internacional e impulsar su recuperaci\u00f3n econ\u00f3mica tras la pandemia, el presidente del BID, Mauricio Claver-Carone anunci\u00f3 hoy.<\/p>\n<p>El conjunto de medidas incluye pr\u00e9stamos con y sin garant\u00eda soberana, financiamiento no reembolsable para programas de cooperaciones t\u00e9cnicas, y servicios de asesor\u00eda financiera.<\/p>\n<p>El anuncio fue realizado durante un seminario virtual sobre cadenas regionales de valor, en el marco de la Reuni\u00f3n Anual del BID que est\u00e1 ocurriendo en formato virtual en la ciudad colombiana de Barranquilla.<\/p>\n<p>\u201cAm\u00e9rica Latina y el Caribe debe hacer un esfuerzo para lograr una mayor integraci\u00f3n regional que, a su vez, le permita insertarse de manera m\u00e1s eficiente al mundo\u201d, dijo Claver-Carone. \u201cColombia es ya sede de relocalizaci\u00f3n de actividades de servicios tecnol\u00f3gicos, alimentos y bebidas, pl\u00e1sticos y resinas y tiene un fuerte potencial en sectores de la industria farmac\u00e9utica, manufacturas e insumos para calzado, prendas de vestir y textiles, y la industria automotriz\u201d.<\/p>\n<p>\u201cDesde el BID ejerceremos un rol de socio estrat\u00e9gico para apoyar la inserci\u00f3n de Colombia y de toda la regi\u00f3n en las cadenas globales y regionales de valor y crear las oportunidades y el empleo que nuestros ciudadanos necesitan\u201d, agreg\u00f3.<\/p>\n<p>El seminario, \u201cInversi\u00f3n y fortalecimiento de cadenas regionales de valor como motor para la recuperaci\u00f3n econ\u00f3mica \u201d, cont\u00f3 adem\u00e1s con la participaci\u00f3n del presidente de Colombia, Iv\u00e1n Duque; el secretario general de la Organizaci\u00f3n para la Cooperaci\u00f3n y el Desarrollo Econ\u00f3micos (OCDE), \u00c1ngel Gurr\u00eda; el ministro de Comercio, Industria y Turismo de Colombia, Jos\u00e9 Manuel Restrepo; el gerente del Sector de Integraci\u00f3n y Comercio del BID, Fabrizio Opertti; y varios ejecutivos del sector privado.<\/p>\n<p>Am\u00e9rica Latina y el Caribe tienen una baja participaci\u00f3n en las cadenas globales de valor, tanto en su porcentaje de participaci\u00f3n como en las etapas en las que participa, mayormente concentradas en la exportaci\u00f3n de materias primas o derivados. Por ejemplo, el valor agregado extranjero incorporado en las exportaciones de los pa\u00edses de la regi\u00f3n ha oscilado en torno a 18 y 19 por ciento durante los \u00faltimos 30 a\u00f1os, mientras que ese mismo valor alcanza el 33 por ciento para Asia y el 43 por ciento para los pa\u00edses de la Uni\u00f3n Europea.<\/p>\n<p>La explicaci\u00f3n se debe a diversas razones, incluyendo la persistencia de pol\u00edticas restrictivas de comercio, altos costos de transporte y rezagos en el desempe\u00f1o log\u00edstico, altos costos de informaci\u00f3n y deficiencia en la infraestructura de conectividad. El limitado acceso al financiamiento tambi\u00e9n influye en la falta de inserci\u00f3n de las empresas en las cadenas regionales y globales de valor.<\/p>\n<p>Una mayor participaci\u00f3n es clave a medida que los pa\u00edses buscan v\u00edas de recuperaci\u00f3n econ\u00f3mica que genere empleos de alta calidad tras la pandemia Covid-19. El BID estima que al fortalecer sus cadenas regionales de valor en el hemisferio, Am\u00e9rica Latina y el Caribe podr\u00eda aumentar sus exportaciones hacia Estados Unidos en US$70.000 millones con incrementos graduales en sectores como textiles, productos m\u00e9dicos y automotrices.<\/p>\n<p>Las herramientas con las que cuenta el BID buscan fortalecer a las agencias de promoci\u00f3n de inversiones, mejorar la infraestructura f\u00edsica y digital del comercio, y avanzar en la agenda pendiente de modernizaci\u00f3n y armonizaci\u00f3n de acuerdos comerciales y de marcos regulatorios y normativos.<\/p>\n<p>Por cada d\u00f3lar invertido en programas de promoci\u00f3n de exportaciones se generan hasta US$45 en exportaciones adicionales. Estudios del BID indican que una reducci\u00f3n del 10 por ciento en los costos de fletes internacionales de Am\u00e9rica Latina y el Caribe impulsar\u00eda los valores de exportaci\u00f3n en al menos un 30 por ciento y aumentar\u00eda los productos exportados en un 25 por ciento, tanto dentro de la regi\u00f3n como hacia los Estados Unidos.<\/p>\n<p>Acerca del BID<\/p>\n<p>El Banco Interamericano de Desarrollo tiene como misi\u00f3n mejorar vidas. Fundado en 1959, el BID es una de las principales fuentes de financiamiento a largo plazo para el desarrollo econ\u00f3mico, social e institucional de Am\u00e9rica Latina y el Caribe. El BID tambi\u00e9n realiza proyectos de investigaci\u00f3n de vanguardia y ofrece asesor\u00eda sobre pol\u00edticas, asistencia t\u00e9cnica y capacitaci\u00f3n a clientes p\u00fablicos y privados en toda la regi\u00f3n.<\/p>\n","protected":false},"excerpt":{"rendered":"<p>BARRANQUILLA, Colombia &#8212; El Banco Interamericano de Desarrollo pondr\u00e1 una serie de herramientas financieras y no financieras a disposici\u00f3n de los pa\u00edses y las empresas de Am\u00e9rica Latina y el&hellip; <\/p>\n","protected":false},"author":2,"featured_media":7210,"comment_status":"open","ping_status":"open","sticky":false,"template":"","format":"standard","meta":{"fifu_image_url":"","fifu_image_alt":"","footnotes":""},"categories":[94],"tags":[],"class_list":["post-7209","post","type-post","status-publish","format-standard","has-post-thumbnail","hentry","category-finanzas"],"_links":{"self":[{"href":"https:\/\/elmundodelosnegocios.com.do\/v1\/wp-json\/wp\/v2\/posts\/7209","targetHints":{"allow":["GET"]}}],"collection":[{"href":"https:\/\/elmundodelosnegocios.com.do\/v1\/wp-json\/wp\/v2\/posts"}],"about":[{"href":"https:\/\/elmundodelosnegocios.com.do\/v1\/wp-json\/wp\/v2\/types\/post"}],"author":[{"embeddable":true,"href":"https:\/\/elmundodelosnegocios.com.do\/v1\/wp-json\/wp\/v2\/users\/2"}],"replies":[{"embeddable":true,"href":"https:\/\/elmundodelosnegocios.com.do\/v1\/wp-json\/wp\/v2\/comments?post=7209"}],"version-history":[{"count":0,"href":"https:\/\/elmundodelosnegocios.com.do\/v1\/wp-json\/wp\/v2\/posts\/7209\/revisions"}],"wp:featuredmedia":[{"embeddable":true,"href":"https:\/\/elmundodelosnegocios.com.do\/v1\/wp-json\/wp\/v2\/media\/7210"}],"wp:attachment":[{"href":"https:\/\/elmundodelosnegocios.com.do\/v1\/wp-json\/wp\/v2\/media?parent=7209"}],"wp:term":[{"taxonomy":"category","embeddable":true,"href":"https:\/\/elmundodelosnegocios.com.do\/v1\/wp-json\/wp\/v2\/categories?post=7209"},{"taxonomy":"post_tag","embeddable":true,"href":"https:\/\/elmundodelosnegocios.com.do\/v1\/wp-json\/wp\/v2\/tags?post=7209"}],"curies":[{"name":"wp","href":"https:\/\/api.w.org\/{rel}","templated":true}]}}