{"id":72093,"date":"2025-07-25T00:37:17","date_gmt":"2025-07-25T05:07:17","guid":{"rendered":"https:\/\/www.elmundodelosnegocios.com.do\/v1\/?p=72093"},"modified":"2025-07-25T00:37:17","modified_gmt":"2025-07-25T05:07:17","slug":"concierto-siempre-estaras-en-homenaje-a-victor-victor","status":"publish","type":"post","link":"https:\/\/elmundodelosnegocios.com.do\/v1\/concierto-siempre-estaras-en-homenaje-a-victor-victor\/","title":{"rendered":"Concierto \u2018\u2019Siempre estar\u00e1s\u2019 en homenaje a V\u00edctor V\u00edctor"},"content":{"rendered":"<p>La presentaci\u00f3n ser\u00e1 en la Casa de la M\u00fasica, situada en la calle Arzobispo Meri\u00f1o 266, de la Ciudad Colonial<\/p>\n<p><a href=\"http:\/\/elmundodelosnegocios.com.do\/v1\/wp-content\/uploads\/2025\/07\/WhatsApp-Image-2025-07-24-at-5.34.01-PM-780x470-1.jpeg\"><img loading=\"lazy\" decoding=\"async\" class=\"aligncenter size-full wp-image-72094\" src=\"http:\/\/elmundodelosnegocios.com.do\/v1\/wp-content\/uploads\/2025\/07\/WhatsApp-Image-2025-07-24-at-5.34.01-PM-780x470-1.jpeg\" alt=\"\" width=\"780\" height=\"470\" srcset=\"https:\/\/elmundodelosnegocios.com.do\/v1\/wp-content\/uploads\/2025\/07\/WhatsApp-Image-2025-07-24-at-5.34.01-PM-780x470-1.jpeg 780w, https:\/\/elmundodelosnegocios.com.do\/v1\/wp-content\/uploads\/2025\/07\/WhatsApp-Image-2025-07-24-at-5.34.01-PM-780x470-1-300x181.jpeg 300w, https:\/\/elmundodelosnegocios.com.do\/v1\/wp-content\/uploads\/2025\/07\/WhatsApp-Image-2025-07-24-at-5.34.01-PM-780x470-1-768x463.jpeg 768w\" sizes=\"auto, (max-width: 780px) 100vw, 780px\" \/><\/a><\/p>\n<p>El Centro Cultural del Banco de Reservas celebrar\u00e1 este viernes 25 de julio el concierto \u2018\u2019Siempre estar\u00e1s. Recordando a V\u00edctor V\u00edctor\u2019\u2019, que ser\u00e1 un emotivo recorrido por la m\u00fasica del inolvidable cantautor dominicano.<\/p>\n<p>La producci\u00f3n art\u00edstica estar\u00e1 a cargo del reconocido cantautor Manerra, quien ha preparado un espect\u00e1culo especial en homenaje a Vitico, como era cari\u00f1osamente conocido.<\/p>\n<p>La presentaci\u00f3n est\u00e1 programada para las 7:00 de la noche y se efectuar\u00e1 en la Casa de la M\u00fasica, situada en la calle Arzobispo Meri\u00f1o 266, de la Ciudad Colonial. La entrada ser\u00e1 libre para el p\u00fablico hasta completar el aforo. Las reservaciones pueden hacerse llamando al 8099602094 o escribir a centrocultural@banrervas.com<\/p>\n<p>Con una selecci\u00f3n de sus canciones m\u00e1s emblem\u00e1ticas, entre las que se destacan \u2018\u2019Mesita de noche\u2019\u2019 y \u2018\u2019La Casita\u2019\u2019, el espect\u00e1culo recordar\u00e1 c\u00f3mo este gran artista marc\u00f3 la historia de la bachata y proyect\u00f3 la m\u00fasica dominicana a nivel internacional.<\/p>\n<p>El concierto \u2018\u2019Siempre estar\u00e1s\u2019\u2019 solo ser\u00e1 una noche de m\u00fasica, sino tambi\u00e9n una experiencia de conexi\u00f3n entre generaciones a trav\u00e9s de la herencia cultural de un \u00edcono que sigue inspirando a nuevos talentos y emocionando al p\u00fablico.<\/p>\n<p>Para el Banco de los dominicanos, rendir homenaje a la vida y obra de V\u00edctor V\u00edctor es tambi\u00e9n reconocer el valor de un artista comprometido con su identidad, su gente y su legado musical, refiri\u00f3 el Centro Cultural Banreservas.<\/p>\n<p>Esta iniciativa se corresponde con el prop\u00f3sito de Banreservas de reafirmar su compromiso con la promoci\u00f3n del arte y la cultura dominicana, disponiendo de un espacio para reconocer el legado de figuras fundamentales en la historia musical del pa\u00eds.<\/p>\n","protected":false},"excerpt":{"rendered":"<p>La presentaci\u00f3n ser\u00e1 en la Casa de la M\u00fasica, situada en la calle Arzobispo Meri\u00f1o 266, de la Ciudad Colonial El Centro Cultural del Banco de Reservas celebrar\u00e1 este viernes&hellip; <\/p>\n","protected":false},"author":2,"featured_media":72094,"comment_status":"closed","ping_status":"closed","sticky":false,"template":"","format":"standard","meta":{"fifu_image_url":"","fifu_image_alt":"","footnotes":""},"categories":[148],"tags":[],"class_list":["post-72093","post","type-post","status-publish","format-standard","has-post-thumbnail","hentry","category-cultura"],"_links":{"self":[{"href":"https:\/\/elmundodelosnegocios.com.do\/v1\/wp-json\/wp\/v2\/posts\/72093","targetHints":{"allow":["GET"]}}],"collection":[{"href":"https:\/\/elmundodelosnegocios.com.do\/v1\/wp-json\/wp\/v2\/posts"}],"about":[{"href":"https:\/\/elmundodelosnegocios.com.do\/v1\/wp-json\/wp\/v2\/types\/post"}],"author":[{"embeddable":true,"href":"https:\/\/elmundodelosnegocios.com.do\/v1\/wp-json\/wp\/v2\/users\/2"}],"replies":[{"embeddable":true,"href":"https:\/\/elmundodelosnegocios.com.do\/v1\/wp-json\/wp\/v2\/comments?post=72093"}],"version-history":[{"count":1,"href":"https:\/\/elmundodelosnegocios.com.do\/v1\/wp-json\/wp\/v2\/posts\/72093\/revisions"}],"predecessor-version":[{"id":72095,"href":"https:\/\/elmundodelosnegocios.com.do\/v1\/wp-json\/wp\/v2\/posts\/72093\/revisions\/72095"}],"wp:featuredmedia":[{"embeddable":true,"href":"https:\/\/elmundodelosnegocios.com.do\/v1\/wp-json\/wp\/v2\/media\/72094"}],"wp:attachment":[{"href":"https:\/\/elmundodelosnegocios.com.do\/v1\/wp-json\/wp\/v2\/media?parent=72093"}],"wp:term":[{"taxonomy":"category","embeddable":true,"href":"https:\/\/elmundodelosnegocios.com.do\/v1\/wp-json\/wp\/v2\/categories?post=72093"},{"taxonomy":"post_tag","embeddable":true,"href":"https:\/\/elmundodelosnegocios.com.do\/v1\/wp-json\/wp\/v2\/tags?post=72093"}],"curies":[{"name":"wp","href":"https:\/\/api.w.org\/{rel}","templated":true}]}}