{"id":72096,"date":"2025-07-25T00:41:27","date_gmt":"2025-07-25T05:11:27","guid":{"rendered":"https:\/\/www.elmundodelosnegocios.com.do\/v1\/?p=72096"},"modified":"2025-07-25T00:41:27","modified_gmt":"2025-07-25T05:11:27","slug":"incluira-gobierno-dominicano-3000-nuevos-hogares-fondo-nacional-para-ninez-y-adolescencia-con-discapacidad","status":"publish","type":"post","link":"https:\/\/elmundodelosnegocios.com.do\/v1\/incluira-gobierno-dominicano-3000-nuevos-hogares-fondo-nacional-para-ninez-y-adolescencia-con-discapacidad\/","title":{"rendered":"Incluir\u00e1 gobierno dominicano 3,000 nuevos hogares Fondo Nacional para Ni\u00f1ez y Adolescencia con Discapacidad"},"content":{"rendered":"<p style=\"font-weight: 400;\"><strong>Santo Domingo, julio 2025<\/strong>.- El Gobierno dominicano, a trav\u00e9s de la Direcci\u00f3n de Desarrollo Social Sup\u00e9rate y el Consejo Nacional de Discapacidad (CONADIS), anunci\u00f3 la inclusi\u00f3n de 3 mil nuevos ni\u00f1os, ni\u00f1as y adolescentes con discapacidad al Fondo Nacional para la Ni\u00f1ez y Adolescencia con Discapacidad, a partir de agosto de este a\u00f1o.<\/p>\n<p><a href=\"http:\/\/elmundodelosnegocios.com.do\/v1\/wp-content\/uploads\/2025\/07\/El-gobierno-incluira-3-mil-nuevos-hogares-en-el-subsidio-de-proteccion-social-a-menores-con-discapacidad-scaled.jpg\"><img loading=\"lazy\" decoding=\"async\" class=\"aligncenter size-full wp-image-72097\" src=\"http:\/\/elmundodelosnegocios.com.do\/v1\/wp-content\/uploads\/2025\/07\/El-gobierno-incluira-3-mil-nuevos-hogares-en-el-subsidio-de-proteccion-social-a-menores-con-discapacidad-scaled.jpg\" alt=\"\" width=\"2560\" height=\"1440\" srcset=\"https:\/\/elmundodelosnegocios.com.do\/v1\/wp-content\/uploads\/2025\/07\/El-gobierno-incluira-3-mil-nuevos-hogares-en-el-subsidio-de-proteccion-social-a-menores-con-discapacidad-scaled.jpg 2560w, https:\/\/elmundodelosnegocios.com.do\/v1\/wp-content\/uploads\/2025\/07\/El-gobierno-incluira-3-mil-nuevos-hogares-en-el-subsidio-de-proteccion-social-a-menores-con-discapacidad-300x169.jpg 300w, https:\/\/elmundodelosnegocios.com.do\/v1\/wp-content\/uploads\/2025\/07\/El-gobierno-incluira-3-mil-nuevos-hogares-en-el-subsidio-de-proteccion-social-a-menores-con-discapacidad-1024x576.jpg 1024w, https:\/\/elmundodelosnegocios.com.do\/v1\/wp-content\/uploads\/2025\/07\/El-gobierno-incluira-3-mil-nuevos-hogares-en-el-subsidio-de-proteccion-social-a-menores-con-discapacidad-768x432.jpg 768w, https:\/\/elmundodelosnegocios.com.do\/v1\/wp-content\/uploads\/2025\/07\/El-gobierno-incluira-3-mil-nuevos-hogares-en-el-subsidio-de-proteccion-social-a-menores-con-discapacidad-1536x864.jpg 1536w, https:\/\/elmundodelosnegocios.com.do\/v1\/wp-content\/uploads\/2025\/07\/El-gobierno-incluira-3-mil-nuevos-hogares-en-el-subsidio-de-proteccion-social-a-menores-con-discapacidad-2048x1152.jpg 2048w\" sizes=\"auto, (max-width: 2560px) 100vw, 2560px\" \/><\/a><\/p>\n<p style=\"font-weight: 400;\">Este subsidio, con un monto de 6 mil mensuales, est\u00e1 destinado a apoyar a familias con hijos o hijas de entre 0 y 17 a\u00f1os con diagn\u00f3stico de alguna condici\u00f3n de discapacidad; el objetivo es contribuir con la mejora en su calidad de vida, el acceso a servicios y la cobertura de sus necesidades b\u00e1sicas.<\/p>\n<p style=\"font-weight: 400;\">Estas nuevas inclusiones se suman a las 7 mil 600 familias que ya reciben este apoyo, alcanzando un total de 10 mil 600 hogares beneficiados.<\/p>\n<p style=\"font-weight: 400;\">\u201cEl prop\u00f3sito de esta protecci\u00f3n social gubernamental es asegurar que ni\u00f1os, ni\u00f1as y adolescentes con discapacidad puedan disfrutar plenamente de sus derechos, sin discriminaci\u00f3n y en condiciones de dignidad\u201d, indic\u00f3 la directora general de Sup\u00e9rate, Gloria Reyes. \u201cCon estas nuevas inclusiones seguimos avanzando hacia un sistema de protecci\u00f3n social m\u00e1s justo e inclusivo. Son 3 mil vidas m\u00e1s que recibir\u00e1n un respaldo concreto del Estado para su desarrollo integral\u201d.<\/p>\n<p style=\"font-weight: 400;\">El fondo forma parte de una estrategia conjunta entre Sup\u00e9rate y CONADIS que reconoce las barreras adicionales que enfrentan los hogares con personas menores de edad con discapacidad, as\u00ed como el esfuerzo que realizan sus cuidadores para garantizar su bienestar.<\/p>\n<p style=\"font-weight: 400;\">En ese mismo sentido, Benny Metz, presidente del Consejo Nacional de Discapacidad, destac\u00f3 que, \u201cLa inclusi\u00f3n de 3 mil nuevos hogares al Fondo Nacional para Ni\u00f1ez y Adolescencia con Discapacidad representa un avance significativo en las pol\u00edticas p\u00fablicas orientadas a garantizar los derechos de la poblaci\u00f3n con discapacidad. Desde el CONADIS valoramos esta acci\u00f3n del gobierno del presidente Luis Abinader como una muestra del compromiso con la protecci\u00f3n social y el fortalecimiento de los mecanismos de apoyo dirigidos a ni\u00f1as, ni\u00f1os y adolescentes con discapacidad y sus familias\u201d.<\/p>\n<p style=\"font-weight: 400;\"><strong>Criterios de elegibilidad<\/strong><\/p>\n<p style=\"font-weight: 400;\">Podr\u00e1n ser beneficiarias del subsidio las familias que cumplan con los siguientes requisitos: tener uno o m\u00e1s ni\u00f1os, ni\u00f1as o adolescentes (de 0 a 17 a\u00f1os) con una condici\u00f3n de discapacidad; contar con el Certificado de Discapacidad emitido por CONADIS; estar registradas en el Sistema \u00danico de Beneficiarios (SIUBEN) y clasificadas por su \u00cdndice de Calidad de Vida (ICV).<\/p>\n<p style=\"font-weight: 400;\">Se dar\u00e1 prioridad a familias que residan en zonas rurales de dif\u00edcil acceso a servicios de salud, educaci\u00f3n o apoyo terap\u00e9utico, as\u00ed como a aquellas que vivan en barrios en condiciones de pobreza. En los hogares con m\u00e1s de una persona con discapacidad, el subsidio ser\u00e1 proporcional al n\u00famero de integrantes que califiquen.<\/p>\n","protected":false},"excerpt":{"rendered":"<p>Santo Domingo, julio 2025.- El Gobierno dominicano, a trav\u00e9s de la Direcci\u00f3n de Desarrollo Social Sup\u00e9rate y el Consejo Nacional de Discapacidad (CONADIS), anunci\u00f3 la inclusi\u00f3n de 3 mil nuevos&hellip; <\/p>\n","protected":false},"author":2,"featured_media":72097,"comment_status":"closed","ping_status":"closed","sticky":false,"template":"","format":"standard","meta":{"fifu_image_url":"","fifu_image_alt":"","footnotes":""},"categories":[80],"tags":[],"class_list":["post-72096","post","type-post","status-publish","format-standard","has-post-thumbnail","hentry","category-salud"],"_links":{"self":[{"href":"https:\/\/elmundodelosnegocios.com.do\/v1\/wp-json\/wp\/v2\/posts\/72096","targetHints":{"allow":["GET"]}}],"collection":[{"href":"https:\/\/elmundodelosnegocios.com.do\/v1\/wp-json\/wp\/v2\/posts"}],"about":[{"href":"https:\/\/elmundodelosnegocios.com.do\/v1\/wp-json\/wp\/v2\/types\/post"}],"author":[{"embeddable":true,"href":"https:\/\/elmundodelosnegocios.com.do\/v1\/wp-json\/wp\/v2\/users\/2"}],"replies":[{"embeddable":true,"href":"https:\/\/elmundodelosnegocios.com.do\/v1\/wp-json\/wp\/v2\/comments?post=72096"}],"version-history":[{"count":1,"href":"https:\/\/elmundodelosnegocios.com.do\/v1\/wp-json\/wp\/v2\/posts\/72096\/revisions"}],"predecessor-version":[{"id":72098,"href":"https:\/\/elmundodelosnegocios.com.do\/v1\/wp-json\/wp\/v2\/posts\/72096\/revisions\/72098"}],"wp:featuredmedia":[{"embeddable":true,"href":"https:\/\/elmundodelosnegocios.com.do\/v1\/wp-json\/wp\/v2\/media\/72097"}],"wp:attachment":[{"href":"https:\/\/elmundodelosnegocios.com.do\/v1\/wp-json\/wp\/v2\/media?parent=72096"}],"wp:term":[{"taxonomy":"category","embeddable":true,"href":"https:\/\/elmundodelosnegocios.com.do\/v1\/wp-json\/wp\/v2\/categories?post=72096"},{"taxonomy":"post_tag","embeddable":true,"href":"https:\/\/elmundodelosnegocios.com.do\/v1\/wp-json\/wp\/v2\/tags?post=72096"}],"curies":[{"name":"wp","href":"https:\/\/api.w.org\/{rel}","templated":true}]}}