{"id":72102,"date":"2025-07-25T00:55:12","date_gmt":"2025-07-25T05:25:12","guid":{"rendered":"https:\/\/www.elmundodelosnegocios.com.do\/v1\/?p=72102"},"modified":"2025-07-25T00:55:27","modified_gmt":"2025-07-25T05:25:27","slug":"72102-2","status":"publish","type":"post","link":"https:\/\/elmundodelosnegocios.com.do\/v1\/72102-2\/","title":{"rendered":"Destacan rol clave Comisiones Evaluadoras INFOTEP en  validaci\u00f3n competencias"},"content":{"rendered":"<p>Santo Domingo. \u2013 El Instituto Nacional de Formaci\u00f3n T\u00e9cnico Profesional (INFOTEP) realiz\u00f3 su encuentro nacional con los integrantes de las Comisiones Evaluadoras de los egresados de la instituci\u00f3n, en el que mediante un panel de expertos y una conferencia magistral fue abordado el tema de la Democratizaci\u00f3n del Conocimiento.<\/p>\n<p><a href=\"http:\/\/elmundodelosnegocios.com.do\/v1\/wp-content\/uploads\/2025\/07\/Encuento-de-las-Comisiones-Evaluadoras-del-INFOTEP.jpg\"><img loading=\"lazy\" decoding=\"async\" class=\"aligncenter size-full wp-image-72103\" src=\"http:\/\/elmundodelosnegocios.com.do\/v1\/wp-content\/uploads\/2025\/07\/Encuento-de-las-Comisiones-Evaluadoras-del-INFOTEP.jpg\" alt=\"\" width=\"2560\" height=\"1706\" srcset=\"https:\/\/elmundodelosnegocios.com.do\/v1\/wp-content\/uploads\/2025\/07\/Encuento-de-las-Comisiones-Evaluadoras-del-INFOTEP.jpg 2560w, https:\/\/elmundodelosnegocios.com.do\/v1\/wp-content\/uploads\/2025\/07\/Encuento-de-las-Comisiones-Evaluadoras-del-INFOTEP-300x200.jpg 300w, https:\/\/elmundodelosnegocios.com.do\/v1\/wp-content\/uploads\/2025\/07\/Encuento-de-las-Comisiones-Evaluadoras-del-INFOTEP-1024x682.jpg 1024w, https:\/\/elmundodelosnegocios.com.do\/v1\/wp-content\/uploads\/2025\/07\/Encuento-de-las-Comisiones-Evaluadoras-del-INFOTEP-768x512.jpg 768w, https:\/\/elmundodelosnegocios.com.do\/v1\/wp-content\/uploads\/2025\/07\/Encuento-de-las-Comisiones-Evaluadoras-del-INFOTEP-1536x1024.jpg 1536w, https:\/\/elmundodelosnegocios.com.do\/v1\/wp-content\/uploads\/2025\/07\/Encuento-de-las-Comisiones-Evaluadoras-del-INFOTEP-2048x1365.jpg 2048w\" sizes=\"auto, (max-width: 2560px) 100vw, 2560px\" \/><\/a><\/p>\n<p>Rafael Santos Bad\u00eda, director general del INFOTEP ofreci\u00f3 una conferencia magistral titulada \u201cLa democratizaci\u00f3n del conocimiento cient\u00edfico-tecnol\u00f3gico\u201d, donde destac\u00f3 que el conocimiento pr\u00e1ctico, adquirido fuera del aula, debe ser reconocido con el mismo valor que el saber acad\u00e9mico tradicional.<\/p>\n<p>\u201cEn el INFOTEP, como organismo rector de la formaci\u00f3n t\u00e9cnico profesional en la Rep\u00fablica Dominicana, asumimos este desaf\u00edo con visi\u00f3n estrat\u00e9gica, entendiendo que el conocimiento es la base del desarrollo econ\u00f3mico, la cohesi\u00f3n social y la transformaci\u00f3n productiva\u201d afirm\u00f3 Santos Bad\u00eda.<\/p>\n<p><a href=\"http:\/\/elmundodelosnegocios.com.do\/v1\/wp-content\/uploads\/2025\/07\/Rafael-Santos-Badia-director-general-del-INFOTEP-durante-su-ponencia-sobre-La-democratizacion-del-conocimiento-cientifico-tecnologico-2-scaled.jpg\"><img loading=\"lazy\" decoding=\"async\" class=\"aligncenter size-full wp-image-72104\" src=\"http:\/\/elmundodelosnegocios.com.do\/v1\/wp-content\/uploads\/2025\/07\/Rafael-Santos-Badia-director-general-del-INFOTEP-durante-su-ponencia-sobre-La-democratizacion-del-conocimiento-cientifico-tecnologico-2-scaled.jpg\" alt=\"\" width=\"2560\" height=\"1707\" srcset=\"https:\/\/elmundodelosnegocios.com.do\/v1\/wp-content\/uploads\/2025\/07\/Rafael-Santos-Badia-director-general-del-INFOTEP-durante-su-ponencia-sobre-La-democratizacion-del-conocimiento-cientifico-tecnologico-2-scaled.jpg 2560w, https:\/\/elmundodelosnegocios.com.do\/v1\/wp-content\/uploads\/2025\/07\/Rafael-Santos-Badia-director-general-del-INFOTEP-durante-su-ponencia-sobre-La-democratizacion-del-conocimiento-cientifico-tecnologico-2-300x200.jpg 300w, https:\/\/elmundodelosnegocios.com.do\/v1\/wp-content\/uploads\/2025\/07\/Rafael-Santos-Badia-director-general-del-INFOTEP-durante-su-ponencia-sobre-La-democratizacion-del-conocimiento-cientifico-tecnologico-2-1024x683.jpg 1024w, https:\/\/elmundodelosnegocios.com.do\/v1\/wp-content\/uploads\/2025\/07\/Rafael-Santos-Badia-director-general-del-INFOTEP-durante-su-ponencia-sobre-La-democratizacion-del-conocimiento-cientifico-tecnologico-2-768x512.jpg 768w, https:\/\/elmundodelosnegocios.com.do\/v1\/wp-content\/uploads\/2025\/07\/Rafael-Santos-Badia-director-general-del-INFOTEP-durante-su-ponencia-sobre-La-democratizacion-del-conocimiento-cientifico-tecnologico-2-1536x1024.jpg 1536w, https:\/\/elmundodelosnegocios.com.do\/v1\/wp-content\/uploads\/2025\/07\/Rafael-Santos-Badia-director-general-del-INFOTEP-durante-su-ponencia-sobre-La-democratizacion-del-conocimiento-cientifico-tecnologico-2-2048x1366.jpg 2048w\" sizes=\"auto, (max-width: 2560px) 100vw, 2560px\" \/><\/a><\/p>\n<p>\u201cAqu\u00ed no preguntamos d\u00f3nde estudiaste, sino qu\u00e9 sabes hacer con tus manos, con tu mente y con tu coraz\u00f3n\u201d, afirm\u00f3 Santos Bad\u00eda.<\/p>\n<p>Explic\u00f3 que, a trav\u00e9s del reconocimiento de competencias adquiridas en la pr\u00e1ctica, INFOTEP no regala t\u00edtulos, sino que reconoce m\u00e9ritos, valida saberes y devuelve dignidad.<\/p>\n<p>A seguidas, se llev\u00f3 a cabo el panel \u201cC\u00f3mo la democratizaci\u00f3n del conocimiento desarrolla habilidades a lo largo de la vida\u201d, moderado por Rayza Pichardo, directora de competitividad empresarial del INFOTEP.<\/p>\n<p>Cont\u00f3 con la participaci\u00f3n de Eladio Uribe, director corporativo de Recursos Humanos del Central Romana Corporation, Mu-Kien Adriana Sang Ben, presidente de la Junta Directiva del IPES y responsable de la Reforma Educativa Policial.<\/p>\n<p>Asimismo, el padre Jos\u00e9 N\u00fa\u00f1ez M\u00e1rmol (Padre Chepe), y el director Polit\u00e9cnico Instituto Tecnol\u00f3gico San Ignacio de Loyola Dajab\u00f3n.<\/p>\n<p>El encuentro cont\u00f3 con palabras del rector de la Universidad del Caribe (UNICARIBE), Emilio M\u00ednguez Torres, y la directora de Validaci\u00f3n y Certificaci\u00f3n del INFOTEP,\u00a0Ramona Mej\u00eda.<\/p>\n<p>Mej\u00eda resalt\u00f3 que el INFOTEP cuenta con 143 Comisiones Evaluadoras, de las cuales 129 corresponde al nivel t\u00e9cnicos y 14 de Maestros T\u00e9cnicos.<\/p>\n<p><b>Estad\u00edsticas<\/b><\/p>\n<p>M\u00e1s de cuatro mil 900 participantes fueron certificados por el Instituto Nacional de Formaci\u00f3n T\u00e9cnico Profesional (INFOTEP) durante el a\u00f1o 2024, tras superar las pruebas pr\u00e1cticas aplicadas por las Comisiones Evaluadoras, \u00f3rganos responsables de validar el dominio t\u00e9cnico de los egresados en diversas \u00e1reas ocupacionales.<\/p>\n<p>En total, las Comisiones Evaluadoras examinaron a cinco mil 936 participantes, de los cuales cuatro mil 911 aprobaron satisfactoriamente, tras demostrar las competencias requeridas para certificarse como T\u00e9cnicos o Maestros T\u00e9cnicos.<\/p>\n<p>558 participantes fueron certificados en el programa de Formaci\u00f3n Dual; dos mil 58 en Formaci\u00f3n Continua en Centro; 578 en Formaci\u00f3n por Itinerario; y mil 717 en Validaci\u00f3n Ocupacional.<\/p>\n<p><b>\u00bfQu\u00e9 son las Comisiones Evaluadoras?<\/b><\/p>\n<p>Las Comisiones Evaluadoras, integradas por especialistas del \u00e1rea profesional, tienen la responsabilidad de validar los conocimientos tecnol\u00f3gicos y las destrezas adquiridas por los participantes en diversas modalidades formativas: Maestros T\u00e9cnicos, Formaci\u00f3n Dual, Formaci\u00f3n Continua en Centro, y Formaci\u00f3n por Itinerario, incluyendo Habilitaci\u00f3n, Complementaci\u00f3n y Validaci\u00f3n Ocupacional.<\/p>\n<p>El Procedimiento T\u00e9cnico de Evaluaci\u00f3n para T\u00e9cnicos y Maestros T\u00e9cnicos del Sistema Nacional de Formaci\u00f3n Profesional regula su funcionamiento, garantizando que los procesos se realicen conforme a est\u00e1ndares de calidad, imparcialidad y pertinencia laboral.<\/p>\n<p>Las Comisiones Evaluadoras son garantes de la calidad y confiabilidad de los t\u00edtulos y certificados que emite el INFOTEP, al asegurar que los participantes realmente cuentan con las competencias necesarias para insertarse en el mercado laboral.<\/p>\n<p>Los miembros de las comisiones deben cumplir con requisitos como ser expertos en el \u00e1rea ocupacional, tener una experiencia m\u00ednima de cinco a\u00f1os, contar con al menos 25 a\u00f1os de edad, y no haber participado directamente en la formaci\u00f3n de los evaluados, entre otros criterios que aseguran su idoneidad y objetividad.<\/p>\n<p>Durante este proceso, han sido convocadas las comisiones evaluadoras correspondientes a las Direcciones Regionales Metropolitana, Oriental, Cibao Norte, Cibao Sur, Este y Sur, abarcando todas las ocupaciones t\u00e9cnicas impartidas por el INFOTEP a nivel nacional.<\/p>\n<p><b>Integrantes de las comisiones<\/b><\/p>\n<p><b>\u00a0<\/b>Cada comisi\u00f3n est\u00e1 conformada por seis especialistas en las \u00e1reas ocupacionales a evaluar. Entre ellos hay un representante empresarial que funge como presidente; un t\u00e9cnico del \u00e1rea, un representante del INFOTEP y un suplente por cada uno de los titulares.<\/p>\n<p><b>Un modelo que reconoce el m\u00e9rito<\/b><\/p>\n<p><b>\u00a0<\/b>La labor de estas comisiones encuentra sustento en la Ley 116-80, que faculta al INFOTEP a certificar la calificaci\u00f3n profesional de los trabajadores, sin importar d\u00f3nde hayan adquirido sus conocimientos, siempre que cumplan con los criterios t\u00e9cnicos establecidos.<\/p>\n<p>Con estas acciones, el INFOTEP reafirma su compromiso con la inclusi\u00f3n, la excelencia y la validaci\u00f3n del saber emp\u00edrico como herramientas clave para el desarrollo del capital humano y la productividad del pa\u00eds.<\/p>\n","protected":false},"excerpt":{"rendered":"<p>Santo Domingo. \u2013 El Instituto Nacional de Formaci\u00f3n T\u00e9cnico Profesional (INFOTEP) realiz\u00f3 su encuentro nacional con los integrantes de las Comisiones Evaluadoras de los egresados de la instituci\u00f3n, en el&hellip; <\/p>\n","protected":false},"author":2,"featured_media":72103,"comment_status":"closed","ping_status":"closed","sticky":false,"template":"","format":"standard","meta":{"fifu_image_url":"","fifu_image_alt":"","footnotes":""},"categories":[151],"tags":[],"class_list":["post-72102","post","type-post","status-publish","format-standard","has-post-thumbnail","hentry","category-gerencia"],"_links":{"self":[{"href":"https:\/\/elmundodelosnegocios.com.do\/v1\/wp-json\/wp\/v2\/posts\/72102","targetHints":{"allow":["GET"]}}],"collection":[{"href":"https:\/\/elmundodelosnegocios.com.do\/v1\/wp-json\/wp\/v2\/posts"}],"about":[{"href":"https:\/\/elmundodelosnegocios.com.do\/v1\/wp-json\/wp\/v2\/types\/post"}],"author":[{"embeddable":true,"href":"https:\/\/elmundodelosnegocios.com.do\/v1\/wp-json\/wp\/v2\/users\/2"}],"replies":[{"embeddable":true,"href":"https:\/\/elmundodelosnegocios.com.do\/v1\/wp-json\/wp\/v2\/comments?post=72102"}],"version-history":[{"count":2,"href":"https:\/\/elmundodelosnegocios.com.do\/v1\/wp-json\/wp\/v2\/posts\/72102\/revisions"}],"predecessor-version":[{"id":72106,"href":"https:\/\/elmundodelosnegocios.com.do\/v1\/wp-json\/wp\/v2\/posts\/72102\/revisions\/72106"}],"wp:featuredmedia":[{"embeddable":true,"href":"https:\/\/elmundodelosnegocios.com.do\/v1\/wp-json\/wp\/v2\/media\/72103"}],"wp:attachment":[{"href":"https:\/\/elmundodelosnegocios.com.do\/v1\/wp-json\/wp\/v2\/media?parent=72102"}],"wp:term":[{"taxonomy":"category","embeddable":true,"href":"https:\/\/elmundodelosnegocios.com.do\/v1\/wp-json\/wp\/v2\/categories?post=72102"},{"taxonomy":"post_tag","embeddable":true,"href":"https:\/\/elmundodelosnegocios.com.do\/v1\/wp-json\/wp\/v2\/tags?post=72102"}],"curies":[{"name":"wp","href":"https:\/\/api.w.org\/{rel}","templated":true}]}}