{"id":72125,"date":"2025-07-25T01:47:00","date_gmt":"2025-07-25T06:17:00","guid":{"rendered":"https:\/\/www.elmundodelosnegocios.com.do\/v1\/?p=72125"},"modified":"2025-07-25T01:47:00","modified_gmt":"2025-07-25T06:17:00","slug":"sector-empresarial-reitera-rotundo-rechazo-a-la-propuesta-de-reforma-al-codigo-de-trabajo","status":"publish","type":"post","link":"https:\/\/elmundodelosnegocios.com.do\/v1\/sector-empresarial-reitera-rotundo-rechazo-a-la-propuesta-de-reforma-al-codigo-de-trabajo\/","title":{"rendered":"Sector empresarial reitera rotundo rechazo a la propuesta de reforma al c\u00f3digo de trabajo"},"content":{"rendered":"<p>Santo Domingo &#8211; Representantes de m\u00e1s de un centenar de organizaciones empresariales, encabezados por el CONEP y la COPARDOM, expresaron su profunda preocupaci\u00f3n y su rechazo a la aprobaci\u00f3n, en primera lectura, por parte de la C\u00e1mara de Diputados del proyecto de modificaci\u00f3n al C\u00f3digo de Trabajo, y se mostraron en disposici\u00f3n de continuar el di\u00e1logo en torno al mismo.<\/p>\n<p><a href=\"http:\/\/elmundodelosnegocios.com.do\/v1\/wp-content\/uploads\/2025\/07\/Laura-Pena-Izquierdo-Celso-Marranzini-Juio-Brache-y-Cesar-Dargam-1.jpg\"><img loading=\"lazy\" decoding=\"async\" class=\"aligncenter size-full wp-image-72126\" src=\"http:\/\/elmundodelosnegocios.com.do\/v1\/wp-content\/uploads\/2025\/07\/Laura-Pena-Izquierdo-Celso-Marranzini-Juio-Brache-y-Cesar-Dargam-1.jpg\" alt=\"\" width=\"750\" height=\"500\" srcset=\"https:\/\/elmundodelosnegocios.com.do\/v1\/wp-content\/uploads\/2025\/07\/Laura-Pena-Izquierdo-Celso-Marranzini-Juio-Brache-y-Cesar-Dargam-1.jpg 750w, https:\/\/elmundodelosnegocios.com.do\/v1\/wp-content\/uploads\/2025\/07\/Laura-Pena-Izquierdo-Celso-Marranzini-Juio-Brache-y-Cesar-Dargam-1-300x200.jpg 300w\" sizes=\"auto, (max-width: 750px) 100vw, 750px\" \/><\/a><\/p>\n<p>Tras revisar el texto aprobado, reiteraron que mantienen la advertencia realizada en el Senado, de que la pieza desconoce avances previamente consensuados en el di\u00e1logo tripartito, introduce temas no discutidos y omite aspectos fundamentales para la generaci\u00f3n de empleos formales.<\/p>\n<p>\u201cLa Rep\u00fablica Dominicana merece una reforma laboral verdaderamente transformadora, que genere m\u00e1s y mejores empleos, y que contribuya al crecimiento econ\u00f3mico inclusivo, especialmente en un contexto global lleno de desaf\u00edos\u201d, expresaron las organizaciones empresariales. Lamentaron la \u201curgencia\u201d con la que los diputados apresuran el conocimiento de una reforma que desconoce los temas estructurales requeridos para la anhelada modernizaci\u00f3n.<\/p>\n<p>Desde el inicio de las discusiones, el sector empleador resalt\u00f3 la necesidad de actualizar la legislaci\u00f3n laboral. Han reiterado su disposici\u00f3n al di\u00e1logo, con el objetivo de alcanzar un consenso que preserve los derechos fundamentales de los trabajadores, impulse la productividad, fomente la creaci\u00f3n de empleos formales y fortalezca la competitividad de nuestra econom\u00eda. \u201cEsta reforma env\u00eda una se\u00f1al negativa en un momento en que el pa\u00eds enfrenta grandes retos globales, que demandan estabilidad, confianza y visi\u00f3n de futuro\u201d, afirmaron en la nota de prensa.<\/p>\n<p>\u201cInsistimos en que cualquier reforma al C\u00f3digo de Trabajo debe ser fruto de un proceso amplio, participativo y basado en estudios t\u00e9cnicos que eval\u00faen sus impactos econ\u00f3micos y sociales. Esta reforma, en los t\u00e9rminos actuales, hace perder la oportunidad hist\u00f3rica de lograr algo trascendental con el apoyo de toda la sociedad\u201d, afirmaron.<\/p>\n<p>Reiteraron su llamado al Congreso Nacional y a las autoridades competentes a ser prudentes y retomar el di\u00e1logo tripartito, con la participaci\u00f3n activa de empleadores, trabajadores y Gobierno, para construir un marco regulatorio moderno, justo y adaptado a las necesidades del mercado laboral actual y de las futuras generaciones.<\/p>\n","protected":false},"excerpt":{"rendered":"<p>Santo Domingo &#8211; Representantes de m\u00e1s de un centenar de organizaciones empresariales, encabezados por el CONEP y la COPARDOM, expresaron su profunda preocupaci\u00f3n y su rechazo a la aprobaci\u00f3n, en&hellip; <\/p>\n","protected":false},"author":2,"featured_media":72126,"comment_status":"closed","ping_status":"closed","sticky":false,"template":"","format":"standard","meta":{"fifu_image_url":"","fifu_image_alt":"","footnotes":""},"categories":[83],"tags":[],"class_list":["post-72125","post","type-post","status-publish","format-standard","has-post-thumbnail","hentry","category-empresariales-empresariales"],"_links":{"self":[{"href":"https:\/\/elmundodelosnegocios.com.do\/v1\/wp-json\/wp\/v2\/posts\/72125","targetHints":{"allow":["GET"]}}],"collection":[{"href":"https:\/\/elmundodelosnegocios.com.do\/v1\/wp-json\/wp\/v2\/posts"}],"about":[{"href":"https:\/\/elmundodelosnegocios.com.do\/v1\/wp-json\/wp\/v2\/types\/post"}],"author":[{"embeddable":true,"href":"https:\/\/elmundodelosnegocios.com.do\/v1\/wp-json\/wp\/v2\/users\/2"}],"replies":[{"embeddable":true,"href":"https:\/\/elmundodelosnegocios.com.do\/v1\/wp-json\/wp\/v2\/comments?post=72125"}],"version-history":[{"count":1,"href":"https:\/\/elmundodelosnegocios.com.do\/v1\/wp-json\/wp\/v2\/posts\/72125\/revisions"}],"predecessor-version":[{"id":72127,"href":"https:\/\/elmundodelosnegocios.com.do\/v1\/wp-json\/wp\/v2\/posts\/72125\/revisions\/72127"}],"wp:featuredmedia":[{"embeddable":true,"href":"https:\/\/elmundodelosnegocios.com.do\/v1\/wp-json\/wp\/v2\/media\/72126"}],"wp:attachment":[{"href":"https:\/\/elmundodelosnegocios.com.do\/v1\/wp-json\/wp\/v2\/media?parent=72125"}],"wp:term":[{"taxonomy":"category","embeddable":true,"href":"https:\/\/elmundodelosnegocios.com.do\/v1\/wp-json\/wp\/v2\/categories?post=72125"},{"taxonomy":"post_tag","embeddable":true,"href":"https:\/\/elmundodelosnegocios.com.do\/v1\/wp-json\/wp\/v2\/tags?post=72125"}],"curies":[{"name":"wp","href":"https:\/\/api.w.org\/{rel}","templated":true}]}}