{"id":72134,"date":"2025-07-25T01:56:13","date_gmt":"2025-07-25T06:26:13","guid":{"rendered":"https:\/\/www.elmundodelosnegocios.com.do\/v1\/?p=72134"},"modified":"2025-07-25T01:56:13","modified_gmt":"2025-07-25T06:26:13","slug":"documental-el-pico-duarte-llega-a-los-cines","status":"publish","type":"post","link":"https:\/\/elmundodelosnegocios.com.do\/v1\/documental-el-pico-duarte-llega-a-los-cines\/","title":{"rendered":"Documental El Pico Duarte llega a los Cines"},"content":{"rendered":"<p><i>Centro Cuesta Nacional (CCN) invita a conocer el documental El Pico Duarte, una producci\u00f3n de Monte Sereno Films, que estar\u00e1 disponible inicialmente en salas seleccionadas de Caribbean Cinemas en Santo Domingo y Santiago.<\/i><\/p>\n<figure id=\"attachment_72135\" aria-describedby=\"caption-attachment-72135\" style=\"width: 2560px\" class=\"wp-caption aligncenter\"><a href=\"http:\/\/elmundodelosnegocios.com.do\/v1\/wp-content\/uploads\/2025\/07\/4101-Foto-Principal-I-Arturo-Dickson-Mariana-Rubio-Mariana-Vargas-Amalia-Vega-y-Mario-Daivalos-scaled.jpg\"><img loading=\"lazy\" decoding=\"async\" class=\"size-full wp-image-72135\" src=\"http:\/\/elmundodelosnegocios.com.do\/v1\/wp-content\/uploads\/2025\/07\/4101-Foto-Principal-I-Arturo-Dickson-Mariana-Rubio-Mariana-Vargas-Amalia-Vega-y-Mario-Daivalos-scaled.jpg\" alt=\"Arturo Dickson, Mariana Rubio, Mariana Vargas, Amalia Vega y Mario D\u00e1valos\" width=\"2560\" height=\"1783\" srcset=\"https:\/\/elmundodelosnegocios.com.do\/v1\/wp-content\/uploads\/2025\/07\/4101-Foto-Principal-I-Arturo-Dickson-Mariana-Rubio-Mariana-Vargas-Amalia-Vega-y-Mario-Daivalos-scaled.jpg 2560w, https:\/\/elmundodelosnegocios.com.do\/v1\/wp-content\/uploads\/2025\/07\/4101-Foto-Principal-I-Arturo-Dickson-Mariana-Rubio-Mariana-Vargas-Amalia-Vega-y-Mario-Daivalos-300x209.jpg 300w, https:\/\/elmundodelosnegocios.com.do\/v1\/wp-content\/uploads\/2025\/07\/4101-Foto-Principal-I-Arturo-Dickson-Mariana-Rubio-Mariana-Vargas-Amalia-Vega-y-Mario-Daivalos-1024x713.jpg 1024w, https:\/\/elmundodelosnegocios.com.do\/v1\/wp-content\/uploads\/2025\/07\/4101-Foto-Principal-I-Arturo-Dickson-Mariana-Rubio-Mariana-Vargas-Amalia-Vega-y-Mario-Daivalos-768x535.jpg 768w, https:\/\/elmundodelosnegocios.com.do\/v1\/wp-content\/uploads\/2025\/07\/4101-Foto-Principal-I-Arturo-Dickson-Mariana-Rubio-Mariana-Vargas-Amalia-Vega-y-Mario-Daivalos-1536x1070.jpg 1536w, https:\/\/elmundodelosnegocios.com.do\/v1\/wp-content\/uploads\/2025\/07\/4101-Foto-Principal-I-Arturo-Dickson-Mariana-Rubio-Mariana-Vargas-Amalia-Vega-y-Mario-Daivalos-2048x1426.jpg 2048w\" sizes=\"auto, (max-width: 2560px) 100vw, 2560px\" \/><\/a><figcaption id=\"caption-attachment-72135\" class=\"wp-caption-text\">Arturo Dickson, Mariana Rubio, Mariana Vargas, Amalia Vega y Mario D\u00e1valos<\/figcaption><\/figure>\n<p><b>Santo Domingo, Rep\u00fablica Dominicana.-\u00a0<\/b>Desde hace m\u00e1s de 40 a\u00f1os no se realiza una pieza dedicada al monumento natural Pico Duarte, la monta\u00f1a m\u00e1s alta del Caribe. Con el apoyo de\u00a0Centro Cuesta Nacional (CCN), y en el marco de su proyecto Orgullo de Mi Tierra, Monte Sereno Films realiz\u00f3 el documental \u201cEl Pico Duarte\u201d. El film, distribuido por Caribbean Cinemas, explora la naturaleza, las comunidades y experiencias que se viven en\u00a0la\u00a0monta\u00f1a m\u00e1s alta del Caribe. Con la codirecci\u00f3n de Mariana Rubio Pittaluga y Arturo Dickson, el documental sigue la historia de varios personajes en su recorrido al Pico Duarte, mostrando su capacidad de transformar a todos los que lo visitan.<\/p>\n<p>&nbsp;<\/p>\n<p>Luego de presentarse con \u00e9xito en el lV Festival Fine Arts \u201cHecho en RD\u201d de Caribbean Cinemas, el documental ahora llega a distintas salas de la cadena de cine en el pa\u00eds, iniciando en Downtown Center y Fine Arts Novocentro en Santo Domingo, y en el renovado cine de Plaza Internacional de Santiago. Este documental busca ser un aporte para que los dominicanos conozcan por medio de esta gran producci\u00f3n cinematogr\u00e1fica sobre uno de los puntos geogr\u00e1ficos m\u00e1s relevantes del pa\u00eds, que sirve de guardi\u00e1n a un inventario sin igual de recursos naturales.<\/p>\n<p>&nbsp;<\/p>\n<p>\u201cEs una invitaci\u00f3n a desconectarse del mundo moderno y a reencontrarse con la naturaleza. A trav\u00e9s de sus paisajes y de las experiencias de excursionistas, descubrimos la historia de esta monta\u00f1a, la vida de sus comunidades, la importancia del turismo responsable, y la necesidad de conservar y proteger estos parques nacionales y su flora end\u00e9mica, y el yacimiento de los principales r\u00edos de la isla\u201d, expres\u00f3\u00a0Mariana Rubio Pittaluga, codirectora de \u201cEl Pico Duarte\u201d.<\/p>\n<p>&nbsp;<\/p>\n<p>A su entender, en el coraz\u00f3n de la Cordillera Central de la Rep\u00fablica Dominicana, las monta\u00f1as llaman a los excursionistas a una b\u00fasqueda m\u00e1s profunda: paz, reflexi\u00f3n y una conexi\u00f3n con su esencia.<\/p>\n<p>&nbsp;<\/p>\n<p>Amalia Vega, vicepresidente de Comunicaci\u00f3n Corporativa y Relaciones Institucionales de CCN explic\u00f3 que la empresa apoy\u00f3 el documental por la manera en la cual refuerza un lugar \u00fanico en Rep\u00fablica Dominicana. \u201cPara Centro Cuesta Nacional, que tiene a\u00f1os respaldando el cine local, fue importante apoyar este documental, ya que muestra la relevancia del Pico Duarte para el pa\u00eds, y las razones por las cuales debemos proteger esta zona y sus comunidades aleda\u00f1as para las generaciones futuras\u201d, mencion\u00f3. Continu\u00f3 diciendo que, \u201cEste documental tambi\u00e9n va en l\u00ednea con nuestro proyecto Orgullo de Mi Tierra, y nos muestra un lugar extraordinario que nos destaca en el Caribe insular, lo cual nos debe hacer sentir muy orgullosos\u201d.<\/p>\n<p>&nbsp;<\/p>\n<p>El largometraje muestra la relaci\u00f3n que tiene el Pico Duarte con la conformaci\u00f3n de la conciencia medioambiental colectiva del pueblo dominicano, y como las zonas que rodean la monta\u00f1a juegan un rol fundamental para la conservaci\u00f3n de la biodiversidad y cuencas importantes de agua en el pa\u00eds.<\/p>\n<p>Mario D\u00e1valos,\u00a0presidente del Consejo\u00a0de La Sociedad y uno de los productores ejecutivos del documental, agreg\u00f3\u00a0detalles sobre c\u00f3mo naci\u00f3\u00a0la idea original del proyecto diciendo que, \u201cSiempre\u00a0he sido apasionado del mundo\u00a0natural\u00a0y sus retos en el mundo moderno. En ese contexto,\u00a0la idea naci\u00f3 con el inter\u00e9s de mostrar este\u00a0tesoro natural, un\u00a0Caribe inesperado\u00a0y\u00a0pedazo tan \u00fanico de nuestra tierra que es el Pico Duarte\u201d.<\/p>\n<p>El elenco del documental est\u00e1 conformado por Thais Herrera, Emil Vega, Iv\u00e1n G\u00f3mez, Mario D\u00e1valos, Raymundo V\u00e1squez \u201cEl Americano\u00bb y su hijo, Juan Carlos V\u00e1squez, permitiendo al espectador percibir c\u00f3mo viven de manera diferente cada subida al Pico Duarte cada uno de estos excursionistas, junto a expertos en diversas ramas.<\/p>\n<p>El proceso de desarrollo del largometraje conllev\u00f3 6 viajes al Pico Duarte en distintas \u00e9pocas del a\u00f1o, por las rutas de La Ci\u00e9naga de Manabao, en La Vega, Mata Grande, en Santiago, Sabaneta, en San Juan y el pueblo de El Tetero en Azua, con un equipo de 18 personas. Cuenta el codirector Arturo Dickson, \u201cDurante 6 expediciones a trav\u00e9s de las cuatro rutas principales al Pico para grabar, en cada viaje nos acompa\u00f1aban m\u00e1s de 10 gu\u00edas, algunos que hasta terminaron siendo protagonistas de la pel\u00edcula\u201d. Agreg\u00f3 que, para la grabaci\u00f3n, se realizaron m\u00e1s de 10 entrevistas a historiadores, ambientalistas, senderistas, especialistas en biodiversidad, dirigentes comunitarios, gu\u00edas, entre otros.<\/p>\n<p>Entre los expertos consultados para el documental, se encuentran Alina Bello, Yohan N\u00fa\u00f1ez, Teodoro Clase, Elizabeth S\u00e9ptimo, Yommi Yaciel Pi\u00f1a, Frank Moya Pons, Bernardo Vega Boyrie, Andr\u00e9s Ferrer Benzo, Kyra Montague, Constancio Jos\u00e9 Cass\u00e1, Jimmy Abreu, Ger\u00f3nimo Antonio Abreu, Roberto Cass\u00e1, entre otros.<\/p>\n<p>El Pico Duarte es un documental que logra conjugar el esparcimiento del saber con las experiencias humanas de aquellos que habitan en las comunidades aleda\u00f1as a la monta\u00f1a, los retos personales que suponen hacer este recorrido por cualquiera de sus rutas, y la importancia de que todos los dominicanos conozcan este maravilloso destino y lo conserven para futuras generaciones.<\/p>\n<p><b><u>Sobre los directores<\/u><\/b><\/p>\n<p><b>Arturo Garc\u00eda Dickson<\/b><\/p>\n<p>Productor, codirector y post productor del documental \u201cEl Pico Duarte\u201d, de su casa productora Monte Sereno Films, es un productor, guionista, director y post productor con m\u00e1s de 10 a\u00f1os de experiencia en la industria audiovisual. Estudi\u00f3 Dise\u00f1o y Producci\u00f3n de Sonido en Nueva York y Comunicaci\u00f3n Audiovisual en Buenos Aires. A lo largo de su carrera ha producido, dirigido y editado videoclips, comerciales y contenido de marca a trav\u00e9s de su productora Lazybear Studios. Idea original y productor asociado en la pel\u00edcula \u201cCuarencena\u201d. Director y editor de las pel\u00edculas \u201cIsla del Sabor I e Isla del Sabor II.<\/p>\n<p>&nbsp;<\/p>\n<p><b>Mariana Rubio Pittaluga<\/b><\/p>\n<p>Productora de su \u00f3pera prima \u201cEl Pico Duarte\u201d, la cual coescribe, codirige y produce para su productora de cine Monte Sereno Films. Es licenciada en cine en Madrid, trabaj\u00f3 durante 6 a\u00f1os en cine, TV y radio en Buenos Aires. Cofundadora de la productora Lazybear Studios con la cual produce y codirige cortos publicitarios para marcas como Reebok, Mercedes Benz con personalidades como Run The Jewels y Massimo Bottura. Co-escritora del documental Isla del Sabor e Isla del Sabor II. Cuenta con m\u00e1s de 15 a\u00f1os de experiencia como cofundadora, directora creativa y programadora de Jos\u00e9 Ignacio International Film Festival en Uruguay.<\/p>\n<p><b>\u00a0<\/b><\/p>\n<p>&nbsp;<\/p>\n<p><b><u>Sobre CCN\u00a0<\/u><\/b><u>\u00a0<\/u><\/p>\n<p>Centro Cuesta Nacional es el grupo de venta al detalle m\u00e1s diverso de Rep\u00fablica Dominicana. Cuenta con seis unidades de negocios y un extenso portafolio de formatos de negocios de calidad reconocida.\u00a0\u00a0CCN actualmente opera 61 tiendas en todo el pa\u00eds, que incluyen Supermercados Nacional, los hipermercados Jumbo, MercaJumbo, la distribuidora Manuel Gonz\u00e1lez Cuesta, y las tiendas Casa Cuesta, Casa Cuesta Electro, Bebemundo, Juguet\u00f3n, Cuesta Libros, La Bodega, Ferreter\u00eda Cuesta. Adem\u00e1s, gestiona una panader\u00eda industrial, un centro de distribuci\u00f3n y una planta de procesamiento de carne certificada en ISO 9001:2015.\u00a0Grupo CCN est\u00e1 comprometido con el desarrollo de nuestra gente y nuestro pa\u00eds.<\/p>\n","protected":false},"excerpt":{"rendered":"<p>Centro Cuesta Nacional (CCN) invita a conocer el documental El Pico Duarte, una producci\u00f3n de Monte Sereno Films, que estar\u00e1 disponible inicialmente en salas seleccionadas de Caribbean Cinemas en Santo&hellip; <\/p>\n","protected":false},"author":2,"featured_media":72135,"comment_status":"closed","ping_status":"closed","sticky":false,"template":"","format":"standard","meta":{"fifu_image_url":"","fifu_image_alt":"","footnotes":""},"categories":[64],"tags":[],"class_list":["post-72134","post","type-post","status-publish","format-standard","has-post-thumbnail","hentry","category-telecomunicaciones"],"_links":{"self":[{"href":"https:\/\/elmundodelosnegocios.com.do\/v1\/wp-json\/wp\/v2\/posts\/72134","targetHints":{"allow":["GET"]}}],"collection":[{"href":"https:\/\/elmundodelosnegocios.com.do\/v1\/wp-json\/wp\/v2\/posts"}],"about":[{"href":"https:\/\/elmundodelosnegocios.com.do\/v1\/wp-json\/wp\/v2\/types\/post"}],"author":[{"embeddable":true,"href":"https:\/\/elmundodelosnegocios.com.do\/v1\/wp-json\/wp\/v2\/users\/2"}],"replies":[{"embeddable":true,"href":"https:\/\/elmundodelosnegocios.com.do\/v1\/wp-json\/wp\/v2\/comments?post=72134"}],"version-history":[{"count":1,"href":"https:\/\/elmundodelosnegocios.com.do\/v1\/wp-json\/wp\/v2\/posts\/72134\/revisions"}],"predecessor-version":[{"id":72136,"href":"https:\/\/elmundodelosnegocios.com.do\/v1\/wp-json\/wp\/v2\/posts\/72134\/revisions\/72136"}],"wp:featuredmedia":[{"embeddable":true,"href":"https:\/\/elmundodelosnegocios.com.do\/v1\/wp-json\/wp\/v2\/media\/72135"}],"wp:attachment":[{"href":"https:\/\/elmundodelosnegocios.com.do\/v1\/wp-json\/wp\/v2\/media?parent=72134"}],"wp:term":[{"taxonomy":"category","embeddable":true,"href":"https:\/\/elmundodelosnegocios.com.do\/v1\/wp-json\/wp\/v2\/categories?post=72134"},{"taxonomy":"post_tag","embeddable":true,"href":"https:\/\/elmundodelosnegocios.com.do\/v1\/wp-json\/wp\/v2\/tags?post=72134"}],"curies":[{"name":"wp","href":"https:\/\/api.w.org\/{rel}","templated":true}]}}