{"id":72144,"date":"2025-07-28T07:59:44","date_gmt":"2025-07-28T12:29:44","guid":{"rendered":"https:\/\/www.elmundodelosnegocios.com.do\/v1\/?p=72144"},"modified":"2025-07-28T07:59:44","modified_gmt":"2025-07-28T12:29:44","slug":"ministro-joel-santos-destaca-importancia-de-la-linea-de-transmision-138-kv-en-el-cruce-de-ocoa-ocoa","status":"publish","type":"post","link":"https:\/\/elmundodelosnegocios.com.do\/v1\/ministro-joel-santos-destaca-importancia-de-la-linea-de-transmision-138-kv-en-el-cruce-de-ocoa-ocoa\/","title":{"rendered":"Ministro Joel Santos destaca importancia de la l\u00ednea de transmisi\u00f3n 138 kV en el Cruce de Ocoa\u2013Ocoa"},"content":{"rendered":"<p dir=\"ltr\">San Jos\u00e9 de Ocoa.-\u00a0 El ministro de Energ\u00eda y Minas (MEM),\u00a0<strong>Joel Santos<\/strong>, destac\u00f3 la importancia que reviste para la\u00a0<strong>regi\u00f3n Sur<\/strong>\u00a0del pa\u00eds la\u00a0<strong>l\u00ednea de transmisi\u00f3<\/strong>n de 138 kilovoltios en el\u00a0<strong>Cruce de Ocoa\u2013Ocoa<\/strong>, inaugurada este s\u00e1bado por el presidente de la Rep\u00fablica<strong>, Luis Abinader<\/strong>.<\/p>\n<p dir=\"ltr\"><img loading=\"lazy\" decoding=\"async\" class=\"aligncenter size-full\" src=\"https:\/\/presidencia.gob.do\/sites\/default\/files\/styles\/large\/public\/news\/2025-07\/Imagen%20de%20WhatsApp%202025-07-27%20a%20las%2009.55.19_3abd9c8e.jpg?itok=FDri-srt\" width=\"1300\" height=\"731\" \/><\/p>\n<p dir=\"ltr\">Santos indic\u00f3 que la obra, ejecutada por la\u00a0<strong>Empresa de Transmisi\u00f3n El\u00e9ctrica Dominicana (ETED)<\/strong>, con una inversi\u00f3n que supera los\u00a0<strong>RD 293 millones<\/strong>, representa un nuevo paso en el fortalecimiento de<strong>\u00a0la capacidad y confiabilidad del Sistema El\u00e9ctrico Nacional Interconectado (SENI)<\/strong>, que impulsa el Gobierno.<\/p>\n<p dir=\"ltr\"><em>\u201cEste logro se suma a otro hito reciente: la entrada en operaci\u00f3n de la l\u00ednea de 345 kilovoltios Montecristi\u2013El Naranjo, con 128 kil\u00f3metros de extensi\u00f3n, que tambi\u00e9n fortalece la infraestructura el\u00e9ctrica en la regi\u00f3n Norte\u201d,<\/em>\u00a0expres\u00f3 Santos durante su disertaci\u00f3n en el acto inaugural.<\/p>\n<p dir=\"ltr\">El ministro de Energ\u00eda y Minas felicit\u00f3 al administrador de la ETED,\u00a0<strong>Mart\u00edn Robles<\/strong>, por la\u00a0<strong>labor incansable<\/strong>\u00a0que ha venido realizando al frente de la instituci\u00f3n, con la puesta en marcha del\u00a0<strong>Plan de Expansi\u00f3n del Sistema de Transmisi\u00f3n 2021\u20132035<\/strong>, alineado con la\u00a0<strong>Estrategia Nacional de Desarrollo 2030.<\/strong><\/p>\n<p dir=\"ltr\">El administrador de la ETED explic\u00f3 que la nueva l\u00ednea tiene 24 kil\u00f3metros de longitud, est\u00e1 aislada a 138 kV, cuenta con 97 apoyos, 73 torres reticuladas de acero galvanizado y\u00a0<strong>24 postes met\u00e1licos autosoportables<\/strong>, dise\u00f1ados para resistir\u00a0<strong>vientos de hasta 200 kil\u00f3metros por hora.<\/strong><\/p>\n<p dir=\"ltr\">Detall\u00f3 que la nueva infraestructura el\u00e9ctrica cuenta con aisladores polim\u00e9ricos y conductores que permiten una capacidad de transporte de 140 MW, as\u00ed como un cable de guarda OPGW de 24 fibras,\u00a0<strong>con miras a desarrollar en el futuro nuevos nodos \u00f3pticos<\/strong>\u00a0que mejoren la conectividad y la comunicaci\u00f3n en la provincia San Jos\u00e9 de Ocoa.<\/p>\n<p>Con la nueva red el\u00e9ctrica puesta en operaci\u00f3n, se sustituye una\u00a0<strong>antigua l\u00ednea de 69 kV<\/strong>, construida en 1981 con postes de madera, la cual, con las\u00a0<strong>constantes fallas operativas\u00a0<\/strong>por envejecimiento del conductor, afectaba la estabilidad del servicio el\u00e9ctrico en la regi\u00f3n.<\/p>\n","protected":false},"excerpt":{"rendered":"<p>San Jos\u00e9 de Ocoa.-\u00a0 El ministro de Energ\u00eda y Minas (MEM),\u00a0Joel Santos, destac\u00f3 la importancia que reviste para la\u00a0regi\u00f3n Sur\u00a0del pa\u00eds la\u00a0l\u00ednea de transmisi\u00f3n de 138 kilovoltios en el\u00a0Cruce de&hellip; <\/p>\n","protected":false},"author":2,"featured_media":72145,"comment_status":"closed","ping_status":"closed","sticky":false,"template":"","format":"standard","meta":{"fifu_image_url":"https:\/\/presidencia.gob.do\/sites\/default\/files\/styles\/large\/public\/news\/2025-07\/Imagen%20de%20WhatsApp%202025-07-27%20a%20las%2009.55.19_3abd9c8e.jpg?itok=FDri-srt","fifu_image_alt":"","footnotes":""},"categories":[182],"tags":[],"class_list":["post-72144","post","type-post","status-publish","format-standard","has-post-thumbnail","hentry","category-energia"],"_links":{"self":[{"href":"https:\/\/elmundodelosnegocios.com.do\/v1\/wp-json\/wp\/v2\/posts\/72144","targetHints":{"allow":["GET"]}}],"collection":[{"href":"https:\/\/elmundodelosnegocios.com.do\/v1\/wp-json\/wp\/v2\/posts"}],"about":[{"href":"https:\/\/elmundodelosnegocios.com.do\/v1\/wp-json\/wp\/v2\/types\/post"}],"author":[{"embeddable":true,"href":"https:\/\/elmundodelosnegocios.com.do\/v1\/wp-json\/wp\/v2\/users\/2"}],"replies":[{"embeddable":true,"href":"https:\/\/elmundodelosnegocios.com.do\/v1\/wp-json\/wp\/v2\/comments?post=72144"}],"version-history":[{"count":1,"href":"https:\/\/elmundodelosnegocios.com.do\/v1\/wp-json\/wp\/v2\/posts\/72144\/revisions"}],"predecessor-version":[{"id":72146,"href":"https:\/\/elmundodelosnegocios.com.do\/v1\/wp-json\/wp\/v2\/posts\/72144\/revisions\/72146"}],"wp:featuredmedia":[{"embeddable":true,"href":"https:\/\/elmundodelosnegocios.com.do\/v1\/wp-json\/wp\/v2\/media\/72145"}],"wp:attachment":[{"href":"https:\/\/elmundodelosnegocios.com.do\/v1\/wp-json\/wp\/v2\/media?parent=72144"}],"wp:term":[{"taxonomy":"category","embeddable":true,"href":"https:\/\/elmundodelosnegocios.com.do\/v1\/wp-json\/wp\/v2\/categories?post=72144"},{"taxonomy":"post_tag","embeddable":true,"href":"https:\/\/elmundodelosnegocios.com.do\/v1\/wp-json\/wp\/v2\/tags?post=72144"}],"curies":[{"name":"wp","href":"https:\/\/api.w.org\/{rel}","templated":true}]}}