{"id":72150,"date":"2025-07-28T08:05:03","date_gmt":"2025-07-28T12:35:03","guid":{"rendered":"https:\/\/www.elmundodelosnegocios.com.do\/v1\/?p=72150"},"modified":"2025-07-28T08:05:03","modified_gmt":"2025-07-28T12:35:03","slug":"la-vicepresidenta-junto-con-la-simv-fortalecen-la-cultura-financiera-en-regiones-productivas-del-pais","status":"publish","type":"post","link":"https:\/\/elmundodelosnegocios.com.do\/v1\/la-vicepresidenta-junto-con-la-simv-fortalecen-la-cultura-financiera-en-regiones-productivas-del-pais\/","title":{"rendered":"La vicepresidenta junto con la SIMV, fortalecen la cultura financiera en regiones productivas del pa\u00eds"},"content":{"rendered":"<p><span lang=\"es\">Santiago.\u2013 En un encuentro trascendental que marc\u00f3 un precedente en el fortalecimiento de la\u00a0<strong>educaci\u00f3n financiera del Cibao<\/strong>, la\u00a0<strong>Superintendencia del Mercado de Valores<\/strong>\u00a0(SIMV) realiz\u00f3 el evento\u00a0<strong>\u201cSantiago Invierte: Tu Norte Financiero\u201d,<\/strong>\u00a0reuniendo a\u00a0<strong>m\u00e1s de 600<\/strong>\u00a0personas de diversas edades interesadas en conocer las\u00a0<strong>oportunidades<\/strong>\u00a0que ofrece el\u00a0<strong>mercado de valores dominicano.<\/strong><\/span><\/p>\n<p><img loading=\"lazy\" decoding=\"async\" class=\"alignnone size-full\" src=\"https:\/\/presidencia.gob.do\/sites\/default\/files\/styles\/large\/public\/news\/2025-07\/WhatsApp%20Image%202025-07-26%20at%201.53.46%20PM.jpeg?itok=vv6VPJZX\" width=\"1300\" height=\"731\" \/><\/p>\n<p><span lang=\"es\">El evento fue organizado por la\u00a0<strong>SIMV<\/strong>\u00a0con la\u00a0<strong>Bolsa de Valores de la Rep\u00fablica Dominicana<\/strong>\u00a0(BVRD) como coanfitri\u00f3n, y encabezado por la\u00a0<strong>vicepresidenta de la Rep\u00fablica, Raquel Pe\u00f1a<\/strong>, junto con el superintendente del Mercado de Valores,\u00a0<strong>Ernesto Bournigal Read.<\/strong><\/span><\/p>\n<p>&nbsp;<\/p>\n<p><span lang=\"es\">Esta primera edici\u00f3n, realizada en la\u00a0<strong>provincia de Santiago,<\/strong>\u00a0cont\u00f3 con la destacada participaci\u00f3n de panelistas y conferencistas\u00a0<strong>nacionales e internacionales,<\/strong>\u00a0quienes abordaron temas clave como la\u00a0<strong>inclusi\u00f3n financiera, inversi\u00f3n y mercados financieros,<\/strong>\u00a0consolidando a Santiago como un nuevo eje para el impulso del conocimiento financiero en la\u00a0<strong>regi\u00f3n Norte.<\/strong><\/span><\/p>\n<p>&nbsp;<\/p>\n<p><span lang=\"es\">En su discurso, la vicepresidenta de la Rep\u00fablica, Raquel Pe\u00f1a, resalt\u00f3 el\u00a0<strong>dinamismo de la provincia<\/strong>\u00a0<strong>Santiago,<\/strong>\u00a0como uno de los principales motores econ\u00f3micos del pa\u00eds, asegurando que aporta m\u00e1s de\u00a0<strong>10,000 millones de d\u00f3lares<\/strong>\u00a0al producto interno bruto nacional.<\/span><\/p>\n<p><img loading=\"lazy\" decoding=\"async\" src=\"https:\/\/presidencia.gob.do\/sites\/default\/files\/inline-images\/WhatsApp%20Image%202025-07-26%20at%201.53.47%20PM.jpeg\" width=\"1600\" height=\"1066\" data-entity-uuid=\"1dac6f3f-f73e-48e4-97d2-be2ca76f4ee6\" data-entity-type=\"file\" \/><\/p>\n<p>&nbsp;<\/p>\n<p><span lang=\"es\">As\u00ed tambi\u00e9n, destac\u00f3 los esfuerzos que hace el Gobierno, bajo el liderazgo del\u00a0<strong>presidente de la Rep\u00fablica, Luis Abinader<\/strong>, para que este crecimiento se mantenga y, al mismo tiempo, se expanda de manera\u00a0<strong>m\u00e1s inclusiva, m\u00e1s equitativa y m\u00e1s sostenible.\u00a0<\/strong><\/span><\/p>\n<p>&nbsp;<\/p>\n<p><em><span lang=\"es\">\u201cPor eso, junto a la Superintendencia del Mercado de Valores, impulsamos una visi\u00f3n clara: que m\u00e1s empresas de la zona norte puedan financiar sus proyectos, que m\u00e1s ciudadanos puedan invertir con confianza, y que m\u00e1s obras se conviertan en realidad a trav\u00e9s de herramientas como el mercado de valores\u201d.<\/span><\/em><\/p>\n<p>&nbsp;<\/p>\n<p><span lang=\"es\">Mientras, el superintendente del Mercado de Valores,\u00a0<strong>Ernesto Bournigal Read,<\/strong>\u00a0dej\u00f3 abierta la invitaci\u00f3n a estudiantes, profesionales y emprendedores del Cibao a descubrir que es posible\u00a0<strong>invertir con prop\u00f3sito, con conocimiento y con confianza<\/strong>. A su vez, ofreci\u00f3 cifras que revelan la participaci\u00f3n de Santiago y la regi\u00f3n Norte en el mercado de valores dominicano.\u00a0<\/span><\/p>\n<p>&nbsp;<\/p>\n<p><em><span lang=\"es\">\u201cLa zona norte del pa\u00eds concentra una custodia superior a los 34 mil millones de pesos, lo que representa un 1.16\u202f% del total nacional, estimado en 3 billones de pesos. Dentro de esta regi\u00f3n, la ciudad de Santiago ocupa el primer lugar con m\u00e1s de 16.5 mil millones de pesos en valores custodiados, seguido por La Vega con m\u00e1s de 4.2 mil millones y Duarte con m\u00e1s de 3.2 mil millones. Esta distribuci\u00f3n refleja una participaci\u00f3n cada vez m\u00e1s activa en la regi\u00f3n del Cibao en el mercado de valores\u201d.\u00a0<\/span><\/em><\/p>\n<p>&nbsp;<\/p>\n<p><span lang=\"es\"><strong>Elianne V\u00edlchez<\/strong>, vicepresidente ejecutiva de la Bolsa de Valores de la Rep\u00fablica Dominicana (BVRD), manifest\u00f3 su regocijo por este paso de acercar el mercado de valores a las regiones productivas del pa\u00eds. \u201c<\/span><em><span lang=\"es\">Estamos aqu\u00ed para tender puentes entre el mercado de capitales y la Zona Norte, una regi\u00f3n que hist\u00f3ricamente ha sido motor de crecimiento econ\u00f3mico y social en la Rep\u00fablica Dominicana\u201d.<\/span><\/em><\/p>\n<p><img loading=\"lazy\" decoding=\"async\" src=\"https:\/\/presidencia.gob.do\/sites\/default\/files\/inline-images\/WhatsApp%20Image%202025-07-26%20at%201.53.48%20PM.jpeg\" width=\"1600\" height=\"1066\" data-entity-uuid=\"a9bddf59-5577-4961-948e-a96d7c792260\" data-entity-type=\"file\" \/><\/p>\n<p>&nbsp;<\/p>\n<p><span lang=\"es\">La jornada educativa del d\u00eda comenz\u00f3 con un conversatorio interactivo titulado\u00a0<strong>\u201cInvierte con confianza: tu primer paso hacia el mercado de valores\u201d,<\/strong>\u00a0dise\u00f1ado para motivar a nuevos inversionistas. A continuaci\u00f3n, se desarroll\u00f3 el panel \u201c<strong>El Camino del Inversionista: Estrategias pr\u00e1cticas para empezar a invertir\u201d<\/strong>, en el que disertaron representantes de los diferentes puestos de bolsa que tienen presencia en la Ciudad Coraz\u00f3n, tales como:\u00a0<strong>Parval, CCI, Interval, United Capital y JMMB.\u00a0<\/strong><\/span><\/p>\n<p>&nbsp;<\/p>\n<p><span lang=\"es\">Las conferencias, din\u00e1micas, participativas y seminario estuvieron lideradas por\u00a0<strong>Sarah Despradel, Kimberly Garc\u00eda y Yanery Villegas,<\/strong>\u00a0destacadas profesionales en finanzas, quienes ofrecieron valiosas perspectivas sobre el mundo de las inversiones y consejos pr\u00e1cticos para orientar a nuevos inversionistas.<\/span><\/p>\n<p>&nbsp;<\/p>\n<p><span lang=\"es\"><strong>\u201cSantiago Invierte: Tu Norte Financiero\u201d\u00a0<\/strong>present\u00f3 la obra teatral \u201c<strong>El negocio de tu vida\u201d,\u00a0<\/strong>con el objetivo de concientizar sobre los esquemas fraudulentos y el impacto en la econom\u00eda familiar.\u00a0<\/span><\/p>\n<p>&nbsp;<\/p>\n<p><span lang=\"es\">El cierre del masivo evento estuvo a cargo del intendente del Mercado de Valores,\u00a0\u00a0<strong>\u00c1ngel Serulle<\/strong>, quien ofreci\u00f3 palabras de agradecimiento a todos los asistentes.\u00a0<\/span><\/p>\n<p>&nbsp;<\/p>\n<p><span lang=\"es\">\u201c<strong>Santiago Invierte\u201d\u00a0<\/strong>no solo reuni\u00f3 a futuros inversionistas, sino que tambi\u00e9n cont\u00f3 con la presencia de\u00a0<strong>representantes de gremios, empresarios, dirigentes<\/strong>\u00a0de la provincia de Santiago y otras personalidades.<\/span><\/p>\n","protected":false},"excerpt":{"rendered":"<p>Santiago.\u2013 En un encuentro trascendental que marc\u00f3 un precedente en el fortalecimiento de la\u00a0educaci\u00f3n financiera del Cibao, la\u00a0Superintendencia del Mercado de Valores\u00a0(SIMV) realiz\u00f3 el evento\u00a0\u201cSantiago Invierte: Tu Norte Financiero\u201d,\u00a0reuniendo a\u00a0m\u00e1s&hellip; <\/p>\n","protected":false},"author":2,"featured_media":72151,"comment_status":"closed","ping_status":"closed","sticky":false,"template":"","format":"standard","meta":{"fifu_image_url":"https:\/\/presidencia.gob.do\/sites\/default\/files\/styles\/large\/public\/news\/2025-07\/WhatsApp%20Image%202025-07-26%20at%201.53.46%20PM.jpeg?itok=vv6VPJZX","fifu_image_alt":"","footnotes":""},"categories":[94],"tags":[],"class_list":["post-72150","post","type-post","status-publish","format-standard","has-post-thumbnail","hentry","category-finanzas"],"_links":{"self":[{"href":"https:\/\/elmundodelosnegocios.com.do\/v1\/wp-json\/wp\/v2\/posts\/72150","targetHints":{"allow":["GET"]}}],"collection":[{"href":"https:\/\/elmundodelosnegocios.com.do\/v1\/wp-json\/wp\/v2\/posts"}],"about":[{"href":"https:\/\/elmundodelosnegocios.com.do\/v1\/wp-json\/wp\/v2\/types\/post"}],"author":[{"embeddable":true,"href":"https:\/\/elmundodelosnegocios.com.do\/v1\/wp-json\/wp\/v2\/users\/2"}],"replies":[{"embeddable":true,"href":"https:\/\/elmundodelosnegocios.com.do\/v1\/wp-json\/wp\/v2\/comments?post=72150"}],"version-history":[{"count":1,"href":"https:\/\/elmundodelosnegocios.com.do\/v1\/wp-json\/wp\/v2\/posts\/72150\/revisions"}],"predecessor-version":[{"id":72152,"href":"https:\/\/elmundodelosnegocios.com.do\/v1\/wp-json\/wp\/v2\/posts\/72150\/revisions\/72152"}],"wp:featuredmedia":[{"embeddable":true,"href":"https:\/\/elmundodelosnegocios.com.do\/v1\/wp-json\/wp\/v2\/media\/72151"}],"wp:attachment":[{"href":"https:\/\/elmundodelosnegocios.com.do\/v1\/wp-json\/wp\/v2\/media?parent=72150"}],"wp:term":[{"taxonomy":"category","embeddable":true,"href":"https:\/\/elmundodelosnegocios.com.do\/v1\/wp-json\/wp\/v2\/categories?post=72150"},{"taxonomy":"post_tag","embeddable":true,"href":"https:\/\/elmundodelosnegocios.com.do\/v1\/wp-json\/wp\/v2\/tags?post=72150"}],"curies":[{"name":"wp","href":"https:\/\/api.w.org\/{rel}","templated":true}]}}