{"id":72153,"date":"2025-07-28T08:07:57","date_gmt":"2025-07-28T12:37:57","guid":{"rendered":"https:\/\/www.elmundodelosnegocios.com.do\/v1\/?p=72153"},"modified":"2025-07-28T08:07:57","modified_gmt":"2025-07-28T12:37:57","slug":"gobierno-dominicano-explora-cooperacion-con-sudafrica-para-desarrollo-de-tierras-raras-en-republica-dominicana","status":"publish","type":"post","link":"https:\/\/elmundodelosnegocios.com.do\/v1\/gobierno-dominicano-explora-cooperacion-con-sudafrica-para-desarrollo-de-tierras-raras-en-republica-dominicana\/","title":{"rendered":"Gobierno dominicano explora cooperaci\u00f3n con Sud\u00e1frica para desarrollo de tierras raras en Rep\u00fablica Dominicana"},"content":{"rendered":"<p><b>Johannesburgo, Sud\u00e1frica.-<\/b>\u00a0Como parte de su visita oficial a Sud\u00e1frica, el ministro de Industria, Comercio y Mipymes (MICM), V\u00edctor -Ito- Bison\u00f3, sostuvo un encuentro con el ministro de Energ\u00eda y Minas de Sud\u00e1frica, Gwede Mantashe, para explorar v\u00edas de cooperaci\u00f3n bilateral en el \u00e1mbito minero, con especial atenci\u00f3n al potencial de desarrollo de tierras raras en la Rep\u00fablica Dominicana.<\/p>\n<p><img loading=\"lazy\" decoding=\"async\" class=\"aligncenter size-full\" src=\"https:\/\/micm.gob.do\/wp-content\/uploads\/2025\/07\/Gobierno-dominicano-explora-cooperacion-con-Sudafrica-para-desarrollo-de-tierras-raras-01-rs.jpeg\" width=\"935\" height=\"636\" \/><\/p>\n<p>El encuentro se llev\u00f3 a cabo en coordinaci\u00f3n del Ministerio de Energ\u00eda y Minas dominicano, encabezado por el ministro Joel Santos, en el marco de una estrategia nacional para fomentar una miner\u00eda responsable, sostenible y alineada con el inter\u00e9s nacional.<\/p>\n<p><img loading=\"lazy\" decoding=\"async\" class=\"alignleft \" src=\"https:\/\/micm.gob.do\/wp-content\/uploads\/2025\/07\/Gobierno-dominicano-explora-cooperacion-con-Sudafrica-para-desarrollo-de-tierras-raras-02.jpeg\" width=\"296\" height=\"288\" \/>Durante la conversaci\u00f3n, el ministro Bison\u00f3 manifest\u00f3 el inter\u00e9s del gobierno dominicano en aprender de la experiencia sudafricana en la explotaci\u00f3n y regulaci\u00f3n de tierras raras, minerales esenciales para la transici\u00f3n energ\u00e9tica y el desarrollo tecnol\u00f3gico. El ministro destac\u00f3 la necesidad de fortalecer el conocimiento t\u00e9cnico, el dise\u00f1o de pol\u00edticas p\u00fablicas efectivas y la identificaci\u00f3n de posibles socios estrat\u00e9gicos internacionales.<\/p>\n<p>\u201cEl potencial de las tierras raras en Rep\u00fablica Dominicana abre una nueva ventana de desarrollo industrial, cient\u00edfico y comercial, y para ello buscamos alianzas con pa\u00edses l\u00edderes como Sud\u00e1frica\u201d, afirm\u00f3 Bison\u00f3.<\/p>\n<p>De su lado, el ministro Mantashe destac\u00f3 que Sud\u00e1frica se encuentra en una fase activa de exploraci\u00f3n de tierras raras, y cuenta con una industria minera consolidada y regulaciones s\u00f3lidas que fomentan la inversi\u00f3n extranjera y la protecci\u00f3n ambiental. Propuso mantener el di\u00e1logo t\u00e9cnico entre ambos pa\u00edses, con la participaci\u00f3n de instituciones especializadas como Mintek y el Council for Geoscience.<\/p>\n<p>Asimismo, acordaron continuar este di\u00e1logo a nivel t\u00e9cnico, para compartir conocimientos, tecnolog\u00eda y buenas pr\u00e1cticas, as\u00ed como promover futuras misiones t\u00e9cnicas y empresariales, con la participaci\u00f3n del Ministerio de Energ\u00eda y Minas de la Rep\u00fablica Dominicana y la Empresa Minera Dominicana, S.A (EMIDOM), de capital \u00fanico estatal, que se enfoca en la exploraci\u00f3n de tierras raras.<\/p>\n<p>Igualmente, se evalu\u00f3 la participaci\u00f3n dominicana en Mining Indaba 2025, uno de los principales foros internacionales del sector minero que se celebrar\u00e1 en Ciudad del Cabo.<\/p>\n<p>El ministro Bison\u00f3 estuvo acompa\u00f1ado por la embajadora dominicana en Sud\u00e1frica, Erika \u00c1lvarez, y los funcionarios Samir Sansur y Pedro G\u00f3mez. Esta agenda fortalece los esfuerzos del Gobierno dominicano por articular oportunidades de desarrollo productivo a partir de recursos estrat\u00e9gicos como las tierras raras, de creciente demanda global.<\/p>\n","protected":false},"excerpt":{"rendered":"<p>Johannesburgo, Sud\u00e1frica.-\u00a0Como parte de su visita oficial a Sud\u00e1frica, el ministro de Industria, Comercio y Mipymes (MICM), V\u00edctor -Ito- Bison\u00f3, sostuvo un encuentro con el ministro de Energ\u00eda y Minas&hellip; <\/p>\n","protected":false},"author":2,"featured_media":0,"comment_status":"closed","ping_status":"closed","sticky":false,"template":"","format":"standard","meta":{"fifu_image_url":"","fifu_image_alt":"","footnotes":""},"categories":[74],"tags":[],"class_list":["post-72153","post","type-post","status-publish","format-standard","hentry","category-comercio-internacional"],"_links":{"self":[{"href":"https:\/\/elmundodelosnegocios.com.do\/v1\/wp-json\/wp\/v2\/posts\/72153","targetHints":{"allow":["GET"]}}],"collection":[{"href":"https:\/\/elmundodelosnegocios.com.do\/v1\/wp-json\/wp\/v2\/posts"}],"about":[{"href":"https:\/\/elmundodelosnegocios.com.do\/v1\/wp-json\/wp\/v2\/types\/post"}],"author":[{"embeddable":true,"href":"https:\/\/elmundodelosnegocios.com.do\/v1\/wp-json\/wp\/v2\/users\/2"}],"replies":[{"embeddable":true,"href":"https:\/\/elmundodelosnegocios.com.do\/v1\/wp-json\/wp\/v2\/comments?post=72153"}],"version-history":[{"count":1,"href":"https:\/\/elmundodelosnegocios.com.do\/v1\/wp-json\/wp\/v2\/posts\/72153\/revisions"}],"predecessor-version":[{"id":72154,"href":"https:\/\/elmundodelosnegocios.com.do\/v1\/wp-json\/wp\/v2\/posts\/72153\/revisions\/72154"}],"wp:attachment":[{"href":"https:\/\/elmundodelosnegocios.com.do\/v1\/wp-json\/wp\/v2\/media?parent=72153"}],"wp:term":[{"taxonomy":"category","embeddable":true,"href":"https:\/\/elmundodelosnegocios.com.do\/v1\/wp-json\/wp\/v2\/categories?post=72153"},{"taxonomy":"post_tag","embeddable":true,"href":"https:\/\/elmundodelosnegocios.com.do\/v1\/wp-json\/wp\/v2\/tags?post=72153"}],"curies":[{"name":"wp","href":"https:\/\/api.w.org\/{rel}","templated":true}]}}