{"id":7216,"date":"2021-06-23T07:48:49","date_gmt":"2021-06-23T12:18:49","guid":{"rendered":"http:\/\/elmundodelosnegocios.com.do\/v1\/?p=7216"},"modified":"2021-06-23T07:48:49","modified_gmt":"2021-06-23T12:18:49","slug":"pnud-alta-desigualdad-y-bajo-crecimiento-en-america-latina-y-el-caribe","status":"publish","type":"post","link":"https:\/\/elmundodelosnegocios.com.do\/v1\/pnud-alta-desigualdad-y-bajo-crecimiento-en-america-latina-y-el-caribe\/","title":{"rendered":"PNUD: Alta desigualdad y bajo crecimiento en Am\u00e9rica Latina y el Caribe"},"content":{"rendered":"<p>SANTO DOMINGO.- El 63% de los dominicanos vive con la creencia de que Rep\u00fablica Dominicana es uno de los pa\u00edses de Am\u00e9rica Latina y el Caribe que est\u00e1 gobernada para el beneficio de un grupo reducido.<\/p>\n<p>La informaci\u00f3n est\u00e1 plasmada en el Informe Regional de Desarrollo Humano 2021, divulgado este martes por el Programa de las Naciones Unidas para el Desarrollo (PNUD).<\/p>\n<p>Am\u00e9rica Latina y el Caribe es una regi\u00f3n de grandes contrastes, donde la riqueza y la prosperidad coexisten con la vulnerabilidad y la pobreza extrema. La lista de contrastes es larga y conocida. La regi\u00f3n se caracteriza tambi\u00e9n por un crecimiento muy vol\u00e1til y, en promedio, bajo, explicado por una productividad muy baja. Este Informe Regional de Desarrollo Humano sostiene que la regi\u00f3n se encuentra, de hecho, en una doble trampa de alta desigualdad y bajo crecimiento. Estos dos fen\u00f3menos interact\u00faan en un c\u00edrculo vicioso que limita la capacidad de progresar en todos los frentes del desarrollo humano. Es necesario comprender la naturaleza de la trampa para liberarse de ella.<\/p>\n<p><strong>Descargar<\/strong><br \/>\nEspa\u00f1ol &#8211; <a href=\"https:\/\/www.latinamerica.undp.org\/content\/dam\/rblac\/irdh2021\/undp-rblac-PNUD_IRDH-2021_ES.pdf\" rel=\"noopener\" target=\"_blank\">Resumen (1.1 MB)<\/a><\/p>\n","protected":false},"excerpt":{"rendered":"<p>SANTO DOMINGO.- El 63% de los dominicanos vive con la creencia de que Rep\u00fablica Dominicana es uno de los pa\u00edses de Am\u00e9rica Latina y el Caribe que est\u00e1 gobernada para&hellip; <\/p>\n","protected":false},"author":2,"featured_media":7218,"comment_status":"open","ping_status":"open","sticky":false,"template":"","format":"standard","meta":{"fifu_image_url":"","fifu_image_alt":"","footnotes":""},"categories":[250],"tags":[],"class_list":["post-7216","post","type-post","status-publish","format-standard","has-post-thumbnail","hentry","category-comunicaciones"],"_links":{"self":[{"href":"https:\/\/elmundodelosnegocios.com.do\/v1\/wp-json\/wp\/v2\/posts\/7216","targetHints":{"allow":["GET"]}}],"collection":[{"href":"https:\/\/elmundodelosnegocios.com.do\/v1\/wp-json\/wp\/v2\/posts"}],"about":[{"href":"https:\/\/elmundodelosnegocios.com.do\/v1\/wp-json\/wp\/v2\/types\/post"}],"author":[{"embeddable":true,"href":"https:\/\/elmundodelosnegocios.com.do\/v1\/wp-json\/wp\/v2\/users\/2"}],"replies":[{"embeddable":true,"href":"https:\/\/elmundodelosnegocios.com.do\/v1\/wp-json\/wp\/v2\/comments?post=7216"}],"version-history":[{"count":0,"href":"https:\/\/elmundodelosnegocios.com.do\/v1\/wp-json\/wp\/v2\/posts\/7216\/revisions"}],"wp:featuredmedia":[{"embeddable":true,"href":"https:\/\/elmundodelosnegocios.com.do\/v1\/wp-json\/wp\/v2\/media\/7218"}],"wp:attachment":[{"href":"https:\/\/elmundodelosnegocios.com.do\/v1\/wp-json\/wp\/v2\/media?parent=7216"}],"wp:term":[{"taxonomy":"category","embeddable":true,"href":"https:\/\/elmundodelosnegocios.com.do\/v1\/wp-json\/wp\/v2\/categories?post=7216"},{"taxonomy":"post_tag","embeddable":true,"href":"https:\/\/elmundodelosnegocios.com.do\/v1\/wp-json\/wp\/v2\/tags?post=7216"}],"curies":[{"name":"wp","href":"https:\/\/api.w.org\/{rel}","templated":true}]}}