{"id":72162,"date":"2025-07-29T08:22:29","date_gmt":"2025-07-29T12:52:29","guid":{"rendered":"https:\/\/www.elmundodelosnegocios.com.do\/v1\/?p=72162"},"modified":"2025-07-29T08:22:29","modified_gmt":"2025-07-29T12:52:29","slug":"rd-vial-inicia-el-programa-carreteras-limpiasen-autopistas-del-pais","status":"publish","type":"post","link":"https:\/\/elmundodelosnegocios.com.do\/v1\/rd-vial-inicia-el-programa-carreteras-limpiasen-autopistas-del-pais\/","title":{"rendered":"RD Vial inicia el programa \u201cCarreteras Limpias\u201den autopistas del pa\u00eds"},"content":{"rendered":"<p>El mismo integra mantenimiento, embellecimiento y sostenibilidad en autopistas del pa\u00eds<\/p>\n<p><a href=\"http:\/\/elmundodelosnegocios.com.do\/v1\/wp-content\/uploads\/2025\/07\/WhatsApp-Image-2025-07-28-at-2.41.17-PM.jpeg\"><img loading=\"lazy\" decoding=\"async\" class=\"aligncenter size-full wp-image-72163\" src=\"http:\/\/elmundodelosnegocios.com.do\/v1\/wp-content\/uploads\/2025\/07\/WhatsApp-Image-2025-07-28-at-2.41.17-PM.jpeg\" alt=\"\" width=\"1300\" height=\"731\" srcset=\"https:\/\/elmundodelosnegocios.com.do\/v1\/wp-content\/uploads\/2025\/07\/WhatsApp-Image-2025-07-28-at-2.41.17-PM.jpeg 1300w, https:\/\/elmundodelosnegocios.com.do\/v1\/wp-content\/uploads\/2025\/07\/WhatsApp-Image-2025-07-28-at-2.41.17-PM-300x169.jpeg 300w, https:\/\/elmundodelosnegocios.com.do\/v1\/wp-content\/uploads\/2025\/07\/WhatsApp-Image-2025-07-28-at-2.41.17-PM-1024x576.jpeg 1024w, https:\/\/elmundodelosnegocios.com.do\/v1\/wp-content\/uploads\/2025\/07\/WhatsApp-Image-2025-07-28-at-2.41.17-PM-768x432.jpeg 768w\" sizes=\"auto, (max-width: 1300px) 100vw, 1300px\" \/><\/a><\/p>\n<p dir=\"ltr\">Santo Domingo.\u2013 Con el prop\u00f3sito de elevar los est\u00e1ndares de\u00a0<strong>seguridad, funcionalidad y est\u00e9tica<\/strong>\u00a0en las principales v\u00edas del pa\u00eds, el\u00a0<strong>Fideicomiso RD Vial<\/strong>, en coordinaci\u00f3n con el\u00a0<strong>Ministerio de Obras P\u00fablicas y Comunicaciones (MOPC)<\/strong>, dio inicio este lunes al programa nacional\u00a0<strong>\u201cCarreteras Limpias\u201d<\/strong>, una iniciativa transformadora que marca un antes y un despu\u00e9s en la gesti\u00f3n de nuestras autopistas.<\/p>\n<p dir=\"ltr\">Este programa tiene como eje central no solo mantener las carreteras\u00a0<strong>libres de residuos s\u00f3lidos<\/strong>, sino tambi\u00e9n recuperar el entorno vial, optimizar la\u00a0<strong>seguridad<\/strong>\u00a0y contribuir activamente con la\u00a0<strong>preservaci\u00f3n del medio ambiente.<\/strong><\/p>\n<p dir=\"ltr\"><strong>Tecnolog\u00eda al servicio del mantenimiento vial<\/strong><\/p>\n<p dir=\"ltr\">\u201cCarreteras Limpias\u201d contempla la implementaci\u00f3n de tecnolog\u00eda de\u00a0<strong>barrido automatizado<\/strong>\u00a0y maquinaria especializada de \u00faltima generaci\u00f3n para la\u00a0<strong>limpieza eficiente de los tramos intervenidos<\/strong>. Estas acciones se desplegar\u00e1n de forma progresiva en corredores estrat\u00e9gicos como la\u00a0<strong>autopista Duarte, Las Am\u00e9ricas, 6 de noviembre, circunvalaci\u00f3n de Santo Domingo, circunvalaci\u00f3n de Santiago<\/strong>\u00a0y la reci\u00e9n inaugurada\u00a0<strong>circunvalaci\u00f3n de Ban\u00ed<\/strong>, entre otras.<\/p>\n<p dir=\"ltr\">Este equipamiento permitir\u00e1 realizar\u00a0<strong>jornadas m\u00e1s r\u00e1pidas y seguras<\/strong>, con un m\u00ednimo de exposici\u00f3n del personal operativo, a la vez que se reducen emisiones de polvo y part\u00edculas contaminantes, adem\u00e1s de extender la\u00a0<strong>vida \u00fatil de las v\u00edas<\/strong>.<\/p>\n<p dir=\"ltr\"><strong>Intervenci\u00f3n de laterales: seguridad, orden y prevenci\u00f3n<\/strong><\/p>\n<p dir=\"ltr\">El plan incluye un componente integral de remozamiento de laterales que abarca\u00a0<strong>desbroce<\/strong>\u00a0de maleza,\u00a0<strong>poda<\/strong>\u00a0t\u00e9cnica de arbustos,\u00a0<strong>limpieza de cunetas<\/strong>, adecuaci\u00f3n de\u00a0<strong>taludes<\/strong>\u00a0y\u00a0<strong>eliminaci\u00f3n de vertederos improvisados<\/strong>. Estas intervenciones mejoran significativamente la\u00a0<strong>visibilidad<\/strong>\u00a0en carretera, contribuyen a la\u00a0<strong>prevenci\u00f3n de inundaciones<\/strong>\u00a0y consolidan un entorno ordenado que eleva la experiencia de viaje.<\/p>\n<p dir=\"ltr\"><strong>Una visi\u00f3n moderna de la gesti\u00f3n vial<\/strong><\/p>\n<p dir=\"ltr\">Al presentar la iniciativa, el director ejecutivo de RD Vial,\u00a0<strong>Hostos Rizik Lugo<\/strong>, afirm\u00f3 que \u201cCarreteras Limpias\u201d constituye\u00a0<em>\u201c un paso firme hacia una gesti\u00f3n vial m\u00e1s moderna, eficiente y sostenible. Esta transformaci\u00f3n no solo embellece nuestras autopistas, sino que mejora la seguridad, eleva la calidad del entorno y fomenta una cultura ciudadana de respeto y cuidado por los espacios p\u00fablicos\u201d.<\/em><\/p>\n<p>Con este programa, RD Vial y el MOPC refuerzan su compromiso con una\u00a0<strong>red vial m\u00e1s limpia, segura y verde<\/strong>, en sinton\u00eda con los principios de innovaci\u00f3n, sostenibilidad y desarrollo que gu\u00edan la transformaci\u00f3n del sistema de infraestructura del pa\u00eds.<\/p>\n","protected":false},"excerpt":{"rendered":"<p>El mismo integra mantenimiento, embellecimiento y sostenibilidad en autopistas del pa\u00eds Santo Domingo.\u2013 Con el prop\u00f3sito de elevar los est\u00e1ndares de\u00a0seguridad, funcionalidad y est\u00e9tica\u00a0en las principales v\u00edas del pa\u00eds, el\u00a0Fideicomiso&hellip; <\/p>\n","protected":false},"author":2,"featured_media":72163,"comment_status":"closed","ping_status":"closed","sticky":false,"template":"","format":"standard","meta":{"fifu_image_url":"","fifu_image_alt":"","footnotes":""},"categories":[171],"tags":[],"class_list":["post-72162","post","type-post","status-publish","format-standard","has-post-thumbnail","hentry","category-transporte-terrestre"],"_links":{"self":[{"href":"https:\/\/elmundodelosnegocios.com.do\/v1\/wp-json\/wp\/v2\/posts\/72162","targetHints":{"allow":["GET"]}}],"collection":[{"href":"https:\/\/elmundodelosnegocios.com.do\/v1\/wp-json\/wp\/v2\/posts"}],"about":[{"href":"https:\/\/elmundodelosnegocios.com.do\/v1\/wp-json\/wp\/v2\/types\/post"}],"author":[{"embeddable":true,"href":"https:\/\/elmundodelosnegocios.com.do\/v1\/wp-json\/wp\/v2\/users\/2"}],"replies":[{"embeddable":true,"href":"https:\/\/elmundodelosnegocios.com.do\/v1\/wp-json\/wp\/v2\/comments?post=72162"}],"version-history":[{"count":1,"href":"https:\/\/elmundodelosnegocios.com.do\/v1\/wp-json\/wp\/v2\/posts\/72162\/revisions"}],"predecessor-version":[{"id":72164,"href":"https:\/\/elmundodelosnegocios.com.do\/v1\/wp-json\/wp\/v2\/posts\/72162\/revisions\/72164"}],"wp:featuredmedia":[{"embeddable":true,"href":"https:\/\/elmundodelosnegocios.com.do\/v1\/wp-json\/wp\/v2\/media\/72163"}],"wp:attachment":[{"href":"https:\/\/elmundodelosnegocios.com.do\/v1\/wp-json\/wp\/v2\/media?parent=72162"}],"wp:term":[{"taxonomy":"category","embeddable":true,"href":"https:\/\/elmundodelosnegocios.com.do\/v1\/wp-json\/wp\/v2\/categories?post=72162"},{"taxonomy":"post_tag","embeddable":true,"href":"https:\/\/elmundodelosnegocios.com.do\/v1\/wp-json\/wp\/v2\/tags?post=72162"}],"curies":[{"name":"wp","href":"https:\/\/api.w.org\/{rel}","templated":true}]}}