{"id":72170,"date":"2025-07-29T08:32:41","date_gmt":"2025-07-29T13:02:41","guid":{"rendered":"https:\/\/www.elmundodelosnegocios.com.do\/v1\/?p=72170"},"modified":"2025-07-29T08:32:41","modified_gmt":"2025-07-29T13:02:41","slug":"aduanas-de-rd-y-el-salvador-firman-acuerdo-de-reconocimiento-mutuo-para-incrementar-sus-relaciones-comerciales","status":"publish","type":"post","link":"https:\/\/elmundodelosnegocios.com.do\/v1\/aduanas-de-rd-y-el-salvador-firman-acuerdo-de-reconocimiento-mutuo-para-incrementar-sus-relaciones-comerciales\/","title":{"rendered":"Aduanas de RD y El Salvador firman Acuerdo de Reconocimiento Mutuo para incrementar sus relaciones comerciales"},"content":{"rendered":"<p dir=\"ltr\">San Salvador.-\u00a0<strong>Las entidades aduaneras de la Rep\u00fablica Dominicana y de El Salvador<\/strong>\u00a0firmaron un\u00a0<strong>Acuerdo de Reconocimiento Mutuo (ARM)<\/strong>, en el marco de la\u00a0<strong>Reuni\u00f3n de Directores de Aduanas de las Am\u00e9ricas y el Caribe,<\/strong>\u00a0con el cual se ampl\u00eda la lista de pa\u00edses en los que los exportadores e importadores dominicanos tienen\u00a0<strong>facilidades comerciales y aduaneras<\/strong>.<\/p>\n<p dir=\"ltr\"><a href=\"http:\/\/elmundodelosnegocios.com.do\/v1\/wp-content\/uploads\/2025\/07\/Foto-2-2-1.jpg\"><img loading=\"lazy\" decoding=\"async\" class=\"aligncenter size-full wp-image-72171\" src=\"http:\/\/elmundodelosnegocios.com.do\/v1\/wp-content\/uploads\/2025\/07\/Foto-2-2-1.jpg\" alt=\"\" width=\"1300\" height=\"731\" srcset=\"https:\/\/elmundodelosnegocios.com.do\/v1\/wp-content\/uploads\/2025\/07\/Foto-2-2-1.jpg 1300w, https:\/\/elmundodelosnegocios.com.do\/v1\/wp-content\/uploads\/2025\/07\/Foto-2-2-1-300x169.jpg 300w, https:\/\/elmundodelosnegocios.com.do\/v1\/wp-content\/uploads\/2025\/07\/Foto-2-2-1-1024x576.jpg 1024w, https:\/\/elmundodelosnegocios.com.do\/v1\/wp-content\/uploads\/2025\/07\/Foto-2-2-1-768x432.jpg 768w\" sizes=\"auto, (max-width: 1300px) 100vw, 1300px\" \/><\/a><\/p>\n<p dir=\"ltr\">El acuerdo, firmado por el subdirector administrativo de la Direcci\u00f3n General de Aduanas (DGA),\u00a0<strong>Francis Almonte<\/strong>, en representaci\u00f3n del director general,\u00a0<strong>Eduardo Sanz Lovat\u00f3n<\/strong>, busca incrementar las relaciones comerciales entre ambos pa\u00edses, establecer un\u00a0<strong>marco de confianza mutua<\/strong>\u00a0para el reconocimiento rec\u00edproco de las\u00a0<strong>certificaciones<\/strong>, evaluaciones de\u00a0<strong>conformidad y controles de seguridad<\/strong>\u00a0que implementan ambas aduanas.<\/p>\n<p dir=\"ltr\">Asimismo, busca\u00a0<strong>reducir<\/strong>\u00a0<strong>costos operativos<\/strong>\u00a0en las importaciones y exportaciones desde y hacia cualesquiera de los pa\u00edses, as\u00ed como evitar las duplicidades y\u00a0<strong>agilizar los despachos de mercanc\u00edas.\u00a0<\/strong><\/p>\n<p dir=\"ltr\">Este acuerdo se rubric\u00f3 tomando en cuenta los m\u00e1s altos\u00a0<strong>est\u00e1ndares de facilitaci\u00f3n<\/strong>\u00a0del comercio promovidos por la\u00a0<strong>Organizaci\u00f3n Mundial de Aduanas (OMA).\u00a0<\/strong><\/p>\n<p dir=\"ltr\">Otro importante beneficio de este acuerdo lo recibir\u00e1n las empresas certificadas como\u00a0<strong>Operadores Econ\u00f3micos Autorizados (OEA)<\/strong>\u00a0de los dos pa\u00edses, los cuales recibir\u00e1n un trato conforme dicha certificaci\u00f3n en cualesquiera de los puertos y aeropuertos de la naci\u00f3n rec\u00edproca.<\/p>\n<p dir=\"ltr\">Esta firma representa un\u00a0<strong>hito significativo<\/strong>\u00a0para las relaciones comerciales entre ambos pa\u00edses.<\/p>\n<p dir=\"ltr\">En la Reuni\u00f3n de Directores de Aduanas de las Am\u00e9ricas y el Caribe tambi\u00e9n se realiz\u00f3 la firma del plan de acci\u00f3n para la\u00a0<strong>adhesi\u00f3n de la Rep\u00fablica de El Salvador<\/strong>\u00a0al Acuerdo de Reconocimiento Mutuo de las Am\u00e9ricas y el Caribe, de la cual ya son firmantes la Rep\u00fablica Dominicana y otros diez pa\u00edses,. As\u00ed se agranda el alcance de este, en beneficio del comercio dominicano.<\/p>\n<p>Se recuerda que en\u00a0<strong>mayo de 2022<\/strong>\u00a0la DGA firm\u00f3 en San Pablo, Brasil, un Acuerdo de Reconocimiento Mutuo con\u00a0<strong>diez pa\u00edses<\/strong>\u00a0de la regi\u00f3n, para dar m\u00e1s facilidades aduaneras a los OEA de los mismos, y\u00a0<strong>ahora suman 11 con la inclusi\u00f3n de El Salvador.<\/strong><\/p>\n","protected":false},"excerpt":{"rendered":"<p>San Salvador.-\u00a0Las entidades aduaneras de la Rep\u00fablica Dominicana y de El Salvador\u00a0firmaron un\u00a0Acuerdo de Reconocimiento Mutuo (ARM), en el marco de la\u00a0Reuni\u00f3n de Directores de Aduanas de las Am\u00e9ricas y&hellip; <\/p>\n","protected":false},"author":2,"featured_media":72171,"comment_status":"closed","ping_status":"closed","sticky":false,"template":"","format":"standard","meta":{"fifu_image_url":"","fifu_image_alt":"","footnotes":""},"categories":[74],"tags":[],"class_list":["post-72170","post","type-post","status-publish","format-standard","has-post-thumbnail","hentry","category-comercio-internacional"],"_links":{"self":[{"href":"https:\/\/elmundodelosnegocios.com.do\/v1\/wp-json\/wp\/v2\/posts\/72170","targetHints":{"allow":["GET"]}}],"collection":[{"href":"https:\/\/elmundodelosnegocios.com.do\/v1\/wp-json\/wp\/v2\/posts"}],"about":[{"href":"https:\/\/elmundodelosnegocios.com.do\/v1\/wp-json\/wp\/v2\/types\/post"}],"author":[{"embeddable":true,"href":"https:\/\/elmundodelosnegocios.com.do\/v1\/wp-json\/wp\/v2\/users\/2"}],"replies":[{"embeddable":true,"href":"https:\/\/elmundodelosnegocios.com.do\/v1\/wp-json\/wp\/v2\/comments?post=72170"}],"version-history":[{"count":1,"href":"https:\/\/elmundodelosnegocios.com.do\/v1\/wp-json\/wp\/v2\/posts\/72170\/revisions"}],"predecessor-version":[{"id":72172,"href":"https:\/\/elmundodelosnegocios.com.do\/v1\/wp-json\/wp\/v2\/posts\/72170\/revisions\/72172"}],"wp:featuredmedia":[{"embeddable":true,"href":"https:\/\/elmundodelosnegocios.com.do\/v1\/wp-json\/wp\/v2\/media\/72171"}],"wp:attachment":[{"href":"https:\/\/elmundodelosnegocios.com.do\/v1\/wp-json\/wp\/v2\/media?parent=72170"}],"wp:term":[{"taxonomy":"category","embeddable":true,"href":"https:\/\/elmundodelosnegocios.com.do\/v1\/wp-json\/wp\/v2\/categories?post=72170"},{"taxonomy":"post_tag","embeddable":true,"href":"https:\/\/elmundodelosnegocios.com.do\/v1\/wp-json\/wp\/v2\/tags?post=72170"}],"curies":[{"name":"wp","href":"https:\/\/api.w.org\/{rel}","templated":true}]}}