{"id":72184,"date":"2025-07-31T07:55:07","date_gmt":"2025-07-31T12:25:07","guid":{"rendered":"https:\/\/www.elmundodelosnegocios.com.do\/v1\/?p=72184"},"modified":"2025-07-31T07:55:07","modified_gmt":"2025-07-31T12:25:07","slug":"smartfilms%ef%b8%8f-lanza-en-republica-dominicana-la-categoria-dominicana-vibra-para-su-festival-de-cine-con-celulares","status":"publish","type":"post","link":"https:\/\/elmundodelosnegocios.com.do\/v1\/smartfilms%ef%b8%8f-lanza-en-republica-dominicana-la-categoria-dominicana-vibra-para-su-festival-de-cine-con-celulares\/","title":{"rendered":"SMARTFILMS\u00ae\ufe0f lanza en Rep\u00fablica Dominicana la categor\u00eda \u201cDominicana Vibra\u201d para su festival de cine con celulares"},"content":{"rendered":"<p><em>La creatividad audiovisual hecha desde el celular encuentra un nuevo escenario en Rep\u00fablica Dominicana con el lanzamiento de la primera categor\u00eda oficial del festival SMARTFILMS\u00ae\ufe0f, anunciada este fin de semana por los actores y productores Evelyna Rodr\u00edguez y Danilo Reynoso durante la gira nacional Ruta Peliculera.<\/em><\/p>\n<p><a href=\"http:\/\/elmundodelosnegocios.com.do\/v1\/wp-content\/uploads\/2025\/07\/DR-y-ER-1170x1755-1.jpg\"><img loading=\"lazy\" decoding=\"async\" class=\"aligncenter size-full wp-image-72185\" src=\"http:\/\/elmundodelosnegocios.com.do\/v1\/wp-content\/uploads\/2025\/07\/DR-y-ER-1170x1755-1.jpg\" alt=\"\" width=\"1170\" height=\"658\" srcset=\"https:\/\/elmundodelosnegocios.com.do\/v1\/wp-content\/uploads\/2025\/07\/DR-y-ER-1170x1755-1.jpg 1170w, https:\/\/elmundodelosnegocios.com.do\/v1\/wp-content\/uploads\/2025\/07\/DR-y-ER-1170x1755-1-300x169.jpg 300w, https:\/\/elmundodelosnegocios.com.do\/v1\/wp-content\/uploads\/2025\/07\/DR-y-ER-1170x1755-1-1024x576.jpg 1024w, https:\/\/elmundodelosnegocios.com.do\/v1\/wp-content\/uploads\/2025\/07\/DR-y-ER-1170x1755-1-768x432.jpg 768w\" sizes=\"auto, (max-width: 1170px) 100vw, 1170px\" \/><\/a><\/p>\n<p>La categor\u00eda lleva por nombre\u00a0<strong>\u201cDominicana Vibra\u201d<\/strong>\u00a0y plantea un reto simple pero ambicioso: contar una historia libre en cuanto a tema, personajes y g\u00e9nero, pero que exalte lo mejor del pa\u00eds. Ya sea a trav\u00e9s de sus paisajes, su gente, su cultura o su historia, el objetivo es capturar la esencia de lo dominicano en cinco minutos.<\/p>\n<p>Los organizadores explicaron que las narrativas podr\u00e1n enfocarse en tres ejes:\u00a0<strong>naturaleza<\/strong>\u00a0(como playas, r\u00edos, saltos y monta\u00f1as),\u00a0<strong>cultura<\/strong>\u00a0(gastronom\u00eda, festividades, m\u00fasica, artesan\u00edas y lugares hist\u00f3ricos), o el\u00a0<strong>factor humano<\/strong>, que incluye personas cuyas historias o talentos representen el esp\u00edritu dominicano.<\/p>\n<p>La convocatoria est\u00e1 abierta a todo p\u00fablico, sin importar edad, experiencia o nacionalidad, siempre que los participantes residan en Rep\u00fablica Dominicana. Se aceptan cortometrajes grabados con celular en formato horizontal y un detr\u00e1s de c\u00e1maras de un minuto. Uno de los requisitos clave es incorporar de forma org\u00e1nica la marca de la Asociaci\u00f3n Cibao, patrocinadora del evento, dentro del cortometraje por al menos tres segundos.<\/p>\n<figure class=\"wp-block-image size-large\"><a href=\"https:\/\/diariosocialrd.com\/wp-content\/uploads\/2025\/07\/Santiago.jpeg\" data-rel=\"penci-gallery-image-content\"><img loading=\"lazy\" decoding=\"async\" class=\"wp-image-234973 aligncenter\" src=\"https:\/\/diariosocialrd.com\/wp-content\/uploads\/2025\/07\/Santiago-1024x682.jpeg\" sizes=\"auto, (max-width: 1024px) 100vw, 1024px\" srcset=\"https:\/\/diariosocialrd.com\/wp-content\/uploads\/2025\/07\/Santiago-1024x682.jpeg 1024w, https:\/\/diariosocialrd.com\/wp-content\/uploads\/2025\/07\/Santiago-300x200.jpeg 300w, https:\/\/diariosocialrd.com\/wp-content\/uploads\/2025\/07\/Santiago-768x512.jpeg 768w, https:\/\/diariosocialrd.com\/wp-content\/uploads\/2025\/07\/Santiago-1170x780.jpeg 1170w, https:\/\/diariosocialrd.com\/wp-content\/uploads\/2025\/07\/Santiago-585x390.jpeg 585w, https:\/\/diariosocialrd.com\/wp-content\/uploads\/2025\/07\/Santiago-263x175.jpeg 263w, https:\/\/diariosocialrd.com\/wp-content\/uploads\/2025\/07\/Santiago.jpeg 1280w\" alt=\"\" width=\"1024\" height=\"682\" \/><\/a><\/figure>\n<p>La recepci\u00f3n de propuestas estar\u00e1 abierta desde el\u00a0<strong>28 de julio hasta el 16 de agosto<\/strong>, y habr\u00e1 sorpresas para los primeros diez inscritos. El ganador se llevar\u00e1 un premio en efectivo de\u00a0<strong>RD$300,000<\/strong>, y los mejores cortos ser\u00e1n proyectados en pantalla grande durante el acto de clausura del festival.<\/p>\n<p>Como parte del lanzamiento de SMARTFILMS\u00ae\ufe0f en el pa\u00eds, se realiza simult\u00e1neamente la gira \u201cRuta Peliculera\u201d, un recorrido educativo por 16 localidades, incluyendo el Distrito Nacional, Santiago, Puerto Plata, Azua, Saman\u00e1, Valverde, San Crist\u00f3bal, Santo Domingo y La Altagracia. En cada parada se imparten talleres y charlas sobre c\u00f3mo producir cine de calidad usando \u00fanicamente un tel\u00e9fono m\u00f3vil.<\/p>\n<p>La iniciativa llega al pa\u00eds con el respaldo de la\u00a0<strong>Asociaci\u00f3n Cibao<\/strong>,\u00a0<strong>Caribbean Cinemas<\/strong>,\u00a0<strong>M Studio<\/strong>,\u00a0<strong>Consejo de Desarrollo Econ\u00f3mico y Social de Santo Domingo<\/strong>,\u00a0<strong>Expo Sostenibilidad<\/strong>,\u00a0<strong>DGCINE<\/strong>\u00a0y la\u00a0<strong>Cinemateca Dominicana<\/strong>. Adem\u00e1s, cuenta con el apoyo de medios como\u00a0<strong>Grupo Telemicro<\/strong>,\u00a0<strong>List\u00edn Diario<\/strong>,\u00a0<strong>De \u00daltimo Minuto<\/strong>,\u00a0<strong>FrontStage<\/strong>\u00a0y\u00a0<strong>Cine Dominicano<\/strong>.<\/p>\n<p>M\u00e1s detalles sobre las bases del concurso y otras categor\u00edas est\u00e1n disponibles en\u00a0<a class=\"\" href=\"http:\/\/www.smartfilms.do\/\">www.smartfilms.do<\/a>\u00a0y en las redes sociales @smartfilmDominicana.<\/p>\n","protected":false},"excerpt":{"rendered":"<p>La creatividad audiovisual hecha desde el celular encuentra un nuevo escenario en Rep\u00fablica Dominicana con el lanzamiento de la primera categor\u00eda oficial del festival SMARTFILMS\u00ae\ufe0f, anunciada este fin de semana&hellip; <\/p>\n","protected":false},"author":2,"featured_media":72185,"comment_status":"closed","ping_status":"closed","sticky":false,"template":"","format":"standard","meta":{"fifu_image_url":"","fifu_image_alt":"","footnotes":""},"categories":[157],"tags":[],"class_list":["post-72184","post","type-post","status-publish","format-standard","has-post-thumbnail","hentry","category-marketing"],"_links":{"self":[{"href":"https:\/\/elmundodelosnegocios.com.do\/v1\/wp-json\/wp\/v2\/posts\/72184","targetHints":{"allow":["GET"]}}],"collection":[{"href":"https:\/\/elmundodelosnegocios.com.do\/v1\/wp-json\/wp\/v2\/posts"}],"about":[{"href":"https:\/\/elmundodelosnegocios.com.do\/v1\/wp-json\/wp\/v2\/types\/post"}],"author":[{"embeddable":true,"href":"https:\/\/elmundodelosnegocios.com.do\/v1\/wp-json\/wp\/v2\/users\/2"}],"replies":[{"embeddable":true,"href":"https:\/\/elmundodelosnegocios.com.do\/v1\/wp-json\/wp\/v2\/comments?post=72184"}],"version-history":[{"count":1,"href":"https:\/\/elmundodelosnegocios.com.do\/v1\/wp-json\/wp\/v2\/posts\/72184\/revisions"}],"predecessor-version":[{"id":72186,"href":"https:\/\/elmundodelosnegocios.com.do\/v1\/wp-json\/wp\/v2\/posts\/72184\/revisions\/72186"}],"wp:featuredmedia":[{"embeddable":true,"href":"https:\/\/elmundodelosnegocios.com.do\/v1\/wp-json\/wp\/v2\/media\/72185"}],"wp:attachment":[{"href":"https:\/\/elmundodelosnegocios.com.do\/v1\/wp-json\/wp\/v2\/media?parent=72184"}],"wp:term":[{"taxonomy":"category","embeddable":true,"href":"https:\/\/elmundodelosnegocios.com.do\/v1\/wp-json\/wp\/v2\/categories?post=72184"},{"taxonomy":"post_tag","embeddable":true,"href":"https:\/\/elmundodelosnegocios.com.do\/v1\/wp-json\/wp\/v2\/tags?post=72184"}],"curies":[{"name":"wp","href":"https:\/\/api.w.org\/{rel}","templated":true}]}}