{"id":72187,"date":"2025-07-31T07:59:57","date_gmt":"2025-07-31T12:29:57","guid":{"rendered":"https:\/\/www.elmundodelosnegocios.com.do\/v1\/?p=72187"},"modified":"2025-07-31T07:59:57","modified_gmt":"2025-07-31T12:29:57","slug":"mujeres-de-acero-liderazgos-que-transforman-la-industria-de-la-construccion-en-republica-dominicana","status":"publish","type":"post","link":"https:\/\/elmundodelosnegocios.com.do\/v1\/mujeres-de-acero-liderazgos-que-transforman-la-industria-de-la-construccion-en-republica-dominicana\/","title":{"rendered":"Mujeres de Acero: liderazgos que transforman la industria de la construcci\u00f3n en Rep\u00fablica Dominicana"},"content":{"rendered":"<p><em>En un sector hist\u00f3ricamente dominado por hombres, un grupo de mujeres l\u00edderes est\u00e1 marcando un nuevo rumbo. La segunda edici\u00f3n del panel\u00a0<strong>Mujeres de Acero<\/strong>, celebrada en Santo Domingo, reafirm\u00f3 su compromiso con visibilizar y fortalecer el papel femenino en la industria de la construcci\u00f3n, abriendo paso a una conversaci\u00f3n que ya no puede esperar m\u00e1s.<\/em><\/p>\n<p><a href=\"http:\/\/elmundodelosnegocios.com.do\/v1\/wp-content\/uploads\/2025\/07\/Francisco-Javier-Duran-Grisbel-Medina-Gloria-Morel-Marcelle-Martinez-Bonetti-Pamela-Garcia-Ileana-Rojas-Gonzalez-y-Heliana-Medina-scaled-1.jpg\"><img loading=\"lazy\" decoding=\"async\" class=\"aligncenter size-full wp-image-72188\" src=\"http:\/\/elmundodelosnegocios.com.do\/v1\/wp-content\/uploads\/2025\/07\/Francisco-Javier-Duran-Grisbel-Medina-Gloria-Morel-Marcelle-Martinez-Bonetti-Pamela-Garcia-Ileana-Rojas-Gonzalez-y-Heliana-Medina-scaled-1.jpg\" alt=\"\" width=\"2560\" height=\"1864\" srcset=\"https:\/\/elmundodelosnegocios.com.do\/v1\/wp-content\/uploads\/2025\/07\/Francisco-Javier-Duran-Grisbel-Medina-Gloria-Morel-Marcelle-Martinez-Bonetti-Pamela-Garcia-Ileana-Rojas-Gonzalez-y-Heliana-Medina-scaled-1.jpg 2560w, https:\/\/elmundodelosnegocios.com.do\/v1\/wp-content\/uploads\/2025\/07\/Francisco-Javier-Duran-Grisbel-Medina-Gloria-Morel-Marcelle-Martinez-Bonetti-Pamela-Garcia-Ileana-Rojas-Gonzalez-y-Heliana-Medina-scaled-1-300x218.jpg 300w, https:\/\/elmundodelosnegocios.com.do\/v1\/wp-content\/uploads\/2025\/07\/Francisco-Javier-Duran-Grisbel-Medina-Gloria-Morel-Marcelle-Martinez-Bonetti-Pamela-Garcia-Ileana-Rojas-Gonzalez-y-Heliana-Medina-scaled-1-1024x746.jpg 1024w, https:\/\/elmundodelosnegocios.com.do\/v1\/wp-content\/uploads\/2025\/07\/Francisco-Javier-Duran-Grisbel-Medina-Gloria-Morel-Marcelle-Martinez-Bonetti-Pamela-Garcia-Ileana-Rojas-Gonzalez-y-Heliana-Medina-scaled-1-768x559.jpg 768w, https:\/\/elmundodelosnegocios.com.do\/v1\/wp-content\/uploads\/2025\/07\/Francisco-Javier-Duran-Grisbel-Medina-Gloria-Morel-Marcelle-Martinez-Bonetti-Pamela-Garcia-Ileana-Rojas-Gonzalez-y-Heliana-Medina-scaled-1-1536x1118.jpg 1536w, https:\/\/elmundodelosnegocios.com.do\/v1\/wp-content\/uploads\/2025\/07\/Francisco-Javier-Duran-Grisbel-Medina-Gloria-Morel-Marcelle-Martinez-Bonetti-Pamela-Garcia-Ileana-Rojas-Gonzalez-y-Heliana-Medina-scaled-1-2048x1491.jpg 2048w\" sizes=\"auto, (max-width: 2560px) 100vw, 2560px\" \/><\/a><\/p>\n<p>El encuentro, que forma parte de la agenda previa a\u00a0<strong>Expo Acero Santiago<\/strong>, a realizarse en septiembre, reuni\u00f3 a figuras clave del sector como\u00a0<strong>Marcelle Mart\u00ednez Bonetti<\/strong>, CEO del Grupo Milomar y dise\u00f1adora de Ciudad Juan Bosch;\u00a0<strong>Pamela Garc\u00eda<\/strong>, CEO de STRUKTURELAB; e\u00a0<strong>Ileana Rojas Gonz\u00e1lez<\/strong>, gerente de medio ambiente de METALDOM. Todas compartieron una visi\u00f3n clara: el liderazgo femenino no es una excepci\u00f3n, sino una fuerza en crecimiento con impacto estructural en el futuro urbano del pa\u00eds.<\/p>\n<p>\u201cLa dignificaci\u00f3n del espacio transforma la vida de las personas. Cuando habitas un lugar pensado con respeto y prop\u00f3sito, no quieres irte de ah\u00ed\u201d, expres\u00f3 Mart\u00ednez Bonetti, promotora de espacios sostenibles. A su juicio, es urgente \u201cdomesticar la sostenibilidad\u201d, incorporarla a la pr\u00e1ctica diaria, tanto en lo profesional como en lo personal.<\/p>\n<figure class=\"wp-block-image size-large\"><a href=\"https:\/\/diariosocialrd.com\/wp-content\/uploads\/2025\/07\/El-panel-reunio-a-destacadas-profesionales-y-empresarias-como-Marcelle-Martinez-Bonetti-CEO-de-Grupo-Milomar-Pamela-Garcia-CEO-de-STRUKTURELAB-e-Ileana-Rojas-Gonzalez-de-Metaldom-scaled.jpg\" data-rel=\"penci-gallery-image-content\"><img loading=\"lazy\" decoding=\"async\" class=\"wp-image-234969\" src=\"https:\/\/diariosocialrd.com\/wp-content\/uploads\/2025\/07\/El-panel-reunio-a-destacadas-profesionales-y-empresarias-como-Marcelle-Martinez-Bonetti-CEO-de-Grupo-Milomar-Pamela-Garcia-CEO-de-STRUKTURELAB-e-Ileana-Rojas-Gonzalez-de-Metaldom-1024x683.jpg\" sizes=\"auto, (max-width: 1024px) 100vw, 1024px\" srcset=\"https:\/\/diariosocialrd.com\/wp-content\/uploads\/2025\/07\/El-panel-reunio-a-destacadas-profesionales-y-empresarias-como-Marcelle-Martinez-Bonetti-CEO-de-Grupo-Milomar-Pamela-Garcia-CEO-de-STRUKTURELAB-e-Ileana-Rojas-Gonzalez-de-Metaldom-1024x683.jpg 1024w, https:\/\/diariosocialrd.com\/wp-content\/uploads\/2025\/07\/El-panel-reunio-a-destacadas-profesionales-y-empresarias-como-Marcelle-Martinez-Bonetti-CEO-de-Grupo-Milomar-Pamela-Garcia-CEO-de-STRUKTURELAB-e-Ileana-Rojas-Gonzalez-de-Metaldom-300x200.jpg 300w, https:\/\/diariosocialrd.com\/wp-content\/uploads\/2025\/07\/El-panel-reunio-a-destacadas-profesionales-y-empresarias-como-Marcelle-Martinez-Bonetti-CEO-de-Grupo-Milomar-Pamela-Garcia-CEO-de-STRUKTURELAB-e-Ileana-Rojas-Gonzalez-de-Metaldom-768x512.jpg 768w, https:\/\/diariosocialrd.com\/wp-content\/uploads\/2025\/07\/El-panel-reunio-a-destacadas-profesionales-y-empresarias-como-Marcelle-Martinez-Bonetti-CEO-de-Grupo-Milomar-Pamela-Garcia-CEO-de-STRUKTURELAB-e-Ileana-Rojas-Gonzalez-de-Metaldom-1536x1024.jpg 1536w, https:\/\/diariosocialrd.com\/wp-content\/uploads\/2025\/07\/El-panel-reunio-a-destacadas-profesionales-y-empresarias-como-Marcelle-Martinez-Bonetti-CEO-de-Grupo-Milomar-Pamela-Garcia-CEO-de-STRUKTURELAB-e-Ileana-Rojas-Gonzalez-de-Metaldom-2048x1365.jpg 2048w, https:\/\/diariosocialrd.com\/wp-content\/uploads\/2025\/07\/El-panel-reunio-a-destacadas-profesionales-y-empresarias-como-Marcelle-Martinez-Bonetti-CEO-de-Grupo-Milomar-Pamela-Garcia-CEO-de-STRUKTURELAB-e-Ileana-Rojas-Gonzalez-de-Metaldom-1920x1280.jpg 1920w, https:\/\/diariosocialrd.com\/wp-content\/uploads\/2025\/07\/El-panel-reunio-a-destacadas-profesionales-y-empresarias-como-Marcelle-Martinez-Bonetti-CEO-de-Grupo-Milomar-Pamela-Garcia-CEO-de-STRUKTURELAB-e-Ileana-Rojas-Gonzalez-de-Metaldom-1170x780.jpg 1170w, https:\/\/diariosocialrd.com\/wp-content\/uploads\/2025\/07\/El-panel-reunio-a-destacadas-profesionales-y-empresarias-como-Marcelle-Martinez-Bonetti-CEO-de-Grupo-Milomar-Pamela-Garcia-CEO-de-STRUKTURELAB-e-Ileana-Rojas-Gonzalez-de-Metaldom-585x390.jpg 585w, https:\/\/diariosocialrd.com\/wp-content\/uploads\/2025\/07\/El-panel-reunio-a-destacadas-profesionales-y-empresarias-como-Marcelle-Martinez-Bonetti-CEO-de-Grupo-Milomar-Pamela-Garcia-CEO-de-STRUKTURELAB-e-Ileana-Rojas-Gonzalez-de-Metaldom-263x175.jpg 263w\" alt=\"\" width=\"1024\" height=\"683\" \/><\/a><\/figure>\n<p>La conversaci\u00f3n fue moderada por la consultora empresarial\u00a0<strong>Grisbel Medina<\/strong>, quien propici\u00f3 un di\u00e1logo cercano, reflexivo y estrat\u00e9gico. La neuropsic\u00f3loga\u00a0<strong>Gloria Mar\u00eda Morel<\/strong>\u00a0tambi\u00e9n aport\u00f3 una mirada imprescindible: el empoderamiento comienza en el bienestar emocional. \u201cLiderar requiere conciencia, salud mental y una autoestima fortalecida\u201d, puntualiz\u00f3.<\/p>\n<p>La gestora del panel y cofundadora del\u00a0<strong>Instituto Dominicano de la Construcci\u00f3n con Estructura Met\u00e1lica (IDCEM)<\/strong>,\u00a0<strong>Heliana Medina<\/strong>, subray\u00f3 la importancia del momento. \u201cLas mujeres ya est\u00e1n liderando proyectos clave, marcando el paso de la innovaci\u00f3n, la sostenibilidad y la transformaci\u00f3n del sector\u201d, afirm\u00f3.<\/p>\n<p>En el panel tambi\u00e9n intervino\u00a0<strong>Gloria Reyes<\/strong>, directora de la Direcci\u00f3n de Desarrollo Social Sup\u00e9rate, quien destac\u00f3 la necesidad de seguir impulsando pol\u00edticas que integren a m\u00e1s mujeres en los sectores t\u00e9cnicos e industriales, a\u00fan muy masculinizados. \u201cNo se trata solo de abrir espacios, sino de crear condiciones reales de crecimiento y equidad\u201d, sostuvo.<\/p>\n<figure class=\"wp-block-image size-large\"><a href=\"https:\/\/diariosocialrd.com\/wp-content\/uploads\/2025\/07\/Gloria-Reyes-directora-de-la-Direccion-de-Desarrollo-Social-Superate-scaled.jpg\" data-rel=\"penci-gallery-image-content\"><img decoding=\"async\" class=\"wp-image-234968\" src=\"https:\/\/diariosocialrd.com\/wp-content\/uploads\/2025\/07\/Gloria-Reyes-directora-de-la-Direccion-de-Desarrollo-Social-Superate-683x1024.jpg\" alt=\"\" \/><\/a><\/figure>\n<p>El impacto ambiental fue otro eje clave de la jornada. Ileana Rojas destac\u00f3 los esfuerzos de METALDOM hacia la sostenibilidad como apuesta a largo plazo por la calidad de vida. Por su parte, la ingeniera Pamela Garc\u00eda habl\u00f3 de la posibilidad real de unir seguridad estructural con dise\u00f1o est\u00e9tico, desmitificando viejos paradigmas.<\/p>\n<p>La iniciativa fue posible gracias al respaldo de empresas como\u00a0<strong>Metaldom, Carrujo Empresarial, Kinnox, Grabo Estilo y Escaparate by Loraine Isa<\/strong>, junto al valioso apoyo medi\u00e1tico de\u00a0<strong>El Dinero Mujer, El Nuevo Diario, Somos Magazine y Arquitexto<\/strong>.<\/p>\n<p><strong>Mujeres de Acero<\/strong>\u00a0se consolida as\u00ed como una plataforma de inspiraci\u00f3n y construcci\u00f3n colectiva, donde las redes de apoyo, el liderazgo colaborativo y la visi\u00f3n de equidad se traducen en acciones concretas que ya est\u00e1n redefiniendo la industria de la construcci\u00f3n en Rep\u00fablica Dominicana.<\/p>\n","protected":false},"excerpt":{"rendered":"<p>En un sector hist\u00f3ricamente dominado por hombres, un grupo de mujeres l\u00edderes est\u00e1 marcando un nuevo rumbo. La segunda edici\u00f3n del panel\u00a0Mujeres de Acero, celebrada en Santo Domingo, reafirm\u00f3 su&hellip; <\/p>\n","protected":false},"author":2,"featured_media":72188,"comment_status":"closed","ping_status":"closed","sticky":false,"template":"","format":"standard","meta":{"fifu_image_url":"","fifu_image_alt":"","footnotes":""},"categories":[69],"tags":[],"class_list":["post-72187","post","type-post","status-publish","format-standard","has-post-thumbnail","hentry","category-construccion"],"_links":{"self":[{"href":"https:\/\/elmundodelosnegocios.com.do\/v1\/wp-json\/wp\/v2\/posts\/72187","targetHints":{"allow":["GET"]}}],"collection":[{"href":"https:\/\/elmundodelosnegocios.com.do\/v1\/wp-json\/wp\/v2\/posts"}],"about":[{"href":"https:\/\/elmundodelosnegocios.com.do\/v1\/wp-json\/wp\/v2\/types\/post"}],"author":[{"embeddable":true,"href":"https:\/\/elmundodelosnegocios.com.do\/v1\/wp-json\/wp\/v2\/users\/2"}],"replies":[{"embeddable":true,"href":"https:\/\/elmundodelosnegocios.com.do\/v1\/wp-json\/wp\/v2\/comments?post=72187"}],"version-history":[{"count":1,"href":"https:\/\/elmundodelosnegocios.com.do\/v1\/wp-json\/wp\/v2\/posts\/72187\/revisions"}],"predecessor-version":[{"id":72189,"href":"https:\/\/elmundodelosnegocios.com.do\/v1\/wp-json\/wp\/v2\/posts\/72187\/revisions\/72189"}],"wp:featuredmedia":[{"embeddable":true,"href":"https:\/\/elmundodelosnegocios.com.do\/v1\/wp-json\/wp\/v2\/media\/72188"}],"wp:attachment":[{"href":"https:\/\/elmundodelosnegocios.com.do\/v1\/wp-json\/wp\/v2\/media?parent=72187"}],"wp:term":[{"taxonomy":"category","embeddable":true,"href":"https:\/\/elmundodelosnegocios.com.do\/v1\/wp-json\/wp\/v2\/categories?post=72187"},{"taxonomy":"post_tag","embeddable":true,"href":"https:\/\/elmundodelosnegocios.com.do\/v1\/wp-json\/wp\/v2\/tags?post=72187"}],"curies":[{"name":"wp","href":"https:\/\/api.w.org\/{rel}","templated":true}]}}