{"id":72190,"date":"2025-07-31T08:02:24","date_gmt":"2025-07-31T12:32:24","guid":{"rendered":"https:\/\/www.elmundodelosnegocios.com.do\/v1\/?p=72190"},"modified":"2025-07-31T08:02:24","modified_gmt":"2025-07-31T12:32:24","slug":"ministro-de-turismo-reinaugura-el-parque-duarte-y-deja-abierta-la-iconica-calle-las-mercedes-en-ciudad-colonial","status":"publish","type":"post","link":"https:\/\/elmundodelosnegocios.com.do\/v1\/ministro-de-turismo-reinaugura-el-parque-duarte-y-deja-abierta-la-iconica-calle-las-mercedes-en-ciudad-colonial\/","title":{"rendered":"Ministro de Turismo reinaugura el parque Duarte y deja abierta la ic\u00f3nica calle Las Mercedes en Ciudad Colonial"},"content":{"rendered":"<p dir=\"ltr\">Santo Domingo.- El ministro de Turismo,\u00a0<strong>David Collado<\/strong>, inaugur\u00f3 este mi\u00e9rcoles el\u00a0<strong>remozado parque Juan Pablo Duarte<\/strong>\u00a0y dej\u00f3 en funcionamiento la\u00a0<strong>restaurada calle Las Mercedes\u00a0<\/strong>de la Ciudad Colonial, como parte del amplio programa de\u00a0<strong>rehabilitaci\u00f3n\u00a0<\/strong>de toda esa<strong>\u00a0hist\u00f3rica, emblem\u00e1tica y tur\u00edstica<\/strong>\u00a0<strong>zona de la capital dominicana.<\/strong><\/p>\n<p dir=\"ltr\"><img loading=\"lazy\" decoding=\"async\" class=\"aligncenter size-full\" src=\"https:\/\/presidencia.gob.do\/sites\/default\/files\/styles\/large\/public\/news\/2025-07\/IMG-20250730-WA0095%20%281%29.jpg?itok=P1vlP9dO\" width=\"1300\" height=\"731\" \/><\/p>\n<p dir=\"ltr\">Las obras forman parte del programa integral de\u00a0<strong>Desarrollo Tur\u00edstico y Urbano de la Ciudad Colonial<\/strong>\u00a0que ejecuta el ministerio de\u00a0<strong>Turismo<\/strong>\u00a0y el Banco Interamericano de Desarrollo\u00a0<strong>(BID)<\/strong>, con una inversi\u00f3n de\u00a0<strong>90 millones de d\u00f3lares.<\/strong><\/p>\n<p dir=\"ltr\">El ministro Collado destac\u00f3 la importancia de esas dos obras y se\u00f1al\u00f3 el\u00a0<strong>valor hist\u00f3rico del rescate\u00a0<\/strong>del emblem\u00e1tico parque Duarte, adem\u00e1s de su atracci\u00f3n tur\u00edstica.<\/p>\n<p dir=\"ltr\">Asimismo, el funcionario afirm\u00f3 que la apertura de la simb\u00f3lica calle Las Mercedes es parte del\u00a0<strong>proyecto de Calles Priorizadas<\/strong>, que busca convertir las v\u00edas de la Ciudad Colonial en\u00a0<strong>espacios p\u00fablicos m\u00e1s habitables, caminables, inclusivos y accesibles<\/strong>\u00a0para sus residentes, comerciantes y visitantes.<\/p>\n<p dir=\"ltr\"><em>\u201cEstas dos obras tienen un valor extraordinario en todo este esfuerzo de transformaci\u00f3n total de nuestra hermosa e hist\u00f3rica Ciudad Colonial\u201d,<\/em>\u00a0dijo el ministro Collado.<\/p>\n<p dir=\"ltr\"><strong>Reacondicionamiento del parque Duarte<\/strong>.<\/p>\n<p dir=\"ltr\">Entre los trabajos de reacondicionamiento del parque Duarte se incluy\u00f3 iluminaci\u00f3n, paisajismo, siembra de nuevos \u00e1rboles, se\u00f1al\u00e9tica, pavimento con adoquines permeables y dise\u00f1o con accesibilidad universal.<\/p>\n<p dir=\"ltr\"><strong>Alcance de la obra en la calle Las Mercedes<\/strong><\/p>\n<p dir=\"ltr\">La calle Las Mercedes tiene una longitud de 715 metros y los trabajos realizados consisten en nuevo pavimento en la calzada y aceras, con tabletas de hormig\u00f3n.<\/p>\n<p dir=\"ltr\">Se convirti\u00f3 el espacio en\u00a0<strong>plataforma \u00fanica, entre aceras y calles, para un desplazamiento peatonal seguro.<\/strong><\/p>\n<p dir=\"ltr\">Se rehabilit\u00f3 la red hidrosanitaria y se sustituy\u00f3 la red de agua potable y las acometidas, tanto para las residencias como a los comercios.<\/p>\n<p dir=\"ltr\">Fue separado el drenaje sanitario del drenaje pluvial, as\u00ed como se incluyeron\u00a0<strong>se\u00f1alizaciones podot\u00e1ctiles<\/strong>, que guiar\u00e1n con seguridad a las\u00a0<strong>personas con visi\u00f3n reducida.<\/strong><\/p>\n<p dir=\"ltr\">El proyecto incluye\u00a0<strong>redes el\u00e9ctricas y de telecomunicaciones soterradas<\/strong>.<\/p>\n<p dir=\"ltr\">Este proyecto de Calles Priorizadas se centra en la rehabilitaci\u00f3n de 4.7 kil\u00f3metros de calles, incluyendo la renovaci\u00f3n de pavimentos, aceras, redes hidrosanitarias, el\u00e9ctricas y de telecomunicaciones, adem\u00e1s de un\u00a0<strong>plan piloto de electromovilidad y manejo de residuos.<\/strong><\/p>\n<p dir=\"ltr\">Las calles priorizadas son: Las Damas, El Conde, Hostos, Luper\u00f3n, Salom\u00e9 Ure\u00f1a, Duarte, 19 de Marzo, Jos\u00e9 Reyes, Las Mercedes, Arzobispo Nouel y Padre Billini.<\/p>\n","protected":false},"excerpt":{"rendered":"<p>Santo Domingo.- El ministro de Turismo,\u00a0David Collado, inaugur\u00f3 este mi\u00e9rcoles el\u00a0remozado parque Juan Pablo Duarte\u00a0y dej\u00f3 en funcionamiento la\u00a0restaurada calle Las Mercedes\u00a0de la Ciudad Colonial, como parte del amplio programa&hellip; <\/p>\n","protected":false},"author":2,"featured_media":72191,"comment_status":"closed","ping_status":"closed","sticky":false,"template":"","format":"standard","meta":{"fifu_image_url":"https:\/\/presidencia.gob.do\/sites\/default\/files\/styles\/large\/public\/news\/2025-07\/IMG-20250730-WA0095%20%281%29.jpg?itok=P1vlP9dO","fifu_image_alt":"","footnotes":""},"categories":[172],"tags":[],"class_list":["post-72190","post","type-post","status-publish","format-standard","has-post-thumbnail","hentry","category-turismo"],"_links":{"self":[{"href":"https:\/\/elmundodelosnegocios.com.do\/v1\/wp-json\/wp\/v2\/posts\/72190","targetHints":{"allow":["GET"]}}],"collection":[{"href":"https:\/\/elmundodelosnegocios.com.do\/v1\/wp-json\/wp\/v2\/posts"}],"about":[{"href":"https:\/\/elmundodelosnegocios.com.do\/v1\/wp-json\/wp\/v2\/types\/post"}],"author":[{"embeddable":true,"href":"https:\/\/elmundodelosnegocios.com.do\/v1\/wp-json\/wp\/v2\/users\/2"}],"replies":[{"embeddable":true,"href":"https:\/\/elmundodelosnegocios.com.do\/v1\/wp-json\/wp\/v2\/comments?post=72190"}],"version-history":[{"count":1,"href":"https:\/\/elmundodelosnegocios.com.do\/v1\/wp-json\/wp\/v2\/posts\/72190\/revisions"}],"predecessor-version":[{"id":72192,"href":"https:\/\/elmundodelosnegocios.com.do\/v1\/wp-json\/wp\/v2\/posts\/72190\/revisions\/72192"}],"wp:featuredmedia":[{"embeddable":true,"href":"https:\/\/elmundodelosnegocios.com.do\/v1\/wp-json\/wp\/v2\/media\/72191"}],"wp:attachment":[{"href":"https:\/\/elmundodelosnegocios.com.do\/v1\/wp-json\/wp\/v2\/media?parent=72190"}],"wp:term":[{"taxonomy":"category","embeddable":true,"href":"https:\/\/elmundodelosnegocios.com.do\/v1\/wp-json\/wp\/v2\/categories?post=72190"},{"taxonomy":"post_tag","embeddable":true,"href":"https:\/\/elmundodelosnegocios.com.do\/v1\/wp-json\/wp\/v2\/tags?post=72190"}],"curies":[{"name":"wp","href":"https:\/\/api.w.org\/{rel}","templated":true}]}}