{"id":72196,"date":"2025-08-04T07:23:41","date_gmt":"2025-08-04T11:53:41","guid":{"rendered":"https:\/\/www.elmundodelosnegocios.com.do\/v1\/?p=72196"},"modified":"2025-08-04T07:23:41","modified_gmt":"2025-08-04T11:53:41","slug":"autoridades-educativas-de-nueva-york-inician-manana-visita-a-la-republica-dominicana-junto-con-estudiantes-dominicanos-meritorios-del-programa-origenes-de-excelencia","status":"publish","type":"post","link":"https:\/\/elmundodelosnegocios.com.do\/v1\/autoridades-educativas-de-nueva-york-inician-manana-visita-a-la-republica-dominicana-junto-con-estudiantes-dominicanos-meritorios-del-programa-origenes-de-excelencia\/","title":{"rendered":"Autoridades educativas de Nueva York inician ma\u00f1ana visita a la Rep\u00fablica Dominicana junto con estudiantes dominicanos meritorios del programa \u201cOr\u00edgenes de Excelencia\u201d"},"content":{"rendered":"<p class=\"text-align-justify\">Santo Domingo.\u2013 Un grupo de\u00a0<strong>30 estudiantes dominicanos<\/strong>\u00a0residentes en la ciudad de\u00a0<strong>Nueva York<\/strong>, galardonados recientemente por su\u00a0<strong>excelencia acad\u00e9mica<\/strong>, iniciar\u00e1n este lunes, junto con funcionarios educativos de la ciudad de Nueva York, una serie de actividades como parte del\u00a0<strong>programa \u201cOr\u00edgenes de Excelencia\u201d.\u00a0<\/strong>Esta iniciativa busca reconectar a j\u00f3venes destacados de la di\u00e1spora con sus\u00a0<strong>ra\u00edces culturales y patri\u00f3ticas.<\/strong><\/p>\n<p><img loading=\"lazy\" decoding=\"async\" class=\"aligncenter size-full\" src=\"https:\/\/presidencia.gob.do\/sites\/default\/files\/styles\/large\/public\/news\/2025-08\/1000612298.jpg?itok=wbLjCnve\" width=\"1300\" height=\"731\" \/><\/p>\n<p class=\"text-align-justify\">Durante su estad\u00eda,\u00a0<strong>ser\u00e1n recibidos<\/strong>\u00a0en el Palacio Nacional\u00a0<strong>por el presidente de la Rep\u00fablica, Luis Abinader<\/strong>, en un gesto de reconocimiento al talento, la disciplina y el compromiso de la juventud dominicana en el exterior.<\/p>\n<p class=\"text-align-justify\">Los estudiantes estar\u00e1n acompa\u00f1ados por una\u00a0<strong>comitiva de alto nivel<\/strong>\u00a0que encabeza el doctor\u00a0<strong>Guillermo Linares<\/strong>, presidente de la Corporaci\u00f2n de Servicios de Educaci\u00f3n Superior del Estado de Nueva York;\u00a0<strong>Betty A. Rosa Schmeltzer<\/strong>, comisionada de Educaci\u00f3n;\u00a0<strong>Elisa \u00c1lvarez<\/strong>, comisionada asociada, y\u00a0<strong>Karina Collado<\/strong>, gestora en la Bolsa de Valores de Nueva York, as\u00ed como una comitiva del Consulado Dominicano en Nueva York, que dirige\u00a0<strong>Jes\u00fas V\u00e1squez Mart\u00ednez.<\/strong><\/p>\n<p class=\"text-align-justify\">El programa de actividades se iniciar\u00e1 en horas de la ma\u00f1ana en el Palacio Nacional, e incluye tambi\u00e9n visitas institucionales, encuentros con autoridades,\u00a0<strong>experiencias culturales y educativas<\/strong>, as\u00ed como espacios de\u00a0<strong>integraci\u00f3n comunitaria<\/strong>. Entre las actividades programadas se destacan:<\/p>\n<p class=\"text-align-justify\">-Visita a la Universidad Aut\u00f3noma de Santo Domingo (UASD).<\/p>\n<p class=\"text-align-justify\">-Recorrido por la Canciller\u00eda y almuerzo con viceministros.<\/p>\n<p class=\"text-align-justify\">-Conferencia sobre la doble ciudadan\u00eda y el voto en el exterior<\/p>\n<p class=\"text-align-justify\">-Visita a la C\u00e1mara de Diputados.<\/p>\n<p class=\"text-align-justify\">-Almuerzo con la Fundaci\u00f3n Rica.<\/p>\n<p class=\"text-align-justify\">-Actividad con el Ayuntamiento del Distrito Nacional.<\/p>\n<p class=\"text-align-justify\">-Recorrido por la Plaza de la Cultura y sus museos.<\/p>\n<p class=\"text-align-justify\">-Almuerzo y visita a la Zona Colonial.<\/p>\n<p class=\"text-align-justify\">-Encuentro con el exbeisbolista dominicano David Ortiz, miembro del Sal\u00f3n de la Fama.<\/p>\n<p class=\"text-align-justify\">Este programa cuenta con la coordinaci\u00f3n del Consulado General de la Rep\u00fablica Dominicana en Nueva York, el Ministerio de Educaci\u00f3n de la Rep\u00fablica Dominicana, en uni\u00f3n al de Relaciones Exteriores y el Comisionado de Educaci\u00f3n del Estado de Nueva York. Asimismo, recibe el respaldo del Ministerio de la Presidencia, el Ministerio de Cultura, la C\u00e1mara de Diputados, el Senado de la Rep\u00fablica, la Junta Central Electoral, la Liga Municipal Dominicana, la Federaci\u00f3n Dominicana de Municipios (Fedomu), el Ayuntamiento del Distrito Nacional y la Universidad Aut\u00f3noma de Santo Domingo.<\/p>\n<p class=\"text-align-justify\">Cabe destacar que en junio pasado los estudiantes\u00a0<strong>fueron reconocidos<\/strong>\u00a0durante una ceremonia en la sede del\u00a0<strong>Consulado Dominicano en Nueva York.<\/strong>\u00a0En esa ocasi\u00f3n, el c\u00f3nsul Jes\u00fas V\u00e1squez Mart\u00ednez expres\u00f3 su orgullo por el desempe\u00f1o de los j\u00f3venes, quienes fueron seleccionados mediante un riguroso proceso que valor\u00f3 su\u00a0<strong>excelencia acad\u00e9mica, liderazgo y compromiso comunitario.<\/strong><\/p>\n<p class=\"text-align-justify\"><strong>Compromiso con la educaci\u00f3n y la di\u00e1spora<\/strong><\/p>\n<p class=\"text-align-justify\">La iniciativa \u201cOr\u00edgenes de Excelencia\u201d reafirma el compromiso del Estado dominicano con el\u00a0<strong>fortalecimiento de los v\u00ednculos con su di\u00e1spora<\/strong>, as\u00ed como con la promoci\u00f3n de la educaci\u00f3n y el\u00a0<strong>sentido de pertenencia nacional<\/strong>\u00a0entre los j\u00f3venes dominicanos en el exterior.<\/p>\n<p class=\"text-align-justify\">El programa cuenta tambi\u00e9n con el patrocinio de importantes empresas del sector privado, entre las que se encuentran: la Fundaci\u00f3n Rica, el Banco BHD, la l\u00ednea a\u00e9rea Arajet y Cielos RD.<\/p>\n","protected":false},"excerpt":{"rendered":"<p>Santo Domingo.\u2013 Un grupo de\u00a030 estudiantes dominicanos\u00a0residentes en la ciudad de\u00a0Nueva York, galardonados recientemente por su\u00a0excelencia acad\u00e9mica, iniciar\u00e1n este lunes, junto con funcionarios educativos de la ciudad de Nueva York,&hellip; <\/p>\n","protected":false},"author":2,"featured_media":72197,"comment_status":"closed","ping_status":"closed","sticky":false,"template":"","format":"standard","meta":{"fifu_image_url":"https:\/\/presidencia.gob.do\/sites\/default\/files\/styles\/large\/public\/news\/2025-08\/1000612298.jpg?itok=wbLjCnve","fifu_image_alt":"","footnotes":""},"categories":[151],"tags":[],"class_list":["post-72196","post","type-post","status-publish","format-standard","has-post-thumbnail","hentry","category-gerencia"],"_links":{"self":[{"href":"https:\/\/elmundodelosnegocios.com.do\/v1\/wp-json\/wp\/v2\/posts\/72196","targetHints":{"allow":["GET"]}}],"collection":[{"href":"https:\/\/elmundodelosnegocios.com.do\/v1\/wp-json\/wp\/v2\/posts"}],"about":[{"href":"https:\/\/elmundodelosnegocios.com.do\/v1\/wp-json\/wp\/v2\/types\/post"}],"author":[{"embeddable":true,"href":"https:\/\/elmundodelosnegocios.com.do\/v1\/wp-json\/wp\/v2\/users\/2"}],"replies":[{"embeddable":true,"href":"https:\/\/elmundodelosnegocios.com.do\/v1\/wp-json\/wp\/v2\/comments?post=72196"}],"version-history":[{"count":1,"href":"https:\/\/elmundodelosnegocios.com.do\/v1\/wp-json\/wp\/v2\/posts\/72196\/revisions"}],"predecessor-version":[{"id":72198,"href":"https:\/\/elmundodelosnegocios.com.do\/v1\/wp-json\/wp\/v2\/posts\/72196\/revisions\/72198"}],"wp:featuredmedia":[{"embeddable":true,"href":"https:\/\/elmundodelosnegocios.com.do\/v1\/wp-json\/wp\/v2\/media\/72197"}],"wp:attachment":[{"href":"https:\/\/elmundodelosnegocios.com.do\/v1\/wp-json\/wp\/v2\/media?parent=72196"}],"wp:term":[{"taxonomy":"category","embeddable":true,"href":"https:\/\/elmundodelosnegocios.com.do\/v1\/wp-json\/wp\/v2\/categories?post=72196"},{"taxonomy":"post_tag","embeddable":true,"href":"https:\/\/elmundodelosnegocios.com.do\/v1\/wp-json\/wp\/v2\/tags?post=72196"}],"curies":[{"name":"wp","href":"https:\/\/api.w.org\/{rel}","templated":true}]}}