{"id":72202,"date":"2025-08-04T07:38:49","date_gmt":"2025-08-04T12:08:49","guid":{"rendered":"https:\/\/www.elmundodelosnegocios.com.do\/v1\/?p=72202"},"modified":"2025-08-04T07:38:49","modified_gmt":"2025-08-04T12:08:49","slug":"superintendencia-de-seguros-coordinara-cumbre-iberoamericana-del-seguro-en-santo-domingo","status":"publish","type":"post","link":"https:\/\/elmundodelosnegocios.com.do\/v1\/superintendencia-de-seguros-coordinara-cumbre-iberoamericana-del-seguro-en-santo-domingo\/","title":{"rendered":"Superintendencia de Seguros coordinar\u00e1 Cumbre Iberoamericana del Seguro en Santo Domingo"},"content":{"rendered":"<p dir=\"ltr\"><strong>Santo Domingo<\/strong>. \u2013 La Superintendencia de Seguros de la Rep\u00fablica Dominicana (SIS) firm\u00f3 un acuerdo de colaboraci\u00f3n con la Fundaci\u00f3n Iberoamericana Alianza del Seguro (FIAS) para la organizaci\u00f3n de la Cumbre Iberoamericana del Seguro 2030, que se celebrar\u00e1 en Santo Domingo en 2026.<\/p>\n<p dir=\"ltr\"><img loading=\"lazy\" decoding=\"async\" class=\"aligncenter size-full\" src=\"https:\/\/presidencia.gob.do\/sites\/default\/files\/styles\/large\/public\/news\/2025-08\/1000606505.jpg?itok=2gEyP_1G\" width=\"1300\" height=\"731\" \/><\/p>\n<p dir=\"ltr\">El Convenio 2025\u20132026, firmado por el superintendente Julio C\u00e9sar Valent\u00edn Jimini\u00e1n y por Pascual Llongueras, vicepresidente ejecutivo de la FIAS, establece las bases para la realizaci\u00f3n de este evento de alto impacto regional, que busca proyectar el liderazgo del pa\u00eds en el \u00e1mbito asegurador iberoamericano. Durante el acto protocolar, el superintendente estuvo representado por el intendente de seguros, Francisco Campos \u00c1lvarez.<\/p>\n<p dir=\"ltr\">Esta iniciativa da continuidad a los compromisos asumidos por la SIS durante la Cumbre celebrada en Costa Rica en 2024, donde se expres\u00f3 la voluntad de consolidar un proyecto de largo alcance (2026\u20132028), orientado a generar transformaciones duraderas en el ecosistema asegurador de la regi\u00f3n<\/p>\n<p><img loading=\"lazy\" decoding=\"async\" src=\"https:\/\/presidencia.gob.do\/sites\/default\/files\/inline-images\/1000606503.jpg\" width=\"4160\" height=\"3534\" data-entity-uuid=\"41be39bc-7b6c-402b-a66b-5739dc091214\" data-entity-type=\"file\" \/><\/p>\n<p dir=\"ltr\">Desde 2024, la Superintendencia de Seguros forma parte de la Alianza del Seguro, una red que agrupa a 175 entidades del Consejo Iberoamericano de Empresas y Organizaciones. Adem\u00e1s, el superintendente Julio C\u00e9sar Valent\u00edn Jimini\u00e1n ha sido invitado a integrar el\u00a0<em>think tank<\/em>\u00a0de esta alianza, compuesto por 115 expertos del sector asegurador y financiero de Am\u00e9rica Latina.<\/p>\n<p dir=\"ltr\">Durante la firma del acuerdo, se destac\u00f3 que esta colaboraci\u00f3n representa una oportunidad estrat\u00e9gica para dotar al proceso de transformaci\u00f3n del seguro dominicano de una visi\u00f3n m\u00e1s humana, innovadora e inteligente, alineada con los desaf\u00edos contempor\u00e1neos del sector.<\/p>\n<p dir=\"ltr\"><strong>Un espacio para el di\u00e1logo y la transformaci\u00f3n<\/strong><\/p>\n<p dir=\"ltr\">La Fundaci\u00f3n Iberoamericana Alianza del Seguro fue constituida en 2020 con el prop\u00f3sito de fomentar un di\u00e1logo abierto entre la sociedad y el mundo del seguro, m\u00e1s all\u00e1 de su funci\u00f3n tradicional como instrumento de cobertura ante riesgos. Su enfoque se basa en impulsar una transformaci\u00f3n estructural del sector, fundamentada en la sostenibilidad, el crecimiento de las personas y la innovaci\u00f3n econ\u00f3mica y social.<\/p>\n<p dir=\"ltr\">La Cumbre Iberoamericana del Seguro 2030 en Santo Domingo abordar\u00e1 tem\u00e1ticas clave para el futuro del sector, tales como el liderazgo, la atracci\u00f3n y retenci\u00f3n del talento, tecnolog\u00edas disruptivas, metodolog\u00edas \u00e1giles, gesti\u00f3n del cambio y fortalecimiento de la cultura aseguradora.<\/p>\n<p dir=\"ltr\">Asimismo, promover\u00e1 proyectos de investigaci\u00f3n centrados en la relaci\u00f3n entre el seguro y las personas, con una mirada transversal que abarque los \u00e1mbitos econ\u00f3mico, social, tecnol\u00f3gico y cultural.<\/p>\n<p dir=\"ltr\">Con esta iniciativa, la Superintendencia de Seguros consolida su proyecci\u00f3n internacional y reafirma su compromiso con una transformaci\u00f3n estructural y sostenible del sector asegurador dominicano, en consonancia con las principales tendencias globales.<\/p>\n","protected":false},"excerpt":{"rendered":"<p>Santo Domingo. \u2013 La Superintendencia de Seguros de la Rep\u00fablica Dominicana (SIS) firm\u00f3 un acuerdo de colaboraci\u00f3n con la Fundaci\u00f3n Iberoamericana Alianza del Seguro (FIAS) para la organizaci\u00f3n de la&hellip; <\/p>\n","protected":false},"author":2,"featured_media":72203,"comment_status":"closed","ping_status":"closed","sticky":false,"template":"","format":"standard","meta":{"fifu_image_url":"https:\/\/presidencia.gob.do\/sites\/default\/files\/styles\/large\/public\/news\/2025-08\/1000606505.jpg?itok=2gEyP_1G","fifu_image_alt":"","footnotes":""},"categories":[89],"tags":[],"class_list":["post-72202","post","type-post","status-publish","format-standard","has-post-thumbnail","hentry","category-seguros"],"_links":{"self":[{"href":"https:\/\/elmundodelosnegocios.com.do\/v1\/wp-json\/wp\/v2\/posts\/72202","targetHints":{"allow":["GET"]}}],"collection":[{"href":"https:\/\/elmundodelosnegocios.com.do\/v1\/wp-json\/wp\/v2\/posts"}],"about":[{"href":"https:\/\/elmundodelosnegocios.com.do\/v1\/wp-json\/wp\/v2\/types\/post"}],"author":[{"embeddable":true,"href":"https:\/\/elmundodelosnegocios.com.do\/v1\/wp-json\/wp\/v2\/users\/2"}],"replies":[{"embeddable":true,"href":"https:\/\/elmundodelosnegocios.com.do\/v1\/wp-json\/wp\/v2\/comments?post=72202"}],"version-history":[{"count":1,"href":"https:\/\/elmundodelosnegocios.com.do\/v1\/wp-json\/wp\/v2\/posts\/72202\/revisions"}],"predecessor-version":[{"id":72204,"href":"https:\/\/elmundodelosnegocios.com.do\/v1\/wp-json\/wp\/v2\/posts\/72202\/revisions\/72204"}],"wp:featuredmedia":[{"embeddable":true,"href":"https:\/\/elmundodelosnegocios.com.do\/v1\/wp-json\/wp\/v2\/media\/72203"}],"wp:attachment":[{"href":"https:\/\/elmundodelosnegocios.com.do\/v1\/wp-json\/wp\/v2\/media?parent=72202"}],"wp:term":[{"taxonomy":"category","embeddable":true,"href":"https:\/\/elmundodelosnegocios.com.do\/v1\/wp-json\/wp\/v2\/categories?post=72202"},{"taxonomy":"post_tag","embeddable":true,"href":"https:\/\/elmundodelosnegocios.com.do\/v1\/wp-json\/wp\/v2\/tags?post=72202"}],"curies":[{"name":"wp","href":"https:\/\/api.w.org\/{rel}","templated":true}]}}