{"id":72250,"date":"2025-08-06T08:13:56","date_gmt":"2025-08-06T12:43:56","guid":{"rendered":"https:\/\/www.elmundodelosnegocios.com.do\/v1\/?p=72250"},"modified":"2025-08-06T08:13:56","modified_gmt":"2025-08-06T12:43:56","slug":"republica-dominicana-firma-historico-acuerdo-con-la-fcca-para-impulsar-el-turismo-de-cruceros","status":"publish","type":"post","link":"https:\/\/elmundodelosnegocios.com.do\/v1\/republica-dominicana-firma-historico-acuerdo-con-la-fcca-para-impulsar-el-turismo-de-cruceros\/","title":{"rendered":"Rep\u00fablica Dominicana firma hist\u00f3rico acuerdo con la FCCA para impulsar el turismo de cruceros"},"content":{"rendered":"<h2 class=\"wp-block-heading\">El pa\u00eds caribe\u00f1o se convierte en uno de los cinco destinos prioritarios de la Asociaci\u00f3n de Cruceros de Florida y el Caribe, lo que atraer\u00e1 m\u00e1s cruceristas, inversi\u00f3n extranjera y empleos<\/h2>\n<p>En un paso trascendental para el desarrollo del turismo mar\u00edtimo,\u00a0<strong>la Rep\u00fablica Dominicana y la Asociaci\u00f3n de Cruceros de Florida y el Caribe (FCCA, por sus siglas en ingl\u00e9s)<\/strong>\u00a0firmaron un\u00a0<strong>hist\u00f3rico acuerdo estrat\u00e9gico<\/strong>\u00a0que posiciona al pa\u00eds entre los cinco socios presidenciales de mayor nivel dentro de la industria regional de cruceros.<\/p>\n<p><img loading=\"lazy\" decoding=\"async\" class=\"aligncenter size-full\" src=\"https:\/\/diariosocialrd.com\/wp-content\/uploads\/2025\/08\/IMG_8024.jpeg\" width=\"1600\" height=\"1143\" \/><\/p>\n<p>El acuerdo fue suscrito en un acto encabezado por el\u00a0<strong>presidente Luis Abinader<\/strong>, el\u00a0<strong>ministro de Turismo, David Collado<\/strong>, y el\u00a0<strong>presidente de la FCCA, Adam Ceserano<\/strong>, consolidando al pa\u00eds como un\u00a0<strong>referente clave del Caribe en el turismo de cruceros<\/strong>.<\/p>\n<blockquote class=\"wp-block-quote\"><p>\u201cEl turismo de cruceros est\u00e1 en su mejor momento en la Rep\u00fablica Dominicana\u201d, asegur\u00f3 el presidente Abinader, al anunciar la construcci\u00f3n de\u00a0<strong>dos nuevos puertos tur\u00edsticos<\/strong>, incluyendo uno en\u00a0<strong>Manzanillo<\/strong>, que se sumar\u00e1n a los siete ya existentes.<\/p><\/blockquote>\n<h2 class=\"wp-block-heading\">Un convenio que transformar\u00e1 el futuro del turismo de cruceros en el pa\u00eds<\/h2>\n<p>El convenio con la FCCA \u2014vigente hasta el 31 de diciembre de 2026\u2014\u00a0<strong>reafirma el compromiso del Gobierno dominicano con la expansi\u00f3n, modernizaci\u00f3n y diversificaci\u00f3n del turismo<\/strong>\u00a0como motor de desarrollo econ\u00f3mico, empleabilidad y competitividad internacional.<\/p>\n<blockquote class=\"wp-block-quote\"><p>\u201cEste acuerdo marca un momento trascendental en la historia del turismo dominicano respecto al sector de cruceros. Abre las puertas a una mayor inversi\u00f3n extranjera y garantiza que m\u00e1s cruceristas sigan eligiendo nuestro pa\u00eds como destino preferido\u201d, expres\u00f3 el ministro Collado.<\/p><\/blockquote>\n<p>En 2023, la Rep\u00fablica Dominicana\u00a0<strong>recibi\u00f3 2,656,305 pasajeros v\u00eda mar\u00edtima<\/strong>, cifra que contin\u00faa en ascenso gracias a la implementaci\u00f3n de pol\u00edticas de promoci\u00f3n estrat\u00e9gica y la mejora de la experiencia del visitante en puertos y destinos tur\u00edsticos del pa\u00eds.<\/p>\n<h2 class=\"wp-block-heading\">Rep\u00fablica Dominicana: Socio presidencial de la FCCA<\/h2>\n<p>Con esta alianza, la Rep\u00fablica Dominicana se convierte en\u00a0<strong>uno de los cinco destinos con los que la FCCA mantiene una relaci\u00f3n a nivel presidencial<\/strong>, lo cual implica un v\u00ednculo prioritario para el dise\u00f1o de itinerarios, inversiones portuarias, desarrollo de experiencias tur\u00edsticas y fortalecimiento del empleo local vinculado a la industria de cruceros.<\/p>\n<p>Entre los compromisos del acuerdo se incluyen:<\/p>\n<ul>\n<li><strong>Reuniones privadas estrat\u00e9gicas<\/strong>\u00a0con altos ejecutivos de las l\u00edneas de cruceros (presidentes, vicepresidentes y directores).<\/li>\n<li><strong>Fomento del abastecimiento local<\/strong>, nuevas rutas e itinerarios tur\u00edsticos.<\/li>\n<li><strong>Programa nacional para insertar talento dominicano<\/strong>\u00a0en empleos vinculados a la industria de cruceros.<\/li>\n<li><strong>Visitas t\u00e9cnicas de evaluaci\u00f3n<\/strong>\u00a0para mejorar la experiencia del pasajero.<\/li>\n<li><strong>Acceso prioritario a programas de capacitaci\u00f3n profesional<\/strong>\u00a0mediante el\u00a0<em>Center for Cruise Excellence AQUILA<\/em>.<\/li>\n<li><strong>Participaci\u00f3n activa en ferias internacionales<\/strong>\u00a0como\u00a0<em>Seatrade Cruise Global 2026<\/em>\u00a0y eventos organizados por la FCCA.<\/li>\n<li><strong>Presencia destacada del pa\u00eds en campa\u00f1as de promoci\u00f3n globales<\/strong>\u00a0del sector.<\/li>\n<\/ul>\n<p>Adem\u00e1s, se celebrar\u00e1 en territorio dominicano la\u00a0<strong>Conferencia de Miembros Platinos de la FCCA en 2026<\/strong>, un evento de alto nivel que reunir\u00e1 a los principales tomadores de decisi\u00f3n de la industria de cruceros a nivel mundial.<\/p>\n<h2 class=\"wp-block-heading\">Proyecci\u00f3n internacional y desarrollo sostenible<\/h2>\n<p>Adam Ceserano, presidente de la FCCA, calific\u00f3 el acuerdo como \u201cextraordinario\u201d y destac\u00f3 el compromiso firme de Rep\u00fablica Dominicana con el crecimiento del turismo de cruceros:<\/p>\n<blockquote class=\"wp-block-quote\"><p>\u201cLa Rep\u00fablica Dominicana est\u00e1 con todo en el turismo de crucero, y nosotros acompa\u00f1aremos a las autoridades en ese esfuerzo\u201d, afirm\u00f3.<\/p><\/blockquote>\n<p>Con esta firma, el pa\u00eds consolida su liderazgo como destino tur\u00edstico de clase mundial, al\u00a0<strong>integrarse activamente en las decisiones estrat\u00e9gicas de la industria global de cruceros<\/strong>, con una visi\u00f3n orientada a la sostenibilidad, la innovaci\u00f3n, el empleo de calidad y la integraci\u00f3n territorial.<\/p>\n","protected":false},"excerpt":{"rendered":"<p>El pa\u00eds caribe\u00f1o se convierte en uno de los cinco destinos prioritarios de la Asociaci\u00f3n de Cruceros de Florida y el Caribe, lo que atraer\u00e1 m\u00e1s cruceristas, inversi\u00f3n extranjera y&hellip; <\/p>\n","protected":false},"author":2,"featured_media":72251,"comment_status":"closed","ping_status":"closed","sticky":false,"template":"","format":"standard","meta":{"fifu_image_url":"https:\/\/diariosocialrd.com\/wp-content\/uploads\/2025\/08\/IMG_8024.jpeg","fifu_image_alt":"","footnotes":""},"categories":[172],"tags":[],"class_list":["post-72250","post","type-post","status-publish","format-standard","has-post-thumbnail","hentry","category-turismo"],"_links":{"self":[{"href":"https:\/\/elmundodelosnegocios.com.do\/v1\/wp-json\/wp\/v2\/posts\/72250","targetHints":{"allow":["GET"]}}],"collection":[{"href":"https:\/\/elmundodelosnegocios.com.do\/v1\/wp-json\/wp\/v2\/posts"}],"about":[{"href":"https:\/\/elmundodelosnegocios.com.do\/v1\/wp-json\/wp\/v2\/types\/post"}],"author":[{"embeddable":true,"href":"https:\/\/elmundodelosnegocios.com.do\/v1\/wp-json\/wp\/v2\/users\/2"}],"replies":[{"embeddable":true,"href":"https:\/\/elmundodelosnegocios.com.do\/v1\/wp-json\/wp\/v2\/comments?post=72250"}],"version-history":[{"count":1,"href":"https:\/\/elmundodelosnegocios.com.do\/v1\/wp-json\/wp\/v2\/posts\/72250\/revisions"}],"predecessor-version":[{"id":72252,"href":"https:\/\/elmundodelosnegocios.com.do\/v1\/wp-json\/wp\/v2\/posts\/72250\/revisions\/72252"}],"wp:featuredmedia":[{"embeddable":true,"href":"https:\/\/elmundodelosnegocios.com.do\/v1\/wp-json\/wp\/v2\/media\/72251"}],"wp:attachment":[{"href":"https:\/\/elmundodelosnegocios.com.do\/v1\/wp-json\/wp\/v2\/media?parent=72250"}],"wp:term":[{"taxonomy":"category","embeddable":true,"href":"https:\/\/elmundodelosnegocios.com.do\/v1\/wp-json\/wp\/v2\/categories?post=72250"},{"taxonomy":"post_tag","embeddable":true,"href":"https:\/\/elmundodelosnegocios.com.do\/v1\/wp-json\/wp\/v2\/tags?post=72250"}],"curies":[{"name":"wp","href":"https:\/\/api.w.org\/{rel}","templated":true}]}}