{"id":72300,"date":"2025-08-07T10:54:19","date_gmt":"2025-08-07T15:24:19","guid":{"rendered":"https:\/\/www.elmundodelosnegocios.com.do\/v1\/?p=72300"},"modified":"2025-08-07T10:54:19","modified_gmt":"2025-08-07T15:24:19","slug":"america-latina-y-el-caribe-continua-en-un-prolongado-periodo-de-bajo-crecimiento-crecera-22-en-2025-y-23-en-2026","status":"publish","type":"post","link":"https:\/\/elmundodelosnegocios.com.do\/v1\/america-latina-y-el-caribe-continua-en-un-prolongado-periodo-de-bajo-crecimiento-crecera-22-en-2025-y-23-en-2026\/","title":{"rendered":"Am\u00e9rica Latina y el Caribe contin\u00faa en un prolongado per\u00edodo de bajo crecimiento: crecer\u00e1 2,2% en 2025 y 2,3% en 2026"},"content":{"rendered":"<div class=\"field my-2 pb-2 col\">\n<div>\n<p><strong>La CEPAL present\u00f3 hoy una nueva edici\u00f3n de su\u00a0<\/strong><em><strong>Estudio Econ\u00f3mico de Am\u00e9rica Latina y el Caribe 2025<\/strong><\/em><strong>, en donde subraya la necesidad urgente de que la regi\u00f3n movilice mayores recursos para superar las trampas del desarrollo que la caracterizan.<\/strong><\/p>\n<\/div>\n<\/div>\n<figure class=\"figure border\"><img decoding=\"async\" class=\"figure-img img-fluid mb-0 aligncenter\" src=\"https:\/\/www.cepal.org\/sites\/default\/files\/pr\/images\/banner_ee2025_spa-eng.png\" alt=\"Portadas Estudio Econ\u00f3mico de ALC 2025\" \/><\/figure>\n<div class=\"field my-2 pb-2 col\">\n<div>\n<p>La Comisi\u00f3n Econ\u00f3mica para Am\u00e9rica Latina y el Caribe (CEPAL) present\u00f3 hoy una nueva edici\u00f3n de su informe anual\u00a0<a href=\"https:\/\/www.cepal.org\/es\/publicaciones\/82263-estudio-economico-america-latina-caribe-2025-movilizacion-recursos\"><em><strong>Estudio Econ\u00f3mico de Am\u00e9rica Latina y el Caribe 2025. Movilizaci\u00f3n de recursos para el financiamiento del desarrollo<\/strong><\/em><\/a>, en el que advierte que la regi\u00f3n contin\u00faa en un prolongado per\u00edodo de bajo crecimiento. Se estima que el producto interno bruto (PIB) real crecer\u00e1 en promedio 2,2% en 2025 y 2,3% en 2026, manteniendo las tasas registradas en 2023 y 2024 (ver tabla adjunta).<\/p>\n<p>Las nuevas proyecciones para 2025 representan una leve revisi\u00f3n al alza respecto a las publicadas por el organismo en abril pasado (2,0%), explicada por un mejor desempe\u00f1o del PIB en el primer trimestre del a\u00f1o.<\/p>\n<p>El informe, dado a conocer en una conferencia de prensa encabezada por el Secretario Ejecutivo de la comisi\u00f3n regional de las Naciones Unidas, Jos\u00e9 Manuel Salazar-Xirinachs, resalta que las proyecciones apuntan a din\u00e1micas diferenciadas entre subregiones y pa\u00edses.<strong>\u00a0<\/strong>En Am\u00e9rica del Sur se prev\u00e9 una expansi\u00f3n del 2,7% en 2025, por encima del promedio regional, sustentada principalmente en la recuperaci\u00f3n de Argentina y Ecuador, el repunte del crecimiento en Colombia y la s\u00f3lida expansi\u00f3n de Paraguay. Sin embargo, en el resto de los pa\u00edses de la subregi\u00f3n, se anticipa una desaceleraci\u00f3n respecto a 2024. Para 2026, el crecimiento de Am\u00e9rica del Sur volver\u00eda a moderarse, alcanzando un 2,4%.<\/p>\n<p>En Centroam\u00e9rica y M\u00e9xico, el crecimiento proyectado para 2025 es de 1,0%, casi la mitad de la expansi\u00f3n de 1,8% registrada en 2024, a causa del debilitamiento de la demanda externa, especialmente desde Estados Unidos. Pa\u00edses como Guatemala, Panam\u00e1 y Rep\u00fablica Dominicana mostrar\u00e1n, sin embargo, un desempe\u00f1o m\u00e1s din\u00e1mico, con tasas superiores al 3,5%, gracias al empuje del sector servicios, el consumo privado y las remesas. Para 2026, se anticipa una leve recuperaci\u00f3n al 1,7%, aunque la subregi\u00f3n seguir\u00e1 siendo altamente vulnerable a choques externos por su dependencia estructural de la econom\u00eda estadounidense en los \u00e1mbitos comercial, financiero y migratorio.<\/p>\n<p>En el Caribe (excluyendo a Guyana), se proyecta un crecimiento del 1,8% en 2025 y 1,7% en 2026, una desaceleraci\u00f3n respecto a 2024, que se explica por el menor crecimiento del PIB de los Estados Unidos, y la consecuente reducci\u00f3n de la demanda de servicios tur\u00edsticos, adem\u00e1s de la menor demanda global de servicios. La subregi\u00f3n sigue enfrentando altos costos de importaci\u00f3n de energ\u00eda y transporte, as\u00ed como una marcada exposici\u00f3n a desastres naturales, factores que afectan su posici\u00f3n externa y nivel de endeudamiento. En contraste, Guyana mantendr\u00eda tasas de crecimiento elevadas, gracias a la continuidad de las inversiones en el sector hidrocarburos.<\/p>\n<p>El escenario macroecon\u00f3mico para 2025-2026 estar\u00e1 marcado por un menor dinamismo de la demanda agregada interna. El entorno macroecon\u00f3mico regional estar\u00e1 caracterizado por una d\u00e9bil demanda interna, en particular por la desaceleraci\u00f3n del consumo privado. Adem\u00e1s, las perspectivas internacionales<strong>\u00a0<\/strong>se mantienen desfavorables,<strong>\u00a0<\/strong>limitando el impulso externo para el crecimiento regional.<strong>\u00a0<\/strong><\/p>\n<p>Para 2025 y 2026, se proyecta una moderaci\u00f3n del crecimiento econ\u00f3mico mundial como consecuencia de m\u00faltiples condicionantes\u00a0\u2014tensiones y fragmentaci\u00f3n geoecon\u00f3mica, condiciones financieras a\u00fan restrictivas, debilitamiento del comercio internacional y conflictos b\u00e9licos, entre otros. A esto se suma una acentuaci\u00f3n de la vulnerabilidad externa, reflejada en el aumento proyectado\u00a0del d\u00e9ficit de la cuenta corriente y en\u00a0la mayor dependencia del capital externo<strong>.\u00a0<\/strong>El informe se\u00f1ala que,\u00a0para el per\u00edodo 2025-2026, la balanza de pagos de la regi\u00f3n seguir\u00e1 siendo impactada por distintos riesgos, tales como el agravamiento de los conflictos geopol\u00edticos, la volatilidad de los precios de los productos b\u00e1sicos y la desaceleraci\u00f3n sincronizada de las principales econom\u00edas del mundo.<\/p>\n<p>Se estima tambi\u00e9n una desaceleraci\u00f3n del crecimiento del empleo. En consonancia con la din\u00e1mica de la actividad econ\u00f3mica, la CEPAL espera que el crecimiento del empleo se mantenga bajo en las econom\u00edas de la regi\u00f3n en 2025 y 2026. El aumento del n\u00famero de personas ocupadas ser\u00eda menor que en a\u00f1os anteriores. En este escenario, la tasa de desocupaci\u00f3n se estabilizar\u00eda en torno al 5,6%. Si bien se anticipa una leve reducci\u00f3n en la informalidad y en las brechas laborales entre hombres y mujeres, estos indicadores permanecer\u00edan en niveles elevados. Las proyecciones para 2025 y 2026 apuntan a una inflaci\u00f3n regional estable, aunque se prev\u00e9 que persistan riesgos de presiones inflacionarias al alza.<\/p>\n<p>En suma, el informe advierte que el panorama global y regional para 2025 y 2026 est\u00e1 sujeto a una elevada incertidumbre. La din\u00e1mica de crecimiento de las econom\u00edas de la regi\u00f3n podr\u00eda deteriorarse a causa de un aumento de los riesgos globales.<\/p>\n<p><strong>Movilizaci\u00f3n de recursos para el financiamiento del desarrollo\u00a0<\/strong><\/p>\n<p>Frente a este complejo panorama, la CEPAL subraya la necesidad urgente de que la regi\u00f3n \u201cmovilice mayores recursos para superar las trampas del bajo crecimiento, la alta desigualdad, la escasa movilidad social y las persistentes brechas estructurales de desarrollo. A mediano plazo, Am\u00e9rica Latina y el Caribe enfrentar\u00e1 el reto de preservar su estabilidad macroecon\u00f3mica y avanzar en su transformaci\u00f3n productiva, en un entorno internacional cada vez m\u00e1s vol\u00e1til. Enfrentar este reto exige articular una visi\u00f3n estrat\u00e9gica de largo plazo para sostener un desarrollo sostenible e inclusivo, con pol\u00edticas macroecon\u00f3micas de corto plazo que permitan mitigar riesgos y reducir la exposici\u00f3n a choques externos\u201d, se\u00f1al\u00f3 el Secretario Ejecutivo del organismo en la presentaci\u00f3n.<\/p>\n<p>El\u00a0<em><strong>Estudio Econ\u00f3mico 2025<\/strong><\/em>\u00a0aborda tres dimensiones clave para fortalecer la capacidad de financiamiento del desarrollo en la regi\u00f3n en base a tres ejes estrat\u00e9gicos.<\/p>\n<p><strong>El primer eje se centra en la movilizaci\u00f3n de recursos internos.\u00a0<\/strong>El informe identifica los desaf\u00edos fiscales y estructurales que limitan la movilizaci\u00f3n de recursos en la regi\u00f3n. Se propone mejorar la calidad del gasto, aumentar la inversi\u00f3n p\u00fablica, fortalecer la recaudaci\u00f3n reduciendo la evasi\u00f3n y racionalizando los gastos tributarios, as\u00ed como avanzar hacia una mayor progresividad del sistema tributario.<\/p>\n<p><strong>El segundo eje aborda la movilizaci\u00f3n de recursos externos y privados.\u00a0<\/strong>En este sentido se plantea la necesidad de reformar la arquitectura financiera internacional en l\u00ednea con el Compromiso de Sevilla, redefinir los criterios de elegibilidad de la Ayuda Oficial al Desarrollo (AOD), y fortalecer los mecanismos de resoluci\u00f3n de deuda soberana. Asimismo, se propone escalar la inversi\u00f3n privada mediante el desarrollo de mercados de capital a nivel nacional, propiciar el uso de instrumentos como bonos tem\u00e1ticos, canjes de deuda y financiamiento mixto.<\/p>\n<p><strong>El tercer eje resalta la importancia de potenciar el papel de la banca de desarrollo en la movilizaci\u00f3n de recursos.<\/strong>\u00a0El informe subraya que la banca de desarrollo juega un papel estrat\u00e9gico para canalizar las fuentes de financiamiento hacia sectores clave. Para acelerar el paso hacia los Objetivos de Desarrollo Sostenible (ODS) al 2030, se requiere que las instituciones financieras de desarrollo impulsen proyectos de gran escala mediante mecanismos innovadores que articulen la inversi\u00f3n p\u00fablica y privada. Se resalta la importancia de la colaboraci\u00f3n entre instituciones financieras para el desarrollo para expandir su capacidad de pr\u00e9stamo y su alcance.<\/p>\n<p><strong>El Compromiso de Sevilla\u00a0<\/strong><\/p>\n<p>La reciente\u00a0<a href=\"https:\/\/www.cepal.org\/es\/comunicados\/desafios-financiamiento-desarrollo-paises-america-latina-caribe-necesitan-fortalecer-sus\">Cuarta Conferencia Internacional sobre la Financiaci\u00f3n para el Desarrollo<\/a>, celebrada en Sevilla (Espa\u00f1a), reafirm\u00f3 el compromiso global con el desarrollo sostenible y con el aumento del financiamiento. En el documento, la CEPAL insta a los pa\u00edses de la regi\u00f3n a aprovechar este impulso para acelerar la movilizaci\u00f3n de recursos financieros, fortalecer la estabilidad econ\u00f3mica y avanzar hacia un desarrollo m\u00e1s productivo, inclusivo, sostenible y resiliente.<\/p>\n<\/div>\n<\/div>\n","protected":false},"excerpt":{"rendered":"<p>La CEPAL present\u00f3 hoy una nueva edici\u00f3n de su\u00a0Estudio Econ\u00f3mico de Am\u00e9rica Latina y el Caribe 2025, en donde subraya la necesidad urgente de que la regi\u00f3n movilice mayores recursos&hellip; <\/p>\n","protected":false},"author":2,"featured_media":72301,"comment_status":"closed","ping_status":"closed","sticky":false,"template":"","format":"standard","meta":{"fifu_image_url":"","fifu_image_alt":"","footnotes":""},"categories":[62],"tags":[],"class_list":["post-72300","post","type-post","status-publish","format-standard","has-post-thumbnail","hentry","category-economia"],"_links":{"self":[{"href":"https:\/\/elmundodelosnegocios.com.do\/v1\/wp-json\/wp\/v2\/posts\/72300","targetHints":{"allow":["GET"]}}],"collection":[{"href":"https:\/\/elmundodelosnegocios.com.do\/v1\/wp-json\/wp\/v2\/posts"}],"about":[{"href":"https:\/\/elmundodelosnegocios.com.do\/v1\/wp-json\/wp\/v2\/types\/post"}],"author":[{"embeddable":true,"href":"https:\/\/elmundodelosnegocios.com.do\/v1\/wp-json\/wp\/v2\/users\/2"}],"replies":[{"embeddable":true,"href":"https:\/\/elmundodelosnegocios.com.do\/v1\/wp-json\/wp\/v2\/comments?post=72300"}],"version-history":[{"count":1,"href":"https:\/\/elmundodelosnegocios.com.do\/v1\/wp-json\/wp\/v2\/posts\/72300\/revisions"}],"predecessor-version":[{"id":72302,"href":"https:\/\/elmundodelosnegocios.com.do\/v1\/wp-json\/wp\/v2\/posts\/72300\/revisions\/72302"}],"wp:featuredmedia":[{"embeddable":true,"href":"https:\/\/elmundodelosnegocios.com.do\/v1\/wp-json\/wp\/v2\/media\/72301"}],"wp:attachment":[{"href":"https:\/\/elmundodelosnegocios.com.do\/v1\/wp-json\/wp\/v2\/media?parent=72300"}],"wp:term":[{"taxonomy":"category","embeddable":true,"href":"https:\/\/elmundodelosnegocios.com.do\/v1\/wp-json\/wp\/v2\/categories?post=72300"},{"taxonomy":"post_tag","embeddable":true,"href":"https:\/\/elmundodelosnegocios.com.do\/v1\/wp-json\/wp\/v2\/tags?post=72300"}],"curies":[{"name":"wp","href":"https:\/\/api.w.org\/{rel}","templated":true}]}}