{"id":72306,"date":"2025-08-07T10:58:16","date_gmt":"2025-08-07T15:28:16","guid":{"rendered":"https:\/\/www.elmundodelosnegocios.com.do\/v1\/?p=72306"},"modified":"2025-08-07T10:58:16","modified_gmt":"2025-08-07T15:28:16","slug":"gobierno-sostiene-dialogo-con-mipymes-para-impulsar-y-fortalecer-el-tejido-productivo-nacional","status":"publish","type":"post","link":"https:\/\/elmundodelosnegocios.com.do\/v1\/gobierno-sostiene-dialogo-con-mipymes-para-impulsar-y-fortalecer-el-tejido-productivo-nacional\/","title":{"rendered":"Gobierno sostiene di\u00e1logo con mipymes para impulsar y fortalecer el tejido productivo nacional"},"content":{"rendered":"<p><b>Santo Domingo.-\u00a0<\/b>Con el objetivo de seguir promoviendo un entorno favorable para el crecimiento de la micro, peque\u00f1a y mediana empresa, los ministros de Hacienda y Econom\u00eda (MHE), Mag\u00edn D\u00edaz, y de Industria, Comercio y Mipymes (MICM), V\u00edctor -Ito- Bison\u00f3, sostuvieron un encuentro con representantes de las mipymes, como parte del compromiso del Gobierno con el di\u00e1logo permanente y el fortalecimiento del aparato productivo nacional.<\/p>\n<p><img loading=\"lazy\" decoding=\"async\" class=\"aligncenter size-full\" src=\"https:\/\/micm.gob.do\/wp-content\/uploads\/2025\/08\/Gobierno-sostiene-dialogo-con-mipymes-para-impulsar-y-fortalecer-el-tejido-productivo-nacional-01-rs-1024x440.jpeg\" width=\"1024\" height=\"440\" \/><\/p>\n<p>Durante el encuentro, celebrado en la sede del MICM, los ministros escucharon propuestas e inquietudes en torno a temas clave para el desarrollo del sector. Reiteraron, adem\u00e1s, la disposici\u00f3n del Gobierno, encabezado por el presidente Luis Abinader, de continuar articulando esfuerzos que garanticen un mayor acceso al financiamiento, mejores condiciones operativas y el fortalecimiento de la capacidad productiva de este sector, que representa el 89.5\u202f% del tejido productivo nacional.<\/p>\n<p><a href=\"https:\/\/micm.gob.do\/wp-content\/uploads\/2025\/08\/Gobierno-sostiene-dialogo-con-mipymes-para-impulsar-y-fortalecer-el-tejido-productivo-nacional-03.jpeg\"><img loading=\"lazy\" decoding=\"async\" class=\"alignright wp-image-159329 size-medium\" src=\"https:\/\/micm.gob.do\/wp-content\/uploads\/2025\/08\/Gobierno-sostiene-dialogo-con-mipymes-para-impulsar-y-fortalecer-el-tejido-productivo-nacional-03-300x200.jpeg\" sizes=\"auto, (max-width: 300px) 100vw, 300px\" srcset=\"https:\/\/micm.gob.do\/wp-content\/uploads\/2025\/08\/Gobierno-sostiene-dialogo-con-mipymes-para-impulsar-y-fortalecer-el-tejido-productivo-nacional-03-300x200.jpeg 300w, https:\/\/micm.gob.do\/wp-content\/uploads\/2025\/08\/Gobierno-sostiene-dialogo-con-mipymes-para-impulsar-y-fortalecer-el-tejido-productivo-nacional-03-1024x682.jpeg 1024w, https:\/\/micm.gob.do\/wp-content\/uploads\/2025\/08\/Gobierno-sostiene-dialogo-con-mipymes-para-impulsar-y-fortalecer-el-tejido-productivo-nacional-03-768x512.jpeg 768w, https:\/\/micm.gob.do\/wp-content\/uploads\/2025\/08\/Gobierno-sostiene-dialogo-con-mipymes-para-impulsar-y-fortalecer-el-tejido-productivo-nacional-03.jpeg 1280w\" alt=\"\" width=\"300\" height=\"200\" \/><\/a>El ministro Ito Bison\u00f3 asegur\u00f3 que este tipo de espacios reafirman la visi\u00f3n del Gobierno de trabajar mano a mano con los sectores productivos \u201cLas mipymes son el coraz\u00f3n de la econom\u00eda dominicana. Desde el MICM estamos comprometidos con fomentarlas y garantizar que cuenten con el apoyo necesario para superar retos, crecer y generar empleos en todo el pa\u00eds\u201d, expres\u00f3.<\/p>\n<p>Adem\u00e1s, Bison\u00f3 subray\u00f3 que el MICM mantiene una pol\u00edtica de puertas abiertas y contacto permanente con todos los sectores productivos, sin excepci\u00f3n, reiter\u00e1ndoles que cuentan con esta gesti\u00f3n para seguir impulsando soluciones conjuntas que fortalezcan su desarrollo.<\/p>\n<p>El ministro Mag\u00edn D\u00edaz destac\u00f3 que el desarrollo de las Mipymes es una prioridad para la pol\u00edtica econ\u00f3mica del Gobierno, y asegur\u00f3 que desde el Ministerio de Hacienda y Econom\u00eda se trabajar\u00e1 estrechamente con el MICM para alinear acciones, recursos e iniciativas que impulsen la sostenibilidad y el crecimiento de este sector.<\/p>\n<p><a href=\"https:\/\/micm.gob.do\/wp-content\/uploads\/2025\/08\/Gobierno-sostiene-dialogo-con-mipymes-para-impulsar-y-fortalecer-el-tejido-productivo-nacional-04.jpeg\"><img loading=\"lazy\" decoding=\"async\" class=\"alignright wp-image-159334 size-medium\" src=\"https:\/\/micm.gob.do\/wp-content\/uploads\/2025\/08\/Gobierno-sostiene-dialogo-con-mipymes-para-impulsar-y-fortalecer-el-tejido-productivo-nacional-04-300x200.jpeg\" sizes=\"auto, (max-width: 300px) 100vw, 300px\" srcset=\"https:\/\/micm.gob.do\/wp-content\/uploads\/2025\/08\/Gobierno-sostiene-dialogo-con-mipymes-para-impulsar-y-fortalecer-el-tejido-productivo-nacional-04-300x200.jpeg 300w, https:\/\/micm.gob.do\/wp-content\/uploads\/2025\/08\/Gobierno-sostiene-dialogo-con-mipymes-para-impulsar-y-fortalecer-el-tejido-productivo-nacional-04-1024x682.jpeg 1024w, https:\/\/micm.gob.do\/wp-content\/uploads\/2025\/08\/Gobierno-sostiene-dialogo-con-mipymes-para-impulsar-y-fortalecer-el-tejido-productivo-nacional-04-768x512.jpeg 768w, https:\/\/micm.gob.do\/wp-content\/uploads\/2025\/08\/Gobierno-sostiene-dialogo-con-mipymes-para-impulsar-y-fortalecer-el-tejido-productivo-nacional-04.jpeg 1280w\" alt=\"\" width=\"300\" height=\"200\" \/><\/a>\u201cEstoy convencido de que podemos desarrollar iniciativas concretas de pol\u00edtica p\u00fablica que fortalezcan y complementen los esfuerzos que ustedes ya vienen realizando. Desde hoy, reitero mi disposici\u00f3n de colaboraci\u00f3n y dejo formalmente abierto este canal de trabajo conjunto\u201d, expres\u00f3 el ministro D\u00edaz.<\/p>\n<p>De su lado, los representantes de las Mipymes valoraron la apertura y el acercamiento mostrado por el Gobierno y aprovecharon el encuentro para manifestar sus principales necesidades y desaf\u00edos, reafirmando su disposici\u00f3n de seguir colaborando en la construcci\u00f3n de soluciones conjuntas.<\/p>\n<p>En el encuentro participaron, adem\u00e1s, los viceministros de Comercio Interno del MICM, Ram\u00f3n P\u00e9rez Ferm\u00edn; de Fomento a las Mipymes, Jorge Guillermo Morales Paulino; y de Desarrollo Industrial, Gianna Franjul, as\u00ed como el director de Promipyme, Fabricio G\u00f3mez Mazara.<\/p>\n<p><a href=\"https:\/\/micm.gob.do\/wp-content\/uploads\/2025\/08\/Gobierno-sostiene-dialogo-con-mipymes-para-impulsar-y-fortalecer-el-tejido-productivo-nacional-05.jpeg\"><img loading=\"lazy\" decoding=\"async\" class=\"alignright wp-image-159330 size-medium\" src=\"https:\/\/micm.gob.do\/wp-content\/uploads\/2025\/08\/Gobierno-sostiene-dialogo-con-mipymes-para-impulsar-y-fortalecer-el-tejido-productivo-nacional-05-300x200.jpeg\" sizes=\"auto, (max-width: 300px) 100vw, 300px\" srcset=\"https:\/\/micm.gob.do\/wp-content\/uploads\/2025\/08\/Gobierno-sostiene-dialogo-con-mipymes-para-impulsar-y-fortalecer-el-tejido-productivo-nacional-05-300x200.jpeg 300w, https:\/\/micm.gob.do\/wp-content\/uploads\/2025\/08\/Gobierno-sostiene-dialogo-con-mipymes-para-impulsar-y-fortalecer-el-tejido-productivo-nacional-05-1024x682.jpeg 1024w, https:\/\/micm.gob.do\/wp-content\/uploads\/2025\/08\/Gobierno-sostiene-dialogo-con-mipymes-para-impulsar-y-fortalecer-el-tejido-productivo-nacional-05-768x512.jpeg 768w, https:\/\/micm.gob.do\/wp-content\/uploads\/2025\/08\/Gobierno-sostiene-dialogo-con-mipymes-para-impulsar-y-fortalecer-el-tejido-productivo-nacional-05.jpeg 1280w\" alt=\"\" width=\"300\" height=\"200\" \/><\/a>Por parte del sector Mipymes, estuvieron presentes representantes de 22 entidades, entre ellas: la Confederaci\u00f3n Dominicana de la Micro, Peque\u00f1a y Mediana Empresa (CODOPYME), la Federaci\u00f3n Nacional de Comerciantes y Empresarios de la Rep\u00fablica Dominicana (FENACERD), el Consejo Nacional de Comerciantes y Empresarios de la Rep\u00fablica Dominicana (CONACERD), la Uni\u00f3n de Medianos y Peque\u00f1os Industriales de la Harina (Umpih), Asociaci\u00f3n de Mayoristas en Provisiones de Santiago (AMAPROSAN), Banco de Ahorro y Cr\u00e9dito ADOPEM, entre otras.<\/p>\n<p>Este encuentro forma parte de una pol\u00edtica institucional de escucha activa, productiva y colaboraci\u00f3n estrat\u00e9gica, mediante la cual el Gobierno reafirma su compromiso de acompa\u00f1ar al sector productivo nacional con soluciones reales y cercanas, que permitan seguir dinamizando la econom\u00eda y ampliando las oportunidades para todos los dominicanos.<\/p>\n","protected":false},"excerpt":{"rendered":"<p>Santo Domingo.-\u00a0Con el objetivo de seguir promoviendo un entorno favorable para el crecimiento de la micro, peque\u00f1a y mediana empresa, los ministros de Hacienda y Econom\u00eda (MHE), Mag\u00edn D\u00edaz, y&hellip; <\/p>\n","protected":false},"author":2,"featured_media":72307,"comment_status":"closed","ping_status":"closed","sticky":false,"template":"","format":"standard","meta":{"fifu_image_url":"https:\/\/micm.gob.do\/wp-content\/uploads\/2025\/08\/Gobierno-sostiene-dialogo-con-mipymes-para-impulsar-y-fortalecer-el-tejido-productivo-nacional-01-rs-1024x440.jpeg","fifu_image_alt":"","footnotes":""},"categories":[147],"tags":[],"class_list":["post-72306","post","type-post","status-publish","format-standard","has-post-thumbnail","hentry","category-comercio"],"_links":{"self":[{"href":"https:\/\/elmundodelosnegocios.com.do\/v1\/wp-json\/wp\/v2\/posts\/72306","targetHints":{"allow":["GET"]}}],"collection":[{"href":"https:\/\/elmundodelosnegocios.com.do\/v1\/wp-json\/wp\/v2\/posts"}],"about":[{"href":"https:\/\/elmundodelosnegocios.com.do\/v1\/wp-json\/wp\/v2\/types\/post"}],"author":[{"embeddable":true,"href":"https:\/\/elmundodelosnegocios.com.do\/v1\/wp-json\/wp\/v2\/users\/2"}],"replies":[{"embeddable":true,"href":"https:\/\/elmundodelosnegocios.com.do\/v1\/wp-json\/wp\/v2\/comments?post=72306"}],"version-history":[{"count":1,"href":"https:\/\/elmundodelosnegocios.com.do\/v1\/wp-json\/wp\/v2\/posts\/72306\/revisions"}],"predecessor-version":[{"id":72308,"href":"https:\/\/elmundodelosnegocios.com.do\/v1\/wp-json\/wp\/v2\/posts\/72306\/revisions\/72308"}],"wp:featuredmedia":[{"embeddable":true,"href":"https:\/\/elmundodelosnegocios.com.do\/v1\/wp-json\/wp\/v2\/media\/72307"}],"wp:attachment":[{"href":"https:\/\/elmundodelosnegocios.com.do\/v1\/wp-json\/wp\/v2\/media?parent=72306"}],"wp:term":[{"taxonomy":"category","embeddable":true,"href":"https:\/\/elmundodelosnegocios.com.do\/v1\/wp-json\/wp\/v2\/categories?post=72306"},{"taxonomy":"post_tag","embeddable":true,"href":"https:\/\/elmundodelosnegocios.com.do\/v1\/wp-json\/wp\/v2\/tags?post=72306"}],"curies":[{"name":"wp","href":"https:\/\/api.w.org\/{rel}","templated":true}]}}