{"id":72345,"date":"2025-08-12T12:51:56","date_gmt":"2025-08-12T17:21:56","guid":{"rendered":"https:\/\/www.elmundodelosnegocios.com.do\/v1\/empresas-globales-apuestan-por-republica-dominicana-para-crecer-y-expandirse\/"},"modified":"2025-08-12T12:51:56","modified_gmt":"2025-08-12T17:21:56","slug":"empresas-globales-apuestan-por-republica-dominicana-para-crecer-y-expandirse","status":"publish","type":"post","link":"https:\/\/elmundodelosnegocios.com.do\/v1\/empresas-globales-apuestan-por-republica-dominicana-para-crecer-y-expandirse\/","title":{"rendered":"Empresas globales apuestan por Rep\u00fablica Dominicana para crecer y expandirse"},"content":{"rendered":"<div>\n<p><i><b>En 2024, la inversi\u00f3n extranjera directa en zonas francas creci\u00f3 un 21%, alcanzando los US$417.4 millones, en medio de un entorno global desafiante.<\/b><\/i><\/p>\n<p><b><a href=\"https:\/\/micm.gob.do\/wp-content\/uploads\/2025\/08\/Empresas-globales-apuestan-por-Republica-Dominicana-para-crecer-y-expandirse-02.jpeg\"><img fetchpriority=\"high\" decoding=\"async\" class=\"alignright wp-image-160034 size-medium\" src=\"https:\/\/micm.gob.do\/wp-content\/uploads\/2025\/08\/Empresas-globales-apuestan-por-Republica-Dominicana-para-crecer-y-expandirse-02-300x200.jpeg\" alt=\"\" width=\"300\" height=\"200\" srcset=\"https:\/\/micm.gob.do\/wp-content\/uploads\/2025\/08\/Empresas-globales-apuestan-por-Republica-Dominicana-para-crecer-y-expandirse-02-300x200.jpeg 300w, https:\/\/micm.gob.do\/wp-content\/uploads\/2025\/08\/Empresas-globales-apuestan-por-Republica-Dominicana-para-crecer-y-expandirse-02-1024x682.jpeg 1024w, https:\/\/micm.gob.do\/wp-content\/uploads\/2025\/08\/Empresas-globales-apuestan-por-Republica-Dominicana-para-crecer-y-expandirse-02-768x512.jpeg 768w, https:\/\/micm.gob.do\/wp-content\/uploads\/2025\/08\/Empresas-globales-apuestan-por-Republica-Dominicana-para-crecer-y-expandirse-02.jpeg 1280w\" sizes=\"(max-width: 300px) 100vw, 300px\"><\/a>Santo Domingo. \u2013 <\/b>La Rep\u00fablica Dominicana se consolida como un destino seguro, competitivo y confiable para el capital internacional. En 2024, la inversi\u00f3n extranjera directa (IED) en el r\u00e9gimen de zonas francas alcanz\u00f3 los US$417.4 millones, registrando un crecimiento interanual del 21%.<\/p>\n<p>Los datos fueron ofrecidos, en el marco de la conmemoraci\u00f3n del \u201cD\u00eda Nacional de las Zonas Francas\u201d, por el ministro de Industria, Comercio y Mipymes (MICM), V\u00edctor -Ito- Bison\u00f3 y la presidenta de la Asociaci\u00f3n Dominicana de Zonas Francas (ADOZONA) Claudia Pellerano, durante el evento \u201cZonas Francas, Zonas de Oportunidades 2025\u201d, el cual fue encabezado por el presidente de la Rep\u00fablica, Luis Abinader Corona.<\/p>\n<p>En el evento, el ministro Bison\u00f3, destac\u00f3 que a pesar de un contexto internacional marcado por tensiones geopol\u00edticas y retos log\u00edsticos, el pa\u00eds sigue siendo destino atractivo para la inversion y cit\u00f3 el caso de Randy Carr, CEO de la empresa norteamerica World Emblem que conoci\u00f3 del pa\u00eds al preguntar a la inteligencia artificial, lo conoci\u00f3 y el pasado lunes 11 de agosto inici\u00f3 la construcci\u00f3n para instalarse en Zona Franca Tamboril.<\/p>\n<p>Bison\u00f3 aprovech\u00f3 la ocasi\u00f3n para resaltar el \u00e9xito en el modelo de zonas francas dominicanas de las empresas: Eaton, Jabil, Medtronic, Hanes, Fresenius Kabi, entre otras, las cuales se destacan en las \u00e1reas de dispositivos m\u00e9dicos, textiles, productos agroindustriales y tecnolog\u00eda.<\/p>\n<p>De su lado, Claudia Pellerano, presidenta de ADOZONA, destac\u00f3 que en el \u00faltimo a\u00f1o ha habido una diversificaci\u00f3n de las zonas francas, m\u00e1s all\u00e1 del textil, con productos innovadores poco asociados a este importante sector de la econom\u00eda, como catamaranes el\u00e9ctricos, fusibles el\u00e9ctricos, dispositivos de seguridad como alarmas y cerraduras electr\u00f3nicas para puertas.<\/p>\n<p>Asimismo, \u201cPor cada empleo directo, se estima la creaci\u00f3n de 2.3 empleos indirectos, lo que implica que el impacto total del sector alcanza cerca de 460,000 empleos a nivel nacional, evidenciando su incidencia estructural en el crecimiento econ\u00f3mico, la inclusi\u00f3n productiva y la expansi\u00f3n del empleo.\u201d<\/p>\n<p>Durante la actividad, destac\u00f3 que el sector de Zonas Francas ha sido un componente esencial en la transformaci\u00f3n econ\u00f3mica e industrial de la Rep\u00fablica Dominicana. Al cierre de 2024, este r\u00e9gimen represent\u00f3 el 3.1 % del PIB y gener\u00f3 m\u00e1s de 198,450 empleos directos formales a punto el ministro.<\/p>\n<p>Durante la actividad, Bison\u00f3, entreg\u00f3 formalmente al presidente Luis Abinader el documento que contiene la Estrategia Nacional de Fomento a la Industria de Semiconductores (ENFIS).<\/p>\n<p>Esto representa la culminaci\u00f3n del trabajo encomendado por el Decreto 324-24, que declar\u00f3 el desarrollo de esta industria de alta tecnolog\u00eda como una prioridad nacional. La ENFIS tiene como objetivo principal posicionar a la Rep\u00fablica Dominicana como un destino confiable y competitivo en todas las fases de la industria de semiconductores, desde la investigaci\u00f3n y el dise\u00f1o hasta el ensamblaje y la log\u00edstica, con la mira puesta en convertir al pa\u00eds en un socio estrat\u00e9gico clave para Estados Unidos.<\/p>\n<p><b>Historias de \u00c9xitos del sector Zonas Francas<\/b><\/p>\n<p>El evento incluy\u00f3 el panel \u201c\u00bfPor qu\u00e9 Rep\u00fablica Dominicana?\u201d, con la participaci\u00f3n de l\u00edderes de empresas internacionales como Jim West, vicepresidenrte senior y direcotr de operaciones de B. Braun; Juan Carlos Ib\u00e1\u00f1ez, presidente de Garware Healthcare S.A.S. ; Kelly Fleming vicepresidenta de Desarrollo corporativo global de Steris AST; y Randy Carr, CEO de de World Emblem.<\/p>\n<p>Estos l\u00edderes empresariales comaprtieron su experiencia sobre las razpones por la cual han decidido instalarse en el pa\u00eds y expandirse desde aqu\u00ed.<\/p>\n<p><b>Diversificaci\u00f3n<\/b><\/p>\n<p>De su lado, Claudia Pellerano, destac\u00f3 que en el \u00faltimo a\u00f1o ha habido una diversificaci\u00f3n de las zonas francas, m\u00e1s all\u00e1 del textil, con productos innovadores poco asociados a este importante sector de la econom\u00eda, como catamaranes el\u00e9ctricos, fusibles el\u00e9ctricos, dispositivos de seguridad como alarmas y cerraduras electr\u00f3nicas para puertas.<\/p>\n<p>Adem\u00e1s, se destacaron los dispositivos m\u00e9dicos, cuyas exportaciones totalizaron US$ 2,863.8 millones durante el 2024, con una tasa de crecimiento del 25.9% frente a los US$ 2,274.9 millones exportados en 2023.<\/p>\n<p>\u201cSeg\u00fan el indicador de Ventaja Comparativa Revelada (VCR), Rep\u00fablica Dominicana es uno de los pa\u00edses m\u00e1s especializados del mundo en Instrumentos y Aparatos para Medicina. En 2024, obtuvo un valor VCR superior a 20, el segundo m\u00e1s alto a nivel global, solo detr\u00e1s de Costa Rica, lo que nos convierte en el tercer mayor exportador de dispositivos m\u00e9dicos en Am\u00e9rica Latina\u201d.<\/p>\n<p><b>Estrategia Nacional de Fomento a la Industria de Semiconductores (ENFIS)<\/b><\/p>\n<p>Durante la actividad, Ian Steff, presidente y director ejecutivo de my Silicon Compass, present\u00f3 la \u201cEstrategia Nacional de Fomento a la Industria de Semiconductores (ENFIS)\u201d, una iniciativa estrat\u00e9gica para consolidar al pa\u00eds como un destino competitivo en la manufactura y ensamblaje de semiconductores. Dicho documento se le entrego de manera oficial al presidente Abinader.<\/p>\n<p>De igual forma el evento incluy\u00f3 el panel titulado \u00bfPor qu\u00e9 Rep\u00fablica Dominicana? -Historias de \u00c9xito, a cargo de los expositores Jim West, vicepresidente senior y director de operaciones de B Braun; Diya Garware Ib\u00e1\u00f1ez, presidenta de Grupo Garware Fulflex; Kelly Fleming, vicepresidenta de Desarrollo Corporativo Global en Steris AST; Randy Carr, director ejecutivo y ceo de World Embleme.<\/p>\n<p>El evento cont\u00f3 con una nutrida presencia de figuras clave del \u00e1mbito p\u00fablico y privado. Entre los m\u00e1s destacados se encontraban el presidente del Senado, Ricardo de los Santos y el director general del Consejo Nacional de Zonas Francas, Daniel Liranzo, el presidente del Consejo Nacional de la Empresa Privada (CONEP), Celso Marranzini, as\u00ed como miembros del Cuerpo Diplom\u00e1tico acreditado en el pa\u00eds, as\u00ed como representantes de diversas asociaciones empresariales, industriales y gremios, reforzando la colaboraci\u00f3n entre todos los sectores que impulsan el desarrollo de las zonas francas.<\/p>\n<p><strong>Fuente:<\/strong> Direcci\u00f3n de Comunicaciones<\/p>\n<p>The post <a href=\"https:\/\/micm.gob.do\/empresas-globales-apuestan-por-republica-dominicana-para-crecer-y-expandirse\/\">Empresas globales apuestan por Rep\u00fablica Dominicana para crecer y expandirse<\/a> appeared first on <a href=\"https:\/\/micm.gob.do\/\">MICM<\/a>.<\/p>\n<\/div>\n","protected":false},"excerpt":{"rendered":"<p>En 2024, la inversi\u00f3n extranjera directa en zonas francas creci\u00f3 un 21%, alcanzando los US$417.4 millones, en medio de un entorno global desafiante. Santo Domingo. \u2013 La Rep\u00fablica Dominicana se&hellip; <\/p>\n","protected":false},"author":2,"featured_media":72346,"comment_status":"closed","ping_status":"closed","sticky":false,"template":"","format":"standard","meta":{"fifu_image_url":"","fifu_image_alt":"","footnotes":""},"categories":[147],"tags":[],"class_list":["post-72345","post","type-post","status-publish","format-standard","has-post-thumbnail","hentry","category-comercio"],"_links":{"self":[{"href":"https:\/\/elmundodelosnegocios.com.do\/v1\/wp-json\/wp\/v2\/posts\/72345","targetHints":{"allow":["GET"]}}],"collection":[{"href":"https:\/\/elmundodelosnegocios.com.do\/v1\/wp-json\/wp\/v2\/posts"}],"about":[{"href":"https:\/\/elmundodelosnegocios.com.do\/v1\/wp-json\/wp\/v2\/types\/post"}],"author":[{"embeddable":true,"href":"https:\/\/elmundodelosnegocios.com.do\/v1\/wp-json\/wp\/v2\/users\/2"}],"replies":[{"embeddable":true,"href":"https:\/\/elmundodelosnegocios.com.do\/v1\/wp-json\/wp\/v2\/comments?post=72345"}],"version-history":[{"count":0,"href":"https:\/\/elmundodelosnegocios.com.do\/v1\/wp-json\/wp\/v2\/posts\/72345\/revisions"}],"wp:featuredmedia":[{"embeddable":true,"href":"https:\/\/elmundodelosnegocios.com.do\/v1\/wp-json\/wp\/v2\/media\/72346"}],"wp:attachment":[{"href":"https:\/\/elmundodelosnegocios.com.do\/v1\/wp-json\/wp\/v2\/media?parent=72345"}],"wp:term":[{"taxonomy":"category","embeddable":true,"href":"https:\/\/elmundodelosnegocios.com.do\/v1\/wp-json\/wp\/v2\/categories?post=72345"},{"taxonomy":"post_tag","embeddable":true,"href":"https:\/\/elmundodelosnegocios.com.do\/v1\/wp-json\/wp\/v2\/tags?post=72345"}],"curies":[{"name":"wp","href":"https:\/\/api.w.org\/{rel}","templated":true}]}}