{"id":72347,"date":"2025-08-13T11:44:42","date_gmt":"2025-08-13T16:14:42","guid":{"rendered":"https:\/\/www.elmundodelosnegocios.com.do\/v1\/?p=72347"},"modified":"2025-08-13T11:44:42","modified_gmt":"2025-08-13T16:14:42","slug":"prodominicana-celebrara-reconocimiento-a-la-inversion-en-republica-dominicana-2025","status":"publish","type":"post","link":"https:\/\/elmundodelosnegocios.com.do\/v1\/prodominicana-celebrara-reconocimiento-a-la-inversion-en-republica-dominicana-2025\/","title":{"rendered":"ProDominicana celebrar\u00e1 \u201cReconocimiento a la Inversi\u00f3n en Rep\u00fablica Dominicana 2025\u201d"},"content":{"rendered":"<p dir=\"ltr\">Santo Domingo.- El Centro de Exportaci\u00f3n e Inversi\u00f3n de la Rep\u00fablica Dominicana\u00a0<strong>(ProDominicana)<\/strong>, anunci\u00f3 la celebraci\u00f3n del evento anual<strong>\u00a0\u201cReconocimiento a la Inversi\u00f3n en Rep\u00fablica Dominicana 2025\u201d<\/strong>, una ceremonia que tendr\u00e1 lugar el\u00a0<strong>11 de septiembre<\/strong>\u00a0a las 5:00 de la tarde en el Banco Central de la Rep\u00fablica Dominicana.<\/p>\n<p dir=\"ltr\"><img loading=\"lazy\" decoding=\"async\" class=\"aligncenter size-full\" src=\"https:\/\/presidencia.gob.do\/sites\/default\/files\/styles\/large\/public\/news\/2025-08\/Biviana%20Riveiro%20Disla%2C%20Directora%20Ejecutiva%20de%20ProDominicana.JPG?itok=F7KelHjV\" width=\"1300\" height=\"731\" \/><\/p>\n<p dir=\"ltr\">El evento tiene como objetivo resaltar el\u00a0<strong>efecto multiplicador<\/strong>\u00a0de la inversi\u00f3n en el\u00a0<strong>desarrollo econ\u00f3mico y social<\/strong>\u00a0del pa\u00eds. Durante la actividad\u00a0<strong>ser\u00e1n reconocidas empresas<\/strong>\u00a0que han seleccionado a la Rep\u00fablica Dominicana como destino estrat\u00e9gico para establecer y expandir sus operaciones, generando\u00a0<strong>empleos de calidad, transferencia de conocimiento e innovaci\u00f3n<\/strong>\u00a0en diversas \u00e1reas clave de la econom\u00eda e impactando de manera directa en el\u00a0<strong>bienestar general de las distintas localidades<\/strong>\u00a0donde se ubican.<\/p>\n<p dir=\"ltr\">Los sectores que se reconocer\u00e1n realizan un importante aporte al\u00a0<strong>crecimiento econ\u00f3mico sostenible<\/strong>\u00a0y a la\u00a0<strong>competitividad nacional<\/strong>, incluyendo energ\u00eda, turismo, zonas francas, inmobiliario, industria, comercio de servicios, telecomunicaciones\u200b, log\u00edstica, financiero, inversi\u00f3n sostenible, agroindustria, entre otros.<\/p>\n<p dir=\"ltr\">En ese sentido, la directora ejecutiva de ProDominicana,\u00a0<strong>Biviana Riveiro<\/strong>, resalt\u00f3 la importancia de este tipo de iniciativas<em>\u00a0<\/em>y as\u00ed lo destac\u00f3:<em>\u00a0\u201cLa inversi\u00f3n es una fuerza transformadora que impulsa la generaci\u00f3n de empleos, la transferencia de tecnolog\u00eda y el posicionamiento de la Rep\u00fablica Dominicana como un hub regional. Desde ProDominicana seguimos comprometidos con crear un clima de negocios competitivo, innovador, fundamentado en la seguridad jur\u00eddica y atractivo para el capital tanto nacional como extranjero que elige nuestro pa\u00eds para crecer\u201d<\/em>.<\/p>\n<p dir=\"ltr\">En ediciones anteriores, este reconocimiento ha servido como una plataforma para valorar\u00a0<strong>la trayectoria y el compromiso<\/strong>\u00a0de empresas que han apostado por la Rep\u00fablica Dominicana como\u00a0<strong>destino seguro para la inversi\u00f3n<\/strong>.<\/p>\n<p>En dicho marco, compa\u00f1\u00edas de renombre han sido destacadas por su impacto econ\u00f3mico y social, as\u00ed como por su\u00a0<strong>responsabilidad corporativa\u00a0<\/strong>y su\u00a0<strong>integraci\u00f3n al desarrollo local.<\/strong><\/p>\n","protected":false},"excerpt":{"rendered":"<p>Santo Domingo.- El Centro de Exportaci\u00f3n e Inversi\u00f3n de la Rep\u00fablica Dominicana\u00a0(ProDominicana), anunci\u00f3 la celebraci\u00f3n del evento anual\u00a0\u201cReconocimiento a la Inversi\u00f3n en Rep\u00fablica Dominicana 2025\u201d, una ceremonia que tendr\u00e1 lugar&hellip; <\/p>\n","protected":false},"author":2,"featured_media":72348,"comment_status":"closed","ping_status":"closed","sticky":false,"template":"","format":"standard","meta":{"fifu_image_url":"https:\/\/presidencia.gob.do\/sites\/default\/files\/styles\/large\/public\/news\/2025-08\/Biviana%20Riveiro%20Disla%2C%20Directora%20Ejecutiva%20de%20ProDominicana.JPG?itok=F7KelHjV","fifu_image_alt":"","footnotes":""},"categories":[147],"tags":[],"class_list":["post-72347","post","type-post","status-publish","format-standard","has-post-thumbnail","hentry","category-comercio"],"_links":{"self":[{"href":"https:\/\/elmundodelosnegocios.com.do\/v1\/wp-json\/wp\/v2\/posts\/72347","targetHints":{"allow":["GET"]}}],"collection":[{"href":"https:\/\/elmundodelosnegocios.com.do\/v1\/wp-json\/wp\/v2\/posts"}],"about":[{"href":"https:\/\/elmundodelosnegocios.com.do\/v1\/wp-json\/wp\/v2\/types\/post"}],"author":[{"embeddable":true,"href":"https:\/\/elmundodelosnegocios.com.do\/v1\/wp-json\/wp\/v2\/users\/2"}],"replies":[{"embeddable":true,"href":"https:\/\/elmundodelosnegocios.com.do\/v1\/wp-json\/wp\/v2\/comments?post=72347"}],"version-history":[{"count":1,"href":"https:\/\/elmundodelosnegocios.com.do\/v1\/wp-json\/wp\/v2\/posts\/72347\/revisions"}],"predecessor-version":[{"id":72349,"href":"https:\/\/elmundodelosnegocios.com.do\/v1\/wp-json\/wp\/v2\/posts\/72347\/revisions\/72349"}],"wp:featuredmedia":[{"embeddable":true,"href":"https:\/\/elmundodelosnegocios.com.do\/v1\/wp-json\/wp\/v2\/media\/72348"}],"wp:attachment":[{"href":"https:\/\/elmundodelosnegocios.com.do\/v1\/wp-json\/wp\/v2\/media?parent=72347"}],"wp:term":[{"taxonomy":"category","embeddable":true,"href":"https:\/\/elmundodelosnegocios.com.do\/v1\/wp-json\/wp\/v2\/categories?post=72347"},{"taxonomy":"post_tag","embeddable":true,"href":"https:\/\/elmundodelosnegocios.com.do\/v1\/wp-json\/wp\/v2\/tags?post=72347"}],"curies":[{"name":"wp","href":"https:\/\/api.w.org\/{rel}","templated":true}]}}