{"id":72350,"date":"2025-08-13T11:47:17","date_gmt":"2025-08-13T16:17:17","guid":{"rendered":"https:\/\/www.elmundodelosnegocios.com.do\/v1\/?p=72350"},"modified":"2025-08-13T11:47:17","modified_gmt":"2025-08-13T16:17:17","slug":"proindustria-e-indocal-formalizan-acuerdo-para-fortalecer-la-calidad-y-competitividad-industrial-en-la-republica-dominicana","status":"publish","type":"post","link":"https:\/\/elmundodelosnegocios.com.do\/v1\/proindustria-e-indocal-formalizan-acuerdo-para-fortalecer-la-calidad-y-competitividad-industrial-en-la-republica-dominicana\/","title":{"rendered":"Proindustria e Indocal formalizan acuerdo para fortalecer la calidad y competitividad industrial en la Rep\u00fablica Dominicana"},"content":{"rendered":"<p dir=\"ltr\">Santo Domingo.\u2013 El Centro de Desarrollo y Competitividad Industrial\u00a0<strong>(Proindustria)<\/strong>\u00a0y el Instituto Dominicano para la Calidad\u00a0<strong>(Indocal)<\/strong>\u00a0firmaron un\u00a0<strong>acuerdo interinstitucional,<\/strong>\u00a0con el objetivo de coordinar esfuerzos para\u00a0<strong>capacitar, certificar y elevar los est\u00e1ndares de calidad<\/strong>\u00a0en las industrias manufactureras del pa\u00eds.\u00a0 Este pacto busca impulsar<strong>\u00a0la competitividad y el desarrollo sostenible<\/strong>\u00a0del sector industrial, alineado con las pol\u00edticas p\u00fablicas que promueven la\u00a0<strong>modernizaci\u00f3n, innovaci\u00f3n y productividad nacional.<\/strong><\/p>\n<p dir=\"ltr\"><img loading=\"lazy\" decoding=\"async\" class=\"aligncenter size-full\" src=\"https:\/\/presidencia.gob.do\/sites\/default\/files\/styles\/large\/public\/news\/2025-08\/CONVENIO%20PROINDUSTRIA%20INDOCAL%20%283%29%20%281%29.jpeg?itok=Tjq-C7vY\" width=\"1300\" height=\"731\" \/><\/p>\n<p dir=\"ltr\">El convenio fue suscrito por el director general de Proindustria,\u00a0<strong>Rafael Cruz Rodr\u00edguez<\/strong>, y el director general del Indocal,\u00a0<strong>N\u00e9stor Julio Matos Ure\u00f1a<\/strong>, quienes destacaron la relevancia de esta alianza para mejorar los procesos, cumplir con\u00a0<strong>est\u00e1ndares internacionales<\/strong>\u00a0y contribuir al crecimiento de la industria nacional. Ambas instituciones se comprometieron a trabajar de forma conjunta en la implementaci\u00f3n de programas de capacitaci\u00f3n y certificaci\u00f3n que fortalezcan\u00a0<strong>la calidad y la eficiencia en el sector.<\/strong><\/p>\n<p dir=\"ltr\">Entre las principales acciones contempladas, se establece la adquisici\u00f3n y aplicaci\u00f3n de normas internacionales como la NORDOM ISO 9001:2015 de\u00a0<strong>gesti\u00f3n de calidad<\/strong>, la NORDOM ISO 37001:2016 de\u00a0<strong>gesti\u00f3n antisoborno\u00a0<\/strong>y la ISO 37301:2021 de\u00a0<strong>gesti\u00f3n de cumplimiento<\/strong>. Estas certificaciones permitir\u00e1n a las industrias elevar sus procesos productivos, garantizar la transparencia y fomentar una\u00a0<strong>cultura organizacional\u00a0<\/strong>basada en\u00a0<strong>la integridad y el cumplimiento normativo.<\/strong><\/p>\n<p dir=\"ltr\">Proindustria asumir\u00e1 el compromiso de\u00a0<strong>capacitar a su personal t\u00e9cnico y operativo<\/strong>, implementar los sistemas de gesti\u00f3n y garantizar el cumplimiento de los\u00a0<strong>lineamientos establecidos<\/strong>\u00a0para la certificaci\u00f3n. De igual manera, incluir\u00e1 en su presupuesto anual las partidas necesarias para la obtenci\u00f3n y mantenimiento de dichas certificaciones, asegurando la\u00a0<strong>continuidad de este proceso a largo plazo.<\/strong><\/p>\n<p dir=\"ltr\"><em>\u201cEste programa tiene como objetivo combatir la corrupci\u00f3n administrativa y, sobre todo, impulsar la adopci\u00f3n de las normas ISO para prevenir incumplimientos, garantizando adem\u00e1s procesos m\u00e1s eficientes. En nuestro caso, en Proindustria, desde que asumimos la Direcci\u00f3n General hemos abrazado con determinaci\u00f3n los pilares del Gobierno central, trabajando con empe\u00f1o para transformar esta instituci\u00f3n en un modelo de gesti\u00f3n p\u00fablica moderna\u201d<\/em>, expres\u00f3 Rafael Cruz durante el acto de firma.<\/p>\n<p dir=\"ltr\">Por su parte, Indocal brindar\u00e1\u00a0<strong>asistencia t\u00e9cnica<\/strong>, gestionar\u00e1 la venta de normas con\u00a0<strong>descuentos especiales<\/strong>, impartir\u00e1\u00a0<strong>capacitaciones<\/strong>\u00a0y facilitar\u00e1 las\u00a0<strong>auditor\u00edas<\/strong>\u00a0necesarias para la certificaci\u00f3n, adem\u00e1s de mantener a Proindustria informada sobre\u00a0<strong>actualizaciones normativas y oportunidades de formaci\u00f3n continua<\/strong>. Este acompa\u00f1amiento permitir\u00e1 que las industrias beneficiadas cuenten con el respaldo de la autoridad nacional en materia de\u00a0<strong>normalizaci\u00f3n y evaluaci\u00f3n de la conformidad.<\/strong><\/p>\n<p dir=\"ltr\">En dicho sentido, el director general del Indocal, sostuvo que\u00a0<em>\u201cestas normas no son solo documentos t\u00e9cnicos, sino herramientas estrat\u00e9gicas que fortalecen la capacidad institucional, mejoran los procesos internos, promueven la integridad y consolidan una cultura de cumplimiento en cada instituci\u00f3n\u201d.<\/em><\/p>\n<p dir=\"ltr\">Ambas instituciones coincidieron en que esta cooperaci\u00f3n interinstitucional es una herramienta para\u00a0<strong>elevar los niveles de productividad, calidad y competitividad<\/strong>\u00a0de la industria dominicana, impulsando la innovaci\u00f3n, el uso de tecnolog\u00edas limpias y el aprovechamiento de oportunidades en el mercado internacional. Asimismo, resaltaron que este esfuerzo conjunto se enmarca dentro de la visi\u00f3n del Gobierno de promover una\u00a0<strong>industria m\u00e1s moderna, eficiente y sostenible.<\/strong><\/p>\n<p dir=\"ltr\">El acto de firma cont\u00f3 con la presencia de autoridades y representantes de ambas instituciones. Por Proindustria, asistieron\u00a0<strong>Nilo de la Rosa<\/strong>, subdirector t\u00e9cnico;\u00a0<strong>Ilonka Acosta<\/strong>, directora de Servicios de Apoyo a la Industria;\u00a0<strong>Pedro Gabriel Batista<\/strong>, director de Parques Distritos Industriales y Zonas Francas;\u00a0<strong>Jos\u00e9 Carlos Guerrero<\/strong>, encargado del Departamento de Planificaci\u00f3n y Desarrollo, y\u00a0<strong>Jos\u00e9 Rodr\u00edguez<\/strong>, encargado del Departamento de Revisi\u00f3n y An\u00e1lisis.<\/p>\n<p dir=\"ltr\">Mientras que, por el Indocal, participaron\u00a0<strong>Karilyn Rodr\u00edguez<\/strong>, directora de Evaluaci\u00f3n de la Conformidad;\u00a0<strong>Freddy Veras<\/strong>, encargado interino de Servicios T\u00e9cnicos;\u00a0<strong>Stephanie Morel<\/strong>, coordinadora de la Direcci\u00f3n General;\u00a0<strong>Meraiot Lendan<\/strong>, encargado de Certificaci\u00f3n de Sistemas, y\u00a0<strong>Taynmy Dilon\u00e9<\/strong>, asistente del director, quienes con su presencia reafirmaron el compromiso conjunto por impulsar la calidad y competitividad industrial del pa\u00eds.<\/p>\n<p>El acuerdo tendr\u00e1 una\u00a0<strong>vigencia inicial de cuatro a\u00f1os<\/strong>, renovable autom\u00e1ticamente si ninguna de las partes manifiesta lo contrario. Con esta firma, Proindustria e Indocal fortalecen el aparato productivo nacional, la generaci\u00f3n de empleos y el posicionamiento de Rep\u00fablica Dominicana como\u00a0<strong>referente regional en calidad industrial.<\/strong><\/p>\n","protected":false},"excerpt":{"rendered":"<p>Santo Domingo.\u2013 El Centro de Desarrollo y Competitividad Industrial\u00a0(Proindustria)\u00a0y el Instituto Dominicano para la Calidad\u00a0(Indocal)\u00a0firmaron un\u00a0acuerdo interinstitucional,\u00a0con el objetivo de coordinar esfuerzos para\u00a0capacitar, certificar y elevar los est\u00e1ndares de calidad\u00a0en&hellip; <\/p>\n","protected":false},"author":2,"featured_media":72351,"comment_status":"closed","ping_status":"closed","sticky":false,"template":"","format":"standard","meta":{"fifu_image_url":"https:\/\/presidencia.gob.do\/sites\/default\/files\/styles\/large\/public\/news\/2025-08\/CONVENIO%20PROINDUSTRIA%20INDOCAL%20%283%29%20%281%29.jpeg?itok=Tjq-C7vY","fifu_image_alt":"","footnotes":""},"categories":[154],"tags":[],"class_list":["post-72350","post","type-post","status-publish","format-standard","has-post-thumbnail","hentry","category-industria"],"_links":{"self":[{"href":"https:\/\/elmundodelosnegocios.com.do\/v1\/wp-json\/wp\/v2\/posts\/72350","targetHints":{"allow":["GET"]}}],"collection":[{"href":"https:\/\/elmundodelosnegocios.com.do\/v1\/wp-json\/wp\/v2\/posts"}],"about":[{"href":"https:\/\/elmundodelosnegocios.com.do\/v1\/wp-json\/wp\/v2\/types\/post"}],"author":[{"embeddable":true,"href":"https:\/\/elmundodelosnegocios.com.do\/v1\/wp-json\/wp\/v2\/users\/2"}],"replies":[{"embeddable":true,"href":"https:\/\/elmundodelosnegocios.com.do\/v1\/wp-json\/wp\/v2\/comments?post=72350"}],"version-history":[{"count":1,"href":"https:\/\/elmundodelosnegocios.com.do\/v1\/wp-json\/wp\/v2\/posts\/72350\/revisions"}],"predecessor-version":[{"id":72352,"href":"https:\/\/elmundodelosnegocios.com.do\/v1\/wp-json\/wp\/v2\/posts\/72350\/revisions\/72352"}],"wp:featuredmedia":[{"embeddable":true,"href":"https:\/\/elmundodelosnegocios.com.do\/v1\/wp-json\/wp\/v2\/media\/72351"}],"wp:attachment":[{"href":"https:\/\/elmundodelosnegocios.com.do\/v1\/wp-json\/wp\/v2\/media?parent=72350"}],"wp:term":[{"taxonomy":"category","embeddable":true,"href":"https:\/\/elmundodelosnegocios.com.do\/v1\/wp-json\/wp\/v2\/categories?post=72350"},{"taxonomy":"post_tag","embeddable":true,"href":"https:\/\/elmundodelosnegocios.com.do\/v1\/wp-json\/wp\/v2\/tags?post=72350"}],"curies":[{"name":"wp","href":"https:\/\/api.w.org\/{rel}","templated":true}]}}