{"id":72360,"date":"2025-08-14T13:40:45","date_gmt":"2025-08-14T18:10:45","guid":{"rendered":"https:\/\/www.elmundodelosnegocios.com.do\/v1\/?p=72360"},"modified":"2025-08-14T13:40:45","modified_gmt":"2025-08-14T18:10:45","slug":"comision-nacional-de-energia-afirma-que-rd-alcanza-25-de-generacion-renovable-y-se-consolida-como-referente-regional","status":"publish","type":"post","link":"https:\/\/elmundodelosnegocios.com.do\/v1\/comision-nacional-de-energia-afirma-que-rd-alcanza-25-de-generacion-renovable-y-se-consolida-como-referente-regional\/","title":{"rendered":"Comisi\u00f3n Nacional de Energ\u00eda afirma que RD alcanza 25 % de generaci\u00f3n renovable y se consolida como referente regional"},"content":{"rendered":"<p>Santo Domingo.- La\u00a0<strong>Rep\u00fablica Dominicana<\/strong>\u00a0logr\u00f3 que el\u00a0<strong>25 %<\/strong>\u00a0de la energ\u00eda que produce provenga de\u00a0<strong>fuentes renovables,<\/strong>\u00a0un r\u00e9cord que fortalece su compromiso con la\u00a0<strong>sostenibilidad y la diversificaci\u00f3n\u00a0<\/strong>de la matriz el\u00e9ctrica.<\/p>\n<p><img loading=\"lazy\" decoding=\"async\" class=\"aligncenter size-full\" src=\"https:\/\/presidencia.gob.do\/sites\/default\/files\/styles\/large\/public\/news\/2025-08\/IMG_6984.jpeg?itok=TyfwcyLA\" width=\"1300\" height=\"731\" \/><\/p>\n<p>El anuncio lo realiz\u00f3 el director ejecutivo de la Comisi\u00f3n Nacional de Energ\u00eda (CNE),\u00a0<strong>Edward Veras<\/strong>, quien atribuy\u00f3 este avance a la integraci\u00f3n acelerada de\u00a0<strong>m\u00e1s de 30 proyectos<\/strong>\u00a0de generaci\u00f3n limpia con inversi\u00f3n privada, respaldados por\u00a0<strong>pol\u00edticas p\u00fablicas<\/strong>\u00a0que han facilitado su desarrollo.<\/p>\n<p><em>\u201cEn 2021 parec\u00eda impensable cumplir esta meta, pero gracias a la inversi\u00f3n nacional e internacional, la reducci\u00f3n de costos en tecnolog\u00edas como los paneles solares y el trabajo conjunto de las instituciones del sector el\u00e9ctrico, hoy podemos decir que uno de cada cuatro kilovatios-hora que consumimos proviene de fuentes limpias como la solar, e\u00f3lica, hidroel\u00e9ctrica y biomasa\u201d,<\/em>\u00a0se\u00f1al\u00f3 Veras.<\/p>\n<p>Como \u00f3rgano rector de la planificaci\u00f3n energ\u00e9tica nacional, la\u00a0<strong>CNE<\/strong>\u00a0ha impulsado que este crecimiento se alinee con el\u00a0<strong>Plan Energ\u00e9tico Nacional,<\/strong>\u00a0que prev\u00e9 alcanzar un\u00a0<strong>30 %<\/strong>\u00a0de generaci\u00f3n renovable para 2030. Entre las acciones en curso destaca la incorporaci\u00f3n de sistemas de almacenamiento a gran escala, que permitir\u00e1n\u00a0<strong>aprovechar la energ\u00eda solar<\/strong>\u00a0en horas nocturnas y reducir la dependencia de combustibles f\u00f3siles.<\/p>\n<p>Durante su participaci\u00f3n en el programa El Rumbo de la Ma\u00f1ana, transmitido por Rumba 98.5 FM, Veras subray\u00f3 que este avance posiciona al pa\u00eds como\u00a0<strong>referente en el Caribe<\/strong>, a la vez que fortalece la seguridad energ\u00e9tica,\u00a0<strong>genera empleos<\/strong>\u00a0y contribuye al cumplimiento de los\u00a0<strong>compromisos internacionales<\/strong>\u00a0frente al cambio clim\u00e1tico.<\/p>\n<p><em>\u201cEste 25 % es solo el comienzo. Estamos construyendo un sistema el\u00e9ctrico m\u00e1s limpio, resiliente y competitivo, que traer\u00e1 beneficios econ\u00f3micos y ambientales para toda la poblaci\u00f3n\u201d,<\/em>\u00a0puntualiz\u00f3.<\/p>\n","protected":false},"excerpt":{"rendered":"<p>Santo Domingo.- La\u00a0Rep\u00fablica Dominicana\u00a0logr\u00f3 que el\u00a025 %\u00a0de la energ\u00eda que produce provenga de\u00a0fuentes renovables,\u00a0un r\u00e9cord que fortalece su compromiso con la\u00a0sostenibilidad y la diversificaci\u00f3n\u00a0de la matriz el\u00e9ctrica. El anuncio lo&hellip; <\/p>\n","protected":false},"author":2,"featured_media":72361,"comment_status":"closed","ping_status":"closed","sticky":false,"template":"","format":"standard","meta":{"fifu_image_url":"https:\/\/presidencia.gob.do\/sites\/default\/files\/styles\/large\/public\/news\/2025-08\/IMG_6984.jpeg?itok=TyfwcyLA","fifu_image_alt":"","footnotes":""},"categories":[182],"tags":[],"class_list":["post-72360","post","type-post","status-publish","format-standard","has-post-thumbnail","hentry","category-energia"],"_links":{"self":[{"href":"https:\/\/elmundodelosnegocios.com.do\/v1\/wp-json\/wp\/v2\/posts\/72360","targetHints":{"allow":["GET"]}}],"collection":[{"href":"https:\/\/elmundodelosnegocios.com.do\/v1\/wp-json\/wp\/v2\/posts"}],"about":[{"href":"https:\/\/elmundodelosnegocios.com.do\/v1\/wp-json\/wp\/v2\/types\/post"}],"author":[{"embeddable":true,"href":"https:\/\/elmundodelosnegocios.com.do\/v1\/wp-json\/wp\/v2\/users\/2"}],"replies":[{"embeddable":true,"href":"https:\/\/elmundodelosnegocios.com.do\/v1\/wp-json\/wp\/v2\/comments?post=72360"}],"version-history":[{"count":1,"href":"https:\/\/elmundodelosnegocios.com.do\/v1\/wp-json\/wp\/v2\/posts\/72360\/revisions"}],"predecessor-version":[{"id":72362,"href":"https:\/\/elmundodelosnegocios.com.do\/v1\/wp-json\/wp\/v2\/posts\/72360\/revisions\/72362"}],"wp:featuredmedia":[{"embeddable":true,"href":"https:\/\/elmundodelosnegocios.com.do\/v1\/wp-json\/wp\/v2\/media\/72361"}],"wp:attachment":[{"href":"https:\/\/elmundodelosnegocios.com.do\/v1\/wp-json\/wp\/v2\/media?parent=72360"}],"wp:term":[{"taxonomy":"category","embeddable":true,"href":"https:\/\/elmundodelosnegocios.com.do\/v1\/wp-json\/wp\/v2\/categories?post=72360"},{"taxonomy":"post_tag","embeddable":true,"href":"https:\/\/elmundodelosnegocios.com.do\/v1\/wp-json\/wp\/v2\/tags?post=72360"}],"curies":[{"name":"wp","href":"https:\/\/api.w.org\/{rel}","templated":true}]}}