{"id":72366,"date":"2025-08-18T08:20:57","date_gmt":"2025-08-18T12:50:57","guid":{"rendered":"https:\/\/www.elmundodelosnegocios.com.do\/v1\/?p=72366"},"modified":"2025-08-18T08:22:39","modified_gmt":"2025-08-18T12:52:39","slug":"infotep-oit-cinterfor-y-redifp-impulsan-reconocimiento-de-competencias-laborales-de-personas-en-situacion-de-movilidad","status":"publish","type":"post","link":"https:\/\/elmundodelosnegocios.com.do\/v1\/infotep-oit-cinterfor-y-redifp-impulsan-reconocimiento-de-competencias-laborales-de-personas-en-situacion-de-movilidad\/","title":{"rendered":"Infotep, OIT-Cinterfor y REDIFP impulsan reconocimiento de competencias laborales de personas en situaci\u00f3n de movilidad"},"content":{"rendered":"<p>El taller se desarrolla en el marco de la cooperaci\u00f3n regional y busca armonizar metodolog\u00edas de normalizaci\u00f3n y evaluaci\u00f3n de competencia.<\/p>\n<p dir=\"ltr\">Santo Domingo.\u2013 El Instituto Nacional de Formaci\u00f3n T\u00e9cnico Profesional\u00a0<strong>(Infotep)<\/strong>, conjuntamente con el Centro Interamericano para el Desarrollo del Conocimiento en la Formaci\u00f3n Profesional\u00a0<strong>(OIT-Cinterfor)<\/strong>\u00a0y la Red de Instituciones de Formaci\u00f3n Profesional de Centroam\u00e9rica y Rep\u00fablica Dominicana\u00a0<strong>(REDIFP)<\/strong>, realizaron un\u00a0<strong>taller t\u00e9cnico<\/strong>\u00a0para el impulsar una\u00a0<strong>estrategia regional\u00a0<\/strong>dirigida al reconocimiento de\u00a0<strong>competencias laborales<\/strong>\u00a0de las personas en\u00a0<strong>situaci\u00f3n de movilidad<\/strong>.<\/p>\n<p dir=\"ltr\"><img loading=\"lazy\" decoding=\"async\" class=\"aligncenter size-full\" src=\"https:\/\/presidencia.gob.do\/sites\/default\/files\/styles\/large\/public\/news\/2025-08\/INFOTEP%2C%20OIT-Cinterfor%20y%20REDIF%20impulsan%20reconocimiento%20de%20competencias%20laborales%20de%20personas%20en%20situaci%C3%B3n%20de%20movil.jpg?itok=61uURNUw\" width=\"1300\" height=\"731\" \/><\/p>\n<p dir=\"ltr\">La iniciativa, que responde a un firme compromiso de promover y fortalecer el reconocimiento de\u00a0<strong>saberes, habilidades y experiencias de trabajadores migrantes<\/strong>\u00a0en la regi\u00f3n, re\u00fane a representantes de instituciones de formaci\u00f3n profesional, organismos internacionales, sectores productivos y organizaciones sociales, con miras a trazar una\u00a0<strong>hoja de ruta conjunta que dignifique el trabajo humano y abra oportunidades laborales.<\/strong><\/p>\n<p dir=\"ltr\">En el acto de apertura, el director general del Infotep y presidente en funciones de la REDIFP,\u00a0<strong>Rafael Santos Bad\u00eda<\/strong>, se\u00f1al\u00f3 que los objetivos del taller incluyen establecer condiciones t\u00e9cnicas para avanzar con paso firme hacia el reconocimiento efectivo de competencias, analizar el\u00a0<strong>panorama actual de los servicios de formaci\u00f3n, certificaci\u00f3n y homologaci\u00f3n de certificados<\/strong>, as\u00ed como acordar\u00a0<strong>acciones concretas<\/strong>\u00a0a corto, mediano y largo plazo.<\/p>\n<p dir=\"ltr\"><em>\u201cRepresenta mucho m\u00e1s que un intercambio t\u00e9cnico; es una oportunidad para tender puentes que transformen vidas, para reconocer el valor y la dignidad de las personas que han tenido que emigrar legalmente y que hoy merecen que sus saberes, habilidades y experiencias sean reconocidos, independientemente de las fronteras o circunstancias\u201d,<\/em>\u00a0afirm\u00f3.<\/p>\n<p dir=\"ltr\">Destac\u00f3 que el Infotep cuenta con\u00a0<strong>m\u00e1s de cuatro d\u00e9cadas de experiencia<\/strong>\u00a0en evaluaci\u00f3n, validaci\u00f3n y certificaci\u00f3n de competencias laborales, mediante un\u00a0<strong>sistema nacional\u00a0<\/strong>que reconoce formalmente las\u00a0<strong>habilidades adquiridas<\/strong>\u00a0tanto en\u00a0<strong>entornos formales<\/strong>\u00a0como no formales y a trav\u00e9s de la\u00a0<strong>experiencia laboral.<\/strong><\/p>\n<p dir=\"ltr\">Explic\u00f3 que el modelo ha beneficiado a miles de trabajadores, incluidos migrantes, quienes\u00a0<strong>han podido obtener certificaciones<\/strong>\u00a0que les abren puertas en el mercado de trabajo.<\/p>\n<p dir=\"ltr\"><em>\u201cDetr\u00e1s de cada certificaci\u00f3n se confirma una historia de superaci\u00f3n personal, un talento que merece ser visibilizado y una oportunidad de mejorar la calidad de vida de las personas, doquiera se movilicen o establezcan\u201d,<\/em>\u00a0expres\u00f3.<\/p>\n<p dir=\"ltr\"><strong>Participantes<\/strong><\/p>\n<p dir=\"ltr\">El taller se desarrolla en el marco de la cooperaci\u00f3n regional y busca armonizar metodolog\u00edas de\u00a0<strong>normalizaci\u00f3n y evaluaci\u00f3n de competencias,<\/strong>\u00a0as\u00ed como desarrollar\u00a0<strong>perfiles ocupacionales<\/strong>\u00a0<strong>comunes<\/strong>\u00a0que faciliten la movilidad laboral en Centroam\u00e9rica y el Caribe.<\/p>\n<p dir=\"ltr\">En la actividad participaron\u00a0<strong>Guillermina Alvarado<\/strong>, directora general del Consejo de Normalizaci\u00f3n y Certificaci\u00f3n de Competencias del Gobierno de M\u00e9xico, as\u00ed como\u00a0<strong>Marianny Vargas<\/strong>, representante del Marco Integral de Protecci\u00f3n y Soluciones de Respuesta a la Situaci\u00f3n de Personas Refugiadas en Costa Rica (MINARE).<\/p>\n<p dir=\"ltr\">Asimismo,\u00a0<strong>Sebasti\u00e1n Parrilla<\/strong>, oficial de OIT-Cinterfor;\u00a0<strong>Juan Ignacio Castillo<\/strong>, coordinador de proyectos de la OIT en Costa Rica;\u00a0<strong>Katherine Mart\u00ednez<\/strong>, coordinadora de proyectos de la OIT en Rep\u00fablica Dominicana, y\u00a0<strong>Carla Rojas<\/strong>, consultora de la OIT.<\/p>\n<p>Por el Infotep estuvieron presentes la subdirectora general,\u00a0<strong>Maira Morla<\/strong>, y el director de Relaciones Internacionales,\u00a0<strong>Edgar Pimentel.<\/strong><\/p>\n","protected":false},"excerpt":{"rendered":"<p>El taller se desarrolla en el marco de la cooperaci\u00f3n regional y busca armonizar metodolog\u00edas de normalizaci\u00f3n y evaluaci\u00f3n de competencia. Santo Domingo.\u2013 El Instituto Nacional de Formaci\u00f3n T\u00e9cnico Profesional\u00a0(Infotep),&hellip; <\/p>\n","protected":false},"author":2,"featured_media":72367,"comment_status":"closed","ping_status":"closed","sticky":false,"template":"","format":"standard","meta":{"fifu_image_url":"https:\/\/presidencia.gob.do\/sites\/default\/files\/styles\/large\/public\/news\/2025-08\/INFOTEP%2C%20OIT-Cinterfor%20y%20REDIF%20impulsan%20reconocimiento%20de%20competencias%20laborales%20de%20personas%20en%20situaci%C3%B3n%20de%20movil.jpg?itok=61uURNUw","fifu_image_alt":"","footnotes":""},"categories":[151],"tags":[],"class_list":["post-72366","post","type-post","status-publish","format-standard","has-post-thumbnail","hentry","category-gerencia"],"_links":{"self":[{"href":"https:\/\/elmundodelosnegocios.com.do\/v1\/wp-json\/wp\/v2\/posts\/72366","targetHints":{"allow":["GET"]}}],"collection":[{"href":"https:\/\/elmundodelosnegocios.com.do\/v1\/wp-json\/wp\/v2\/posts"}],"about":[{"href":"https:\/\/elmundodelosnegocios.com.do\/v1\/wp-json\/wp\/v2\/types\/post"}],"author":[{"embeddable":true,"href":"https:\/\/elmundodelosnegocios.com.do\/v1\/wp-json\/wp\/v2\/users\/2"}],"replies":[{"embeddable":true,"href":"https:\/\/elmundodelosnegocios.com.do\/v1\/wp-json\/wp\/v2\/comments?post=72366"}],"version-history":[{"count":1,"href":"https:\/\/elmundodelosnegocios.com.do\/v1\/wp-json\/wp\/v2\/posts\/72366\/revisions"}],"predecessor-version":[{"id":72368,"href":"https:\/\/elmundodelosnegocios.com.do\/v1\/wp-json\/wp\/v2\/posts\/72366\/revisions\/72368"}],"wp:featuredmedia":[{"embeddable":true,"href":"https:\/\/elmundodelosnegocios.com.do\/v1\/wp-json\/wp\/v2\/media\/72367"}],"wp:attachment":[{"href":"https:\/\/elmundodelosnegocios.com.do\/v1\/wp-json\/wp\/v2\/media?parent=72366"}],"wp:term":[{"taxonomy":"category","embeddable":true,"href":"https:\/\/elmundodelosnegocios.com.do\/v1\/wp-json\/wp\/v2\/categories?post=72366"},{"taxonomy":"post_tag","embeddable":true,"href":"https:\/\/elmundodelosnegocios.com.do\/v1\/wp-json\/wp\/v2\/tags?post=72366"}],"curies":[{"name":"wp","href":"https:\/\/api.w.org\/{rel}","templated":true}]}}