{"id":72400,"date":"2025-08-18T08:51:39","date_gmt":"2025-08-18T13:21:39","guid":{"rendered":"https:\/\/www.elmundodelosnegocios.com.do\/v1\/?p=72400"},"modified":"2025-08-18T08:51:39","modified_gmt":"2025-08-18T13:21:39","slug":"helados-valentino-lanza-su-propuesta-de-verano-te-lo-mereces-sabores-vanguardistas-y-refrescantes","status":"publish","type":"post","link":"https:\/\/elmundodelosnegocios.com.do\/v1\/helados-valentino-lanza-su-propuesta-de-verano-te-lo-mereces-sabores-vanguardistas-y-refrescantes\/","title":{"rendered":"Helados Valentino Lanza su Propuesta de Verano \u201cTe lo Mereces\u201d: Sabores Vanguardistas y Refrescantes"},"content":{"rendered":"<p><em>Helados Valentino present\u00f3 su nueva propuesta de temporada\u00a0<strong>\u201cTe lo Mereces\u201d<\/strong>, una l\u00ednea de gelatos artesanales pensada para disfrutar en cualquier momento del d\u00eda: como un premio tras una jornada laboral, para celebrar logros, compartir en familia, en una cita especial o simplemente para refrescar momentos inolvidables.<\/em><\/p>\n<p><a href=\"http:\/\/elmundodelosnegocios.com.do\/v1\/wp-content\/uploads\/2025\/08\/20088-helados-valentino-presenta-propuesta-de-verano.png\"><img loading=\"lazy\" decoding=\"async\" class=\"aligncenter size-full wp-image-72401\" src=\"http:\/\/elmundodelosnegocios.com.do\/v1\/wp-content\/uploads\/2025\/08\/20088-helados-valentino-presenta-propuesta-de-verano.png\" alt=\"\" width=\"1536\" height=\"864\" srcset=\"https:\/\/elmundodelosnegocios.com.do\/v1\/wp-content\/uploads\/2025\/08\/20088-helados-valentino-presenta-propuesta-de-verano.png 1536w, https:\/\/elmundodelosnegocios.com.do\/v1\/wp-content\/uploads\/2025\/08\/20088-helados-valentino-presenta-propuesta-de-verano-300x169.png 300w, https:\/\/elmundodelosnegocios.com.do\/v1\/wp-content\/uploads\/2025\/08\/20088-helados-valentino-presenta-propuesta-de-verano-1024x576.png 1024w, https:\/\/elmundodelosnegocios.com.do\/v1\/wp-content\/uploads\/2025\/08\/20088-helados-valentino-presenta-propuesta-de-verano-768x432.png 768w\" sizes=\"auto, (max-width: 1536px) 100vw, 1536px\" \/><\/a><\/p>\n<hr class=\"wp-block-separator has-alpha-channel-opacity\" \/>\n<h2 class=\"wp-block-heading\">La propuesta de verano incluye tres creaciones exclusivas:<\/h2>\n<ul>\n<li><strong>Amorino<\/strong>: gelato de almendras con variegato de amarena, bizcocho y crujiente topping de almendras tostadas.<\/li>\n<li><strong>Pi\u00f1a Colada<\/strong>: gelato de coco y pi\u00f1a con variegato de pi\u00f1a y coco tostado.<\/li>\n<li><strong>Lemon Pie<\/strong>: gelato de merengue de lim\u00f3n con crujientes galletas de vainilla.<\/li>\n<\/ul>\n<p>Estos sabores, disponibles en todas las helader\u00edas Valentino, combinan\u00a0<strong>ingredientes premium<\/strong>\u00a0y t\u00e9cnicas artesanales para ofrecer una experiencia \u00fanica.<\/p>\n<figure class=\"wp-block-gallery has-nested-images columns-default is-cropped wp-block-gallery-1 is-layout-flex wp-block-gallery-is-layout-flex\">\n<figure class=\"wp-block-image size-large\"><a href=\"https:\/\/diariosocialrd.com\/wp-content\/uploads\/2025\/08\/ValentinoVerano4-1-scaled.jpg\" data-rel=\"penci-gallery-image-content\"><img loading=\"lazy\" decoding=\"async\" class=\"wp-image-235679 aligncenter\" src=\"https:\/\/diariosocialrd.com\/wp-content\/uploads\/2025\/08\/ValentinoVerano4-1-683x1024.jpg\" sizes=\"auto, (max-width: 683px) 100vw, 683px\" srcset=\"https:\/\/diariosocialrd.com\/wp-content\/uploads\/2025\/08\/ValentinoVerano4-1-683x1024.jpg 683w, https:\/\/diariosocialrd.com\/wp-content\/uploads\/2025\/08\/ValentinoVerano4-1-200x300.jpg 200w, https:\/\/diariosocialrd.com\/wp-content\/uploads\/2025\/08\/ValentinoVerano4-1-768x1152.jpg 768w, https:\/\/diariosocialrd.com\/wp-content\/uploads\/2025\/08\/ValentinoVerano4-1-1024x1536.jpg 1024w, https:\/\/diariosocialrd.com\/wp-content\/uploads\/2025\/08\/ValentinoVerano4-1-1365x2048.jpg 1365w, https:\/\/diariosocialrd.com\/wp-content\/uploads\/2025\/08\/ValentinoVerano4-1-1920x2880.jpg 1920w, https:\/\/diariosocialrd.com\/wp-content\/uploads\/2025\/08\/ValentinoVerano4-1-1170x1755.jpg 1170w, https:\/\/diariosocialrd.com\/wp-content\/uploads\/2025\/08\/ValentinoVerano4-1-585x878.jpg 585w, https:\/\/diariosocialrd.com\/wp-content\/uploads\/2025\/08\/ValentinoVerano4-1-scaled.jpg 1707w\" alt=\"\" width=\"683\" height=\"1024\" data-id=\"235679\" \/><\/a><\/figure>\n<figure class=\"wp-block-image size-large\"><a href=\"https:\/\/diariosocialrd.com\/wp-content\/uploads\/2025\/08\/ValentinoVerano5-scaled.jpg\" data-rel=\"penci-gallery-image-content\"><img loading=\"lazy\" decoding=\"async\" class=\"wp-image-235678 aligncenter\" src=\"https:\/\/diariosocialrd.com\/wp-content\/uploads\/2025\/08\/ValentinoVerano5-683x1024.jpg\" sizes=\"auto, (max-width: 683px) 100vw, 683px\" srcset=\"https:\/\/diariosocialrd.com\/wp-content\/uploads\/2025\/08\/ValentinoVerano5-683x1024.jpg 683w, https:\/\/diariosocialrd.com\/wp-content\/uploads\/2025\/08\/ValentinoVerano5-200x300.jpg 200w, https:\/\/diariosocialrd.com\/wp-content\/uploads\/2025\/08\/ValentinoVerano5-768x1152.jpg 768w, https:\/\/diariosocialrd.com\/wp-content\/uploads\/2025\/08\/ValentinoVerano5-1024x1536.jpg 1024w, https:\/\/diariosocialrd.com\/wp-content\/uploads\/2025\/08\/ValentinoVerano5-1365x2048.jpg 1365w, https:\/\/diariosocialrd.com\/wp-content\/uploads\/2025\/08\/ValentinoVerano5-1920x2880.jpg 1920w, https:\/\/diariosocialrd.com\/wp-content\/uploads\/2025\/08\/ValentinoVerano5-1170x1755.jpg 1170w, https:\/\/diariosocialrd.com\/wp-content\/uploads\/2025\/08\/ValentinoVerano5-585x878.jpg 585w, https:\/\/diariosocialrd.com\/wp-content\/uploads\/2025\/08\/ValentinoVerano5-scaled.jpg 1707w\" alt=\"\" width=\"683\" height=\"1024\" data-id=\"235678\" \/><\/a><\/figure>\n<\/figure>\n<hr class=\"wp-block-separator has-alpha-channel-opacity\" \/>\n<h2 class=\"wp-block-heading\"><strong>Helado como experiencia, no solo como producto<\/strong><\/h2>\n<p><strong>Diana Kingsley<\/strong>, gerente de Mercadeo de Helados Valentino, destac\u00f3 que cada receta est\u00e1 dise\u00f1ada para\u00a0<strong>provocar emociones<\/strong>\u00a0en sus clientes:<\/p>\n<blockquote class=\"wp-block-quote\"><p>\u201cEn Valentino no solo hacemos helado, construimos momentos. Cada textura y detalle est\u00e1 pensado para provocar una sonrisa inesperada, una pausa merecida o un recuerdo que regresa de golpe\u201d.<\/p><\/blockquote>\n<p>La ejecutiva a\u00f1adi\u00f3 que, aunque el helado no cambia el mundo, puede cambiar el ritmo de un d\u00eda, refrescar las jornadas m\u00e1s intensas y convertirse en un detonante de emociones positivas.<\/p>\n<hr class=\"wp-block-separator has-alpha-channel-opacity\" \/>\n<h2 class=\"wp-block-heading\"><strong>Compromiso con la calidad y la sostenibilidad<\/strong><\/h2>\n<p>Reconocida como\u00a0<strong>marca preferida por los dominicanos<\/strong>, Helados Valentino se distingue por su fabricaci\u00f3n y comercializaci\u00f3n de gelatos de\u00a0<strong>alta calidad<\/strong>, ofreciendo un servicio cercano y manteniendo una estrategia de\u00a0<strong>rentabilidad y sostenibilidad<\/strong>\u00a0que beneficia tanto a sus clientes como a sus colaboradores.<\/p>\n<hr class=\"wp-block-separator has-alpha-channel-opacity\" \/>\n<h2 class=\"wp-block-heading\"><strong>\u201cTe lo Mereces\u201d: una invitaci\u00f3n a disfrutar<\/strong><\/h2>\n<p>Con esta propuesta de verano, Helados Valentino reafirma su posici\u00f3n como referente en gelatos artesanales en Rep\u00fablica Dominicana, invitando a los consumidores a regalarse un momento de placer y frescura en cualquier ocasi\u00f3n.<\/p>\n","protected":false},"excerpt":{"rendered":"<p>Helados Valentino present\u00f3 su nueva propuesta de temporada\u00a0\u201cTe lo Mereces\u201d, una l\u00ednea de gelatos artesanales pensada para disfrutar en cualquier momento del d\u00eda: como un premio tras una jornada laboral,&hellip; <\/p>\n","protected":false},"author":2,"featured_media":72401,"comment_status":"closed","ping_status":"closed","sticky":false,"template":"","format":"standard","meta":{"fifu_image_url":"","fifu_image_alt":"","footnotes":""},"categories":[157],"tags":[],"class_list":["post-72400","post","type-post","status-publish","format-standard","has-post-thumbnail","hentry","category-marketing"],"_links":{"self":[{"href":"https:\/\/elmundodelosnegocios.com.do\/v1\/wp-json\/wp\/v2\/posts\/72400","targetHints":{"allow":["GET"]}}],"collection":[{"href":"https:\/\/elmundodelosnegocios.com.do\/v1\/wp-json\/wp\/v2\/posts"}],"about":[{"href":"https:\/\/elmundodelosnegocios.com.do\/v1\/wp-json\/wp\/v2\/types\/post"}],"author":[{"embeddable":true,"href":"https:\/\/elmundodelosnegocios.com.do\/v1\/wp-json\/wp\/v2\/users\/2"}],"replies":[{"embeddable":true,"href":"https:\/\/elmundodelosnegocios.com.do\/v1\/wp-json\/wp\/v2\/comments?post=72400"}],"version-history":[{"count":1,"href":"https:\/\/elmundodelosnegocios.com.do\/v1\/wp-json\/wp\/v2\/posts\/72400\/revisions"}],"predecessor-version":[{"id":72402,"href":"https:\/\/elmundodelosnegocios.com.do\/v1\/wp-json\/wp\/v2\/posts\/72400\/revisions\/72402"}],"wp:featuredmedia":[{"embeddable":true,"href":"https:\/\/elmundodelosnegocios.com.do\/v1\/wp-json\/wp\/v2\/media\/72401"}],"wp:attachment":[{"href":"https:\/\/elmundodelosnegocios.com.do\/v1\/wp-json\/wp\/v2\/media?parent=72400"}],"wp:term":[{"taxonomy":"category","embeddable":true,"href":"https:\/\/elmundodelosnegocios.com.do\/v1\/wp-json\/wp\/v2\/categories?post=72400"},{"taxonomy":"post_tag","embeddable":true,"href":"https:\/\/elmundodelosnegocios.com.do\/v1\/wp-json\/wp\/v2\/tags?post=72400"}],"curies":[{"name":"wp","href":"https:\/\/api.w.org\/{rel}","templated":true}]}}