{"id":72403,"date":"2025-08-18T08:55:26","date_gmt":"2025-08-18T13:25:26","guid":{"rendered":"https:\/\/www.elmundodelosnegocios.com.do\/v1\/?p=72403"},"modified":"2025-08-18T08:55:26","modified_gmt":"2025-08-18T13:25:26","slug":"bcrd-apertura-la-exposicion-especimenes-de-billetes-de-america-en-su-museo-numismatico-y-filatelico","status":"publish","type":"post","link":"https:\/\/elmundodelosnegocios.com.do\/v1\/bcrd-apertura-la-exposicion-especimenes-de-billetes-de-america-en-su-museo-numismatico-y-filatelico\/","title":{"rendered":"BCRD apertura la exposici\u00f3n \u201cEspec\u00edmenes de billetes de Am\u00e9rica\u201d en su Museo Numism\u00e1tico y Filat\u00e9lico"},"content":{"rendered":"<h3 class=\"artSubtitulo ng-scope\">La muestra recoge billetes procedentes de bancos centrales de pa\u00edses del hemisferio, recibidos como intercambio durante a\u00f1os, y otros enviados especialmente para esta exposici\u00f3n<\/h3>\n<figure id=\"attachment_72404\" aria-describedby=\"caption-attachment-72404\" style=\"width: 848px\" class=\"wp-caption aligncenter\"><a href=\"http:\/\/elmundodelosnegocios.com.do\/v1\/wp-content\/uploads\/2025\/08\/bc20250814.jpg\"><img loading=\"lazy\" decoding=\"async\" class=\"size-full wp-image-72404\" src=\"http:\/\/elmundodelosnegocios.com.do\/v1\/wp-content\/uploads\/2025\/08\/bc20250814.jpg\" alt=\"Jos\u00e9 M. Taveras Lay, Arturo Mat\u00ednez Moya, H\u00e9ctor Valdez Albizu, Ervin Novas Bello, Julio Llibre, Jos\u00e9 Alc\u00e1ntara Alm\u00e1nzar\" width=\"848\" height=\"410\" srcset=\"https:\/\/elmundodelosnegocios.com.do\/v1\/wp-content\/uploads\/2025\/08\/bc20250814.jpg 848w, https:\/\/elmundodelosnegocios.com.do\/v1\/wp-content\/uploads\/2025\/08\/bc20250814-300x145.jpg 300w, https:\/\/elmundodelosnegocios.com.do\/v1\/wp-content\/uploads\/2025\/08\/bc20250814-768x371.jpg 768w\" sizes=\"auto, (max-width: 848px) 100vw, 848px\" \/><\/a><figcaption id=\"caption-attachment-72404\" class=\"wp-caption-text\">Jos\u00e9 M. Taveras Lay, Arturo Mat\u00ednez Moya, H\u00e9ctor Valdez Albizu, Ervin Novas Bello, Julio Llibre, Jos\u00e9 Alc\u00e1ntara Alm\u00e1nzar<\/figcaption><\/figure>\n<p class=\"text-justify\"><span class=\"text-bolder-gb\">Santo Domingo. Rep\u00fablica Dominicana.<\/span>\u00a0El gobernador del Banco Central de la Rep\u00fablica Dominicana (BCRD), H\u00e9ctor Valdez Albizu, pronunci\u00f3 las palabras de apertura de la exposici\u00f3n \u201cEspec\u00edmenes de billetes de Am\u00e9rica\u201d, una actividad celebrada en el Museo Numism\u00e1tico y Filat\u00e9lico de la instituci\u00f3n, con motivo de su cuadrag\u00e9simo aniversario.<\/p>\n<figure id=\"attachment_72405\" aria-describedby=\"caption-attachment-72405\" style=\"width: 848px\" class=\"wp-caption aligncenter\"><a href=\"http:\/\/elmundodelosnegocios.com.do\/v1\/wp-content\/uploads\/2025\/08\/bc20250814-2.jpg\"><img loading=\"lazy\" decoding=\"async\" class=\"size-full wp-image-72405\" src=\"http:\/\/elmundodelosnegocios.com.do\/v1\/wp-content\/uploads\/2025\/08\/bc20250814-2.jpg\" alt=\"Manuel Garc\u00eda Ar\u00e9valo, Jos\u00e9 Manuel Henr\u00edquez, Ram\u00f3n Gonz\u00e1lez y Miguel Estrella\" width=\"848\" height=\"410\" srcset=\"https:\/\/elmundodelosnegocios.com.do\/v1\/wp-content\/uploads\/2025\/08\/bc20250814-2.jpg 848w, https:\/\/elmundodelosnegocios.com.do\/v1\/wp-content\/uploads\/2025\/08\/bc20250814-2-300x145.jpg 300w, https:\/\/elmundodelosnegocios.com.do\/v1\/wp-content\/uploads\/2025\/08\/bc20250814-2-768x371.jpg 768w\" sizes=\"auto, (max-width: 848px) 100vw, 848px\" \/><\/a><figcaption id=\"caption-attachment-72405\" class=\"wp-caption-text\">Manuel Garc\u00eda Ar\u00e9valo, Jos\u00e9 Manuel Henr\u00edquez, Ram\u00f3n Gonz\u00e1lez y Miguel Estrella<\/figcaption><\/figure>\n<p class=\"text-justify\">Valdez Albizu expres\u00f3 en su alocuci\u00f3n que se trata de \u201cuna muestra muy significativa, por agrupar espec\u00edmenes de billetes procedentes de bancos centrales de pa\u00edses amigos de nuestro hemisferio, que hemos recibido como intercambio a trav\u00e9s de los a\u00f1os, y otros que nos han hecho llegar de manera especial para esta exposici\u00f3n\u201d.<\/p>\n<p class=\"text-justify\">El gobernador resalt\u00f3 que el Museo Numism\u00e1tico y Filat\u00e9lico del BCRD \u201cfue abierto al p\u00fablico el 31 de julio de 1985, y desde entonces ha sido un espacio privilegiado en el pa\u00eds, por su contenido \u00fanico, tan concurrido por estudiantes de escuelas y colegios, as\u00ed por como turistas, acad\u00e9micos, intelectuales y coleccionistas interesados en la historia de nuestro patrimonio numism\u00e1tico, as\u00ed como la posibilidad de adquirir las diversas familias de billetes nacionales y las series de monedas de colecci\u00f3n que han sido acu\u00f1adas a trav\u00e9s de los a\u00f1os\u201d.<\/p>\n<figure id=\"attachment_72406\" aria-describedby=\"caption-attachment-72406\" style=\"width: 848px\" class=\"wp-caption aligncenter\"><a href=\"http:\/\/elmundodelosnegocios.com.do\/v1\/wp-content\/uploads\/2025\/08\/bc20250814-3.jpg\"><img loading=\"lazy\" decoding=\"async\" class=\"size-full wp-image-72406\" src=\"http:\/\/elmundodelosnegocios.com.do\/v1\/wp-content\/uploads\/2025\/08\/bc20250814-3.jpg\" alt=\"H\u00e9ctor Valdez Albizu junto a delegaci\u00f3n Embajadores invitados\" width=\"848\" height=\"410\" srcset=\"https:\/\/elmundodelosnegocios.com.do\/v1\/wp-content\/uploads\/2025\/08\/bc20250814-3.jpg 848w, https:\/\/elmundodelosnegocios.com.do\/v1\/wp-content\/uploads\/2025\/08\/bc20250814-3-300x145.jpg 300w, https:\/\/elmundodelosnegocios.com.do\/v1\/wp-content\/uploads\/2025\/08\/bc20250814-3-768x371.jpg 768w\" sizes=\"auto, (max-width: 848px) 100vw, 848px\" \/><\/a><figcaption id=\"caption-attachment-72406\" class=\"wp-caption-text\">H\u00e9ctor Valdez Albizu junto a delegaci\u00f3n Embajadores invitados<\/figcaption><\/figure>\n<p class=\"text-justify\">Asimismo, se\u00f1al\u00f3 que \u201ca la Sala Numism\u00e1tica, que es el \u00e1rea central del museo, en 1996 se incorpor\u00f3 la Sala Filat\u00e9lica, en la que podemos seguir la historia dominicana en estampillas de correos, a partir de 1865 hasta el presente, y, por \u00faltimo, la Sala de Exposiciones Temporales, que es donde hoy podremos contemplar los espec\u00edmenes de billetes continentales seleccionados en esta ocasi\u00f3n\u201d.<\/p>\n<p class=\"text-justify\">Valdez Albizu reconoci\u00f3 el trabajo de coordinaci\u00f3n del Comit\u00e9 Numism\u00e1tico que rige el Museo, asi como el \u201capoyo constante para llevar a cabo nuevos proyectos, tanto en la instalaci\u00f3n de numerosas exposiciones, como en las publicaciones did\u00e1cticas destinadas a la divulgaci\u00f3n del tesoro numism\u00e1tico que albergan estas instalaciones, las asesor\u00edas a coleccionistas, e incluso aportar ideas para la acu\u00f1aci\u00f3n de monedas sobre efem\u00e9rides nacionales, acontecimientos culturales y figuras notables de la naci\u00f3n\u201d.<\/p>\n<p class=\"text-justify\">Tambi\u00e9n elev\u00f3 un agradecimiento \u201ca los representantes diplom\u00e1ticos acreditados en nuestro pa\u00eds y a los directivos de los bancos centrales de Am\u00e9rica que han facilitado el env\u00edo de espec\u00edmenes de billetes de sus respectivas naciones. Gracias a esa valiosa colaboraci\u00f3n de hermandad entre nuestros pueblos, la muestra que hoy exhibimos a ustedes se reviste de esplendor y sentido hist\u00f3rico\u201d.<\/p>\n<p class=\"text-justify\">Estuvieron presentes junto al gobernador los miembros de la honorable Junta Monetaria, Arturo Mart\u00ednez Moya y Julio C\u00e9sar Llibre; el gerente, Ervin Novas Bello; el contralor, Jos\u00e9 Manuel Taveras Lay; el subgerente cultural, Jos\u00e9 Alc\u00e1ntara Alm\u00e1nzar; y otros subgerentes del BCRD. Tambi\u00e9n se dieron cita representantes diplom\u00e1ticos y miembros de la Sociedad Numism\u00e1tica y Sociedad Filat\u00e9lica de la Rep\u00fablica Dominicana.<\/p>\n","protected":false},"excerpt":{"rendered":"<p>La muestra recoge billetes procedentes de bancos centrales de pa\u00edses del hemisferio, recibidos como intercambio durante a\u00f1os, y otros enviados especialmente para esta exposici\u00f3n Santo Domingo. Rep\u00fablica Dominicana.\u00a0El gobernador del&hellip; <\/p>\n","protected":false},"author":2,"featured_media":72404,"comment_status":"closed","ping_status":"closed","sticky":false,"template":"","format":"standard","meta":{"fifu_image_url":"","fifu_image_alt":"","footnotes":""},"categories":[148],"tags":[],"class_list":["post-72403","post","type-post","status-publish","format-standard","has-post-thumbnail","hentry","category-cultura"],"_links":{"self":[{"href":"https:\/\/elmundodelosnegocios.com.do\/v1\/wp-json\/wp\/v2\/posts\/72403","targetHints":{"allow":["GET"]}}],"collection":[{"href":"https:\/\/elmundodelosnegocios.com.do\/v1\/wp-json\/wp\/v2\/posts"}],"about":[{"href":"https:\/\/elmundodelosnegocios.com.do\/v1\/wp-json\/wp\/v2\/types\/post"}],"author":[{"embeddable":true,"href":"https:\/\/elmundodelosnegocios.com.do\/v1\/wp-json\/wp\/v2\/users\/2"}],"replies":[{"embeddable":true,"href":"https:\/\/elmundodelosnegocios.com.do\/v1\/wp-json\/wp\/v2\/comments?post=72403"}],"version-history":[{"count":1,"href":"https:\/\/elmundodelosnegocios.com.do\/v1\/wp-json\/wp\/v2\/posts\/72403\/revisions"}],"predecessor-version":[{"id":72407,"href":"https:\/\/elmundodelosnegocios.com.do\/v1\/wp-json\/wp\/v2\/posts\/72403\/revisions\/72407"}],"wp:featuredmedia":[{"embeddable":true,"href":"https:\/\/elmundodelosnegocios.com.do\/v1\/wp-json\/wp\/v2\/media\/72404"}],"wp:attachment":[{"href":"https:\/\/elmundodelosnegocios.com.do\/v1\/wp-json\/wp\/v2\/media?parent=72403"}],"wp:term":[{"taxonomy":"category","embeddable":true,"href":"https:\/\/elmundodelosnegocios.com.do\/v1\/wp-json\/wp\/v2\/categories?post=72403"},{"taxonomy":"post_tag","embeddable":true,"href":"https:\/\/elmundodelosnegocios.com.do\/v1\/wp-json\/wp\/v2\/tags?post=72403"}],"curies":[{"name":"wp","href":"https:\/\/api.w.org\/{rel}","templated":true}]}}