{"id":72408,"date":"2025-08-18T15:36:32","date_gmt":"2025-08-18T20:06:32","guid":{"rendered":"https:\/\/www.elmundodelosnegocios.com.do\/v1\/?p=72408"},"modified":"2025-08-18T15:36:32","modified_gmt":"2025-08-18T20:06:32","slug":"turismo-dominicano-alcanza-record-historico-con-mas-de-7-1-millones-de-visitantes-hasta-julio","status":"publish","type":"post","link":"https:\/\/elmundodelosnegocios.com.do\/v1\/turismo-dominicano-alcanza-record-historico-con-mas-de-7-1-millones-de-visitantes-hasta-julio\/","title":{"rendered":"Turismo dominicano alcanza r\u00e9cord hist\u00f3rico con m\u00e1s de 7.1 millones de visitantes hasta julio"},"content":{"rendered":"<p><strong><em>David Collado resalta diversificaci\u00f3n de la oferta tur\u00edstica en encuentro con empresarios hoteleros<\/em><\/strong><\/p>\n<p>La Rep\u00fablica Dominicana sigue consolid\u00e1ndose como l\u00edder del turismo en el Caribe tras alcanzar un r\u00e9cord hist\u00f3rico en la llegada de visitantes. En los primeros siete meses del 2025, el pa\u00eds recibi\u00f3\u00a0<strong>7,197,844 turistas<\/strong>, lo que representa un incremento de\u00a0<strong>3.2% respecto al 2024<\/strong>,\u00a0<strong>14% frente al 2023<\/strong>\u00a0y\u00a0<strong>49% en comparaci\u00f3n con 2019<\/strong>, seg\u00fan inform\u00f3 el ministro de Turismo, David Collado.<\/p>\n<p><img loading=\"lazy\" decoding=\"async\" class=\"aligncenter size-full\" src=\"https:\/\/diariosocialrd.com\/wp-content\/uploads\/2025\/08\/7600adc1-a59d-4245-bfa2-cf89dd037886-1170x686.jpeg\" width=\"1170\" height=\"686\" \/><\/p>\n<p>Durante un acto celebrado en un hotel de Santo Domingo, Collado present\u00f3 el comportamiento del sector en el periodo enero-julio, destacando que\u00a0<strong>5,377,878 visitantes llegaron por v\u00eda a\u00e9rea<\/strong>, lo que supone un crecimiento de 1.7% frente al a\u00f1o pasado.<\/p>\n<figure class=\"wp-block-image size-large\"><a href=\"https:\/\/diariosocialrd.com\/wp-content\/uploads\/2025\/08\/4433a47b-9211-47cb-9720-266cd0059407.jpeg\" data-rel=\"penci-gallery-image-content\"><img loading=\"lazy\" decoding=\"async\" class=\"wp-image-236020 aligncenter\" src=\"https:\/\/diariosocialrd.com\/wp-content\/uploads\/2025\/08\/4433a47b-9211-47cb-9720-266cd0059407-1024x662.jpeg\" sizes=\"auto, (max-width: 1024px) 100vw, 1024px\" srcset=\"https:\/\/diariosocialrd.com\/wp-content\/uploads\/2025\/08\/4433a47b-9211-47cb-9720-266cd0059407-1024x662.jpeg 1024w, https:\/\/diariosocialrd.com\/wp-content\/uploads\/2025\/08\/4433a47b-9211-47cb-9720-266cd0059407-300x194.jpeg 300w, https:\/\/diariosocialrd.com\/wp-content\/uploads\/2025\/08\/4433a47b-9211-47cb-9720-266cd0059407-768x496.jpeg 768w, https:\/\/diariosocialrd.com\/wp-content\/uploads\/2025\/08\/4433a47b-9211-47cb-9720-266cd0059407-1536x992.jpeg 1536w, https:\/\/diariosocialrd.com\/wp-content\/uploads\/2025\/08\/4433a47b-9211-47cb-9720-266cd0059407-2048x1323.jpeg 2048w, https:\/\/diariosocialrd.com\/wp-content\/uploads\/2025\/08\/4433a47b-9211-47cb-9720-266cd0059407-1920x1241.jpeg 1920w, https:\/\/diariosocialrd.com\/wp-content\/uploads\/2025\/08\/4433a47b-9211-47cb-9720-266cd0059407-1170x756.jpeg 1170w, https:\/\/diariosocialrd.com\/wp-content\/uploads\/2025\/08\/4433a47b-9211-47cb-9720-266cd0059407-585x378.jpeg 585w\" alt=\"\" width=\"1024\" height=\"662\" \/><\/a><\/figure>\n<p>El aumento tambi\u00e9n se reflej\u00f3 en la llegada de cruceristas, con\u00a0<strong>1,819,966 pasajeros<\/strong>\u00a0recibidos hasta julio, un 3.2% m\u00e1s que en 2024.<\/p>\n<blockquote class=\"wp-block-quote\"><p>\u201cEsas dos hist\u00f3ricas cifras nos llevan al gran total de\u00a0<strong>7,197,844 visitantes en siete meses: un r\u00e9cord absoluto en la historia del turismo dominicano<\/strong>\u201d, expres\u00f3 Collado con evidente satisfacci\u00f3n.<\/p><\/blockquote>\n<h3 class=\"wp-block-heading\">Julio marca otro hito<\/h3>\n<p>Solo en el mes de julio, el pa\u00eds recibi\u00f3\u00a0<strong>1,052,836 visitantes<\/strong>, de los cuales\u00a0<strong>863,785 llegaron por la v\u00eda a\u00e9rea<\/strong>\u00a0(6.5% m\u00e1s que en 2024) y\u00a0<strong>189,051 en cruceros<\/strong>. Estas cifras representan un crecimiento de 3.4% respecto al a\u00f1o pasado, 12% en comparaci\u00f3n con 2023 y 56% sobre 2019.<\/p>\n<figure class=\"wp-block-image size-large\"><a href=\"https:\/\/diariosocialrd.com\/wp-content\/uploads\/2025\/08\/899fd2b6-0ae6-4ce3-b436-811eae8596c3.jpeg\" data-rel=\"penci-gallery-image-content\"><img loading=\"lazy\" decoding=\"async\" class=\"wp-image-236019 aligncenter\" src=\"https:\/\/diariosocialrd.com\/wp-content\/uploads\/2025\/08\/899fd2b6-0ae6-4ce3-b436-811eae8596c3-1024x517.jpeg\" sizes=\"auto, (max-width: 1024px) 100vw, 1024px\" srcset=\"https:\/\/diariosocialrd.com\/wp-content\/uploads\/2025\/08\/899fd2b6-0ae6-4ce3-b436-811eae8596c3-1024x517.jpeg 1024w, https:\/\/diariosocialrd.com\/wp-content\/uploads\/2025\/08\/899fd2b6-0ae6-4ce3-b436-811eae8596c3-300x152.jpeg 300w, https:\/\/diariosocialrd.com\/wp-content\/uploads\/2025\/08\/899fd2b6-0ae6-4ce3-b436-811eae8596c3-768x388.jpeg 768w, https:\/\/diariosocialrd.com\/wp-content\/uploads\/2025\/08\/899fd2b6-0ae6-4ce3-b436-811eae8596c3-1536x776.jpeg 1536w, https:\/\/diariosocialrd.com\/wp-content\/uploads\/2025\/08\/899fd2b6-0ae6-4ce3-b436-811eae8596c3-2048x1034.jpeg 2048w, https:\/\/diariosocialrd.com\/wp-content\/uploads\/2025\/08\/899fd2b6-0ae6-4ce3-b436-811eae8596c3-1920x970.jpeg 1920w, https:\/\/diariosocialrd.com\/wp-content\/uploads\/2025\/08\/899fd2b6-0ae6-4ce3-b436-811eae8596c3-1170x591.jpeg 1170w, https:\/\/diariosocialrd.com\/wp-content\/uploads\/2025\/08\/899fd2b6-0ae6-4ce3-b436-811eae8596c3-585x295.jpeg 585w\" alt=\"\" width=\"1024\" height=\"517\" \/><\/a><\/figure>\n<h3 class=\"wp-block-heading\">Principales emisores y aeropuertos<\/h3>\n<p>Estados Unidos se consolid\u00f3 como el principal mercado emisor con\u00a0<strong>52% de los turistas<\/strong>, seguido de Canad\u00e1 (7%), Argentina y Puerto Rico (6%), Colombia (4%), M\u00e9xico (3%) y Espa\u00f1a, Brasil y Chile (2%).<\/p>\n<p>Los aeropuertos con mayor recepci\u00f3n de pasajeros fueron\u00a0<strong>Punta Cana (59%)<\/strong>,\u00a0<strong>Las Am\u00e9ricas (23%)<\/strong>,\u00a0<strong>Cibao (13%)<\/strong>,\u00a0<strong>Puerto Plata (3%)<\/strong>, y un 1% entre La Romana y otras terminales.<\/p>\n<h3 class=\"wp-block-heading\">Una alianza p\u00fablico-privada decisiva<\/h3>\n<p>Collado subray\u00f3 que los logros alcanzados son fruto de la estrecha colaboraci\u00f3n entre el Estado y el sector privado.<\/p>\n<blockquote class=\"wp-block-quote\"><p>\u201cGracias a esta gran alianza p\u00fablico-privada, el turismo no solo seguir\u00e1 creciendo, sino que tambi\u00e9n se diversificar\u00e1 para ofrecer experiencias cada vez m\u00e1s completas a quienes nos visitan\u201d, asegur\u00f3 el ministro.<\/p><\/blockquote>\n<p>Previo a la presentaci\u00f3n de los resultados, Collado sostuvo un encuentro con empresarios y actores del sector, en el que se evaluaron las perspectivas de la industria tur\u00edstica y los pr\u00f3ximos pasos para garantizar su sostenibilidad y expansi\u00f3n.<\/p>\n","protected":false},"excerpt":{"rendered":"<p>David Collado resalta diversificaci\u00f3n de la oferta tur\u00edstica en encuentro con empresarios hoteleros La Rep\u00fablica Dominicana sigue consolid\u00e1ndose como l\u00edder del turismo en el Caribe tras alcanzar un r\u00e9cord hist\u00f3rico&hellip; <\/p>\n","protected":false},"author":2,"featured_media":72409,"comment_status":"closed","ping_status":"closed","sticky":false,"template":"","format":"standard","meta":{"fifu_image_url":"https:\/\/diariosocialrd.com\/wp-content\/uploads\/2025\/08\/7600adc1-a59d-4245-bfa2-cf89dd037886-1170x686.jpeg","fifu_image_alt":"","footnotes":""},"categories":[172],"tags":[],"class_list":["post-72408","post","type-post","status-publish","format-standard","has-post-thumbnail","hentry","category-turismo"],"_links":{"self":[{"href":"https:\/\/elmundodelosnegocios.com.do\/v1\/wp-json\/wp\/v2\/posts\/72408","targetHints":{"allow":["GET"]}}],"collection":[{"href":"https:\/\/elmundodelosnegocios.com.do\/v1\/wp-json\/wp\/v2\/posts"}],"about":[{"href":"https:\/\/elmundodelosnegocios.com.do\/v1\/wp-json\/wp\/v2\/types\/post"}],"author":[{"embeddable":true,"href":"https:\/\/elmundodelosnegocios.com.do\/v1\/wp-json\/wp\/v2\/users\/2"}],"replies":[{"embeddable":true,"href":"https:\/\/elmundodelosnegocios.com.do\/v1\/wp-json\/wp\/v2\/comments?post=72408"}],"version-history":[{"count":1,"href":"https:\/\/elmundodelosnegocios.com.do\/v1\/wp-json\/wp\/v2\/posts\/72408\/revisions"}],"predecessor-version":[{"id":72410,"href":"https:\/\/elmundodelosnegocios.com.do\/v1\/wp-json\/wp\/v2\/posts\/72408\/revisions\/72410"}],"wp:featuredmedia":[{"embeddable":true,"href":"https:\/\/elmundodelosnegocios.com.do\/v1\/wp-json\/wp\/v2\/media\/72409"}],"wp:attachment":[{"href":"https:\/\/elmundodelosnegocios.com.do\/v1\/wp-json\/wp\/v2\/media?parent=72408"}],"wp:term":[{"taxonomy":"category","embeddable":true,"href":"https:\/\/elmundodelosnegocios.com.do\/v1\/wp-json\/wp\/v2\/categories?post=72408"},{"taxonomy":"post_tag","embeddable":true,"href":"https:\/\/elmundodelosnegocios.com.do\/v1\/wp-json\/wp\/v2\/tags?post=72408"}],"curies":[{"name":"wp","href":"https:\/\/api.w.org\/{rel}","templated":true}]}}