{"id":72437,"date":"2025-08-20T14:23:51","date_gmt":"2025-08-20T18:53:51","guid":{"rendered":"https:\/\/www.elmundodelosnegocios.com.do\/v1\/?p=72437"},"modified":"2025-08-20T14:23:51","modified_gmt":"2025-08-20T18:53:51","slug":"rd-fortalece-infraestructura-para-impulsar-exploracion-de-hidrocarburos-y-minerales","status":"publish","type":"post","link":"https:\/\/elmundodelosnegocios.com.do\/v1\/rd-fortalece-infraestructura-para-impulsar-exploracion-de-hidrocarburos-y-minerales\/","title":{"rendered":"RD fortalece infraestructura para impulsar exploraci\u00f3n de hidrocarburos y minerales"},"content":{"rendered":"<p><span lang=\"es\">Santo Domingo.-\u00a0<strong>El Ministerio de Energ\u00eda y Minas<\/strong>\u00a0(MEM), en colaboraci\u00f3n con el\u00a0<strong>Servicio Geol\u00f3gico Nacional<\/strong>, la\u00a0<strong>Direcci\u00f3n General de Miner\u00eda<\/strong>, el Centro de Estudios de Geodesia\u00a0<strong>(Cenegeo)\u00a0<\/strong>y la\u00a0<strong>Escola Polit\u00e9cnica de la Universidad de S\u00e3o Paulo,<\/strong>\u00a0culmin\u00f3 una ambiciosa campa\u00f1a de densificaci\u00f3n gravim\u00e9trica, que marca un hito en el fortalecimiento de la\u00a0<strong>Red Gravim\u00e9trica Nacional<\/strong>\u00a0(RGN) y en el desarrollo t\u00e9cnico para la exploraci\u00f3n de\u00a0<strong>hidrocarburos y minerales<\/strong>\u00a0en la Rep\u00fablica Dominicana.<\/span><\/p>\n<p><img loading=\"lazy\" decoding=\"async\" class=\"aligncenter size-full\" src=\"https:\/\/presidencia.gob.do\/sites\/default\/files\/styles\/large\/public\/news\/2025-08\/Energias%20y%20minas%20I.jpg?itok=Ds1n-leI\" width=\"1300\" height=\"731\" \/><\/p>\n<p><span lang=\"es\">Entre\u00a0<strong>diciembre de 2024 y mayo de 2025<\/strong>, se adquirieron y procesaron 611 nuevas mediciones de aceleraci\u00f3n de gravedad relativa, realizando la densificaci\u00f3n de la red gravim\u00e9trica nacional utilizando el equipo\u00a0<strong>Scintrex CG-5\/808<\/strong>, con una precisi\u00f3n de 0.05 mGal, referenciadas a 11 mediciones absolutas realizadas con grav\u00edmetro\u00a0<strong>A-10\/032<\/strong>.<\/span><\/p>\n<p><span lang=\"es\">Las ubicaciones fueron determinadas mediante receptores GNSS y procesamiento PPP del Instituto Brasile\u00f1o de Geograf\u00eda y Estad\u00edstica (IBGE), en el\u00a0<strong>sistema SIRGAS2000.<\/strong><\/span><\/p>\n<p><span lang=\"es\">Estas mediciones, distribuidas aproximadamente cada 3 kil\u00f3metros a lo largo de las principales carreteras del pa\u00eds, permiten mejorar la resoluci\u00f3n de los modelos gravim\u00e9tricos y generar un\u00a0<strong>mapa de anomal\u00eda de Bouguer<\/strong>\u00a0actualizado, fundamentales para identificar estructuras subterr\u00e1neas con potencial\u00a0<strong>petrolero, minero o hidrogeol\u00f3gico.<\/strong><\/span><\/p>\n<p><em><span lang=\"es\">\u201cEl Viceministerio de Hidrocarburos ha integrado estos resultados con los datos existentes en la Base Nacional de Datos de Hidrocarburos (BNDH), que incluye informaci\u00f3n s\u00edsmica, geoqu\u00edmica y de pozos recopilada durante m\u00e1s de un siglo. Esta sinergia refuerza la capacidad del pa\u00eds para ofrecer a inversionistas internacionales un portafolio s\u00f3lido de \u00e1reas prospectivas\u201d,<\/span><\/em><span lang=\"es\">\u00a0se\u00f1al\u00f3 el viceministro de Hidrocarburos del MEM, Noel B\u00e1ez.<\/span><\/p>\n<p><span lang=\"es\"><strong>Impacto estrat\u00e9gico<\/strong><\/span><\/p>\n<p><span lang=\"es\">El viceministro explic\u00f3 que este avance posiciona a la Rep\u00fablica Dominicana como\u00a0<strong>referente regional en infraestructura gravim\u00e9trica<\/strong>, con beneficios que se extienden a estudios geol\u00f3gicos, gesti\u00f3n de recursos h\u00eddricos, evaluaci\u00f3n de riesgos naturales y planificaci\u00f3n territorial.<\/span><\/p>\n<p><span lang=\"es\">Adem\u00e1s, fortalece la\u00a0<strong>capacidad del Estado<\/strong>\u00a0para reducir la incertidumbre en la exploraci\u00f3n,\u00a0<strong>optimizar los costos<\/strong>\u00a0de perforaci\u00f3n y mejorar la\u00a0<strong>seguridad operativa<\/strong>\u00a0en futuros proyectos.<\/span><\/p>\n<p><em><span lang=\"es\">\u201cEste esfuerzo t\u00e9cnico se alinea con los objetivos estrat\u00e9gicos del obierno dominicano en materia de exploraci\u00f3n de hidrocarburos, al proporcionar datos de alta resoluci\u00f3n que permiten identificar \u00e1reas prospectivas con mayor precisi\u00f3n\u201d,<\/span><\/em><span lang=\"es\">\u00a0dijo.<\/span><\/p>\n<p><span lang=\"es\">Indic\u00f3, adem\u00e1s, que esto facilita la atracci\u00f3n de\u00a0<strong>inversi\u00f3n extranjera<\/strong>, mejora la toma de decisiones en rondas de licitaci\u00f3n de bloques petroleros y contribuye al\u00a0<strong>desarrollo sostenible<\/strong>\u00a0del sector energ\u00e9tico nacional.<\/span><\/p>\n<p><span lang=\"es\">Los resultados del proyecto, incluyendo el mapa de anomal\u00eda de Bouguer, est\u00e1n disponibles en el portal de la\u00a0<strong>Base Nacional de Datos de Hidrocarburos<\/strong>\u00a0(BNDH) del MEM, como parte del compromiso institucional con la\u00a0<strong>transparencia y el acceso p\u00fablico<\/strong>\u00a0a la informaci\u00f3n t\u00e9cnica.<\/span><\/p>\n<p><span lang=\"es\"><strong>Marco legal y competencia institucional<\/strong><\/span><\/p>\n<p><span lang=\"es\">La ejecuci\u00f3n de este proyecto se enmarca dentro de las atribuciones conferidas al\u00a0<strong>Ministerio de Energ\u00eda y Minas<\/strong>\u00a0por la\u00a0<strong>Ley 100-13,\u00a0<\/strong>que lo establece como \u00f3rgano rector de la formulaci\u00f3n y administraci\u00f3n de la\u00a0<strong>pol\u00edtica energ\u00e9tica nacional.<\/strong><\/span><\/p>\n<p><em><span lang=\"es\">\u201cEsta legislaci\u00f3n otorga al MEM la competencia para dirigir actividades de investigaci\u00f3n, prospecci\u00f3n, exploraci\u00f3n y explotaci\u00f3n de hidrocarburos, as\u00ed como de recursos mineros met\u00e1licos y no met\u00e1licos, consolidando su liderazgo t\u00e9cnico en el desarrollo sostenible del sector energ\u00e9tico y minero del pa\u00eds\u201d,<\/span><\/em><span lang=\"es\">\u00a0precis\u00f3 el viceministro B\u00e1ez .<\/span><\/p>\n","protected":false},"excerpt":{"rendered":"<p>Santo Domingo.-\u00a0El Ministerio de Energ\u00eda y Minas\u00a0(MEM), en colaboraci\u00f3n con el\u00a0Servicio Geol\u00f3gico Nacional, la\u00a0Direcci\u00f3n General de Miner\u00eda, el Centro de Estudios de Geodesia\u00a0(Cenegeo)\u00a0y la\u00a0Escola Polit\u00e9cnica de la Universidad de S\u00e3o&hellip; <\/p>\n","protected":false},"author":2,"featured_media":72438,"comment_status":"closed","ping_status":"closed","sticky":false,"template":"","format":"standard","meta":{"fifu_image_url":"https:\/\/presidencia.gob.do\/sites\/default\/files\/styles\/large\/public\/news\/2025-08\/Energias%20y%20minas%20I.jpg?itok=Ds1n-leI","fifu_image_alt":"","footnotes":""},"categories":[160],"tags":[],"class_list":["post-72437","post","type-post","status-publish","format-standard","has-post-thumbnail","hentry","category-mineria"],"_links":{"self":[{"href":"https:\/\/elmundodelosnegocios.com.do\/v1\/wp-json\/wp\/v2\/posts\/72437","targetHints":{"allow":["GET"]}}],"collection":[{"href":"https:\/\/elmundodelosnegocios.com.do\/v1\/wp-json\/wp\/v2\/posts"}],"about":[{"href":"https:\/\/elmundodelosnegocios.com.do\/v1\/wp-json\/wp\/v2\/types\/post"}],"author":[{"embeddable":true,"href":"https:\/\/elmundodelosnegocios.com.do\/v1\/wp-json\/wp\/v2\/users\/2"}],"replies":[{"embeddable":true,"href":"https:\/\/elmundodelosnegocios.com.do\/v1\/wp-json\/wp\/v2\/comments?post=72437"}],"version-history":[{"count":1,"href":"https:\/\/elmundodelosnegocios.com.do\/v1\/wp-json\/wp\/v2\/posts\/72437\/revisions"}],"predecessor-version":[{"id":72439,"href":"https:\/\/elmundodelosnegocios.com.do\/v1\/wp-json\/wp\/v2\/posts\/72437\/revisions\/72439"}],"wp:featuredmedia":[{"embeddable":true,"href":"https:\/\/elmundodelosnegocios.com.do\/v1\/wp-json\/wp\/v2\/media\/72438"}],"wp:attachment":[{"href":"https:\/\/elmundodelosnegocios.com.do\/v1\/wp-json\/wp\/v2\/media?parent=72437"}],"wp:term":[{"taxonomy":"category","embeddable":true,"href":"https:\/\/elmundodelosnegocios.com.do\/v1\/wp-json\/wp\/v2\/categories?post=72437"},{"taxonomy":"post_tag","embeddable":true,"href":"https:\/\/elmundodelosnegocios.com.do\/v1\/wp-json\/wp\/v2\/tags?post=72437"}],"curies":[{"name":"wp","href":"https:\/\/api.w.org\/{rel}","templated":true}]}}