{"id":72447,"date":"2025-08-21T14:21:03","date_gmt":"2025-08-21T18:51:03","guid":{"rendered":"https:\/\/www.elmundodelosnegocios.com.do\/v1\/?p=72447"},"modified":"2025-08-21T14:21:03","modified_gmt":"2025-08-21T18:51:03","slug":"index-renueva-acuerdo-educativo-con-northern-essex-community-college-en-lawrence-para-beneficiar-a-dominicanos","status":"publish","type":"post","link":"https:\/\/elmundodelosnegocios.com.do\/v1\/index-renueva-acuerdo-educativo-con-northern-essex-community-college-en-lawrence-para-beneficiar-a-dominicanos\/","title":{"rendered":"Index renueva acuerdo educativo con Northern Essex Community College, en Lawrence, para beneficiar a dominicanos"},"content":{"rendered":"<p>La entidad asumir\u00e1 la planificaci\u00f3n y ejecuci\u00f3n de las actividades, garantizando que sean gratuitas, inclusivas y culturalmente pertinentes.<\/p>\n<p>Lawrence, Massachusetts. \u2013 Desde el Mirex, a trav\u00e9s del Viceministerio para las Comunidades Dominicanas en el Exterior y el Instituto de Dominicanos y Dominicanas en Exterior (Index), se firm\u00f3 la renovaci\u00f3n de un acuerdo de colaboraci\u00f3n con el Northern Essex Community College (NECC), con el que se busca ampliar y fortalecer las oportunidades educativas, tecnol\u00f3gicas y comunitarias en beneficio de la comunidad dominicana residente en la ciudad estadounidense de Lawrence, Massachusetts.<\/p>\n<p><img loading=\"lazy\" decoding=\"async\" class=\"aligncenter size-full\" src=\"https:\/\/presidencia.gob.do\/sites\/default\/files\/styles\/large\/public\/news\/2025-08\/IMG_1332%20%281%29.jpg?itok=ACyQ-0Fq\" width=\"1300\" height=\"731\" \/><\/p>\n<p>La ceremonia, realizada en el marco de la Semana de la Herencia Dominicana 2025, tuvo lugar en el campus de Lawrence del NECC y estuvo encabezada por la viceministra para las Comunidades Dominicanas en el Exterior y directora ejecutiva del Index, embajadora Celin\u00e9s Toribio, y la vicepresidenta del Campus y de Relaciones Comunitarias, Naydeen Gonz\u00e1lez de Jes\u00fas.<\/p>\n<p>El acuerdo permitir\u00e1 dar continuidad a programas y servicios que incluyen el acceso a aulas equipadas con tecnolog\u00eda de vanguardia, recursos digitales, talleres de alfabetizaci\u00f3n, ense\u00f1anza de idiomas y espacios para la participaci\u00f3n c\u00edvica. El Index asumir\u00e1 la planificaci\u00f3n y ejecuci\u00f3n de las actividades, garantizando que sean gratuitas, inclusivas y culturalmente pertinentes.<\/p>\n<p>Durante el acto, la viceministra Toribio, destac\u00f3 que \u201cse estima que en Lawrence habitan unas 49,000 personas de origen dominicano, por lo cual esta firma representa un paso firme hacia la consolidaci\u00f3n de oportunidades reales para nuestra di\u00e1spora, con un enfoque en la educaci\u00f3n, la innovaci\u00f3n tecnol\u00f3gica y el fortalecimiento de los lazos comunitarios. Un paso m\u00e1s para seguir cumpliendo con el eje 1 de la pol\u00edtica exterior dominicana, referente a proteger a nuestros connacionales donde quiera que se encuentren\u201d.<\/p>\n<p>El impacto del acuerdo, coordinado por Anna Hern\u00e1ndez, directora de Investigaci\u00f3n y Estudios del referido viceministerio, se refleja en la poblaci\u00f3n estudiantil de NECC: de sus 4,000 estudiantes, un 60 % es de origen hispano y, aproximadamente, un 80 % de ese grupo es de ascendencia dominicana.<\/p>\n<p>En el evento estuvieron presentes Oscar Guerrero, encargado de la oficina del Index en Boston, as\u00ed como Di\u00f3genes Reyes y Pablo Hern\u00e1ndez, encargados de Investigaci\u00f3n y Estudio de dicha oficina; Jos\u00e9 Miguel Zabala, director de Vinculaci\u00f3n y Codesarrollo, y Reina Rosario, directora de Fomento a la Identidad Nacional, ambos del Viceministerio para las Comunidades Dominicanas en el Exterior.<\/p>\n<p>Adem\u00e1s, Rosario don\u00f3 cuatro libros de su autor\u00eda sobre historia y patrimonio dominicano, a las bibliotecas del NECC.<\/p>\n","protected":false},"excerpt":{"rendered":"<p>La entidad asumir\u00e1 la planificaci\u00f3n y ejecuci\u00f3n de las actividades, garantizando que sean gratuitas, inclusivas y culturalmente pertinentes. Lawrence, Massachusetts. \u2013 Desde el Mirex, a trav\u00e9s del Viceministerio para las&hellip; <\/p>\n","protected":false},"author":2,"featured_media":72448,"comment_status":"closed","ping_status":"closed","sticky":false,"template":"","format":"standard","meta":{"fifu_image_url":"https:\/\/presidencia.gob.do\/sites\/default\/files\/styles\/large\/public\/news\/2025-08\/IMG_1332%20%281%29.jpg?itok=ACyQ-0Fq","fifu_image_alt":"","footnotes":""},"categories":[151],"tags":[],"class_list":["post-72447","post","type-post","status-publish","format-standard","has-post-thumbnail","hentry","category-gerencia"],"_links":{"self":[{"href":"https:\/\/elmundodelosnegocios.com.do\/v1\/wp-json\/wp\/v2\/posts\/72447","targetHints":{"allow":["GET"]}}],"collection":[{"href":"https:\/\/elmundodelosnegocios.com.do\/v1\/wp-json\/wp\/v2\/posts"}],"about":[{"href":"https:\/\/elmundodelosnegocios.com.do\/v1\/wp-json\/wp\/v2\/types\/post"}],"author":[{"embeddable":true,"href":"https:\/\/elmundodelosnegocios.com.do\/v1\/wp-json\/wp\/v2\/users\/2"}],"replies":[{"embeddable":true,"href":"https:\/\/elmundodelosnegocios.com.do\/v1\/wp-json\/wp\/v2\/comments?post=72447"}],"version-history":[{"count":1,"href":"https:\/\/elmundodelosnegocios.com.do\/v1\/wp-json\/wp\/v2\/posts\/72447\/revisions"}],"predecessor-version":[{"id":72449,"href":"https:\/\/elmundodelosnegocios.com.do\/v1\/wp-json\/wp\/v2\/posts\/72447\/revisions\/72449"}],"wp:featuredmedia":[{"embeddable":true,"href":"https:\/\/elmundodelosnegocios.com.do\/v1\/wp-json\/wp\/v2\/media\/72448"}],"wp:attachment":[{"href":"https:\/\/elmundodelosnegocios.com.do\/v1\/wp-json\/wp\/v2\/media?parent=72447"}],"wp:term":[{"taxonomy":"category","embeddable":true,"href":"https:\/\/elmundodelosnegocios.com.do\/v1\/wp-json\/wp\/v2\/categories?post=72447"},{"taxonomy":"post_tag","embeddable":true,"href":"https:\/\/elmundodelosnegocios.com.do\/v1\/wp-json\/wp\/v2\/tags?post=72447"}],"curies":[{"name":"wp","href":"https:\/\/api.w.org\/{rel}","templated":true}]}}