{"id":72475,"date":"2025-08-25T09:00:31","date_gmt":"2025-08-25T13:30:31","guid":{"rendered":"https:\/\/www.elmundodelosnegocios.com.do\/v1\/ministro-ito-bisono-recibe-delegacion-de-defensa-de-ee-uu-para-intercambiar-perspectivas-en-materia-de-comercio\/"},"modified":"2025-08-25T09:00:31","modified_gmt":"2025-08-25T13:30:31","slug":"ministro-ito-bisono-recibe-delegacion-de-defensa-de-ee-uu-para-intercambiar-perspectivas-en-materia-de-comercio","status":"publish","type":"post","link":"https:\/\/elmundodelosnegocios.com.do\/v1\/ministro-ito-bisono-recibe-delegacion-de-defensa-de-ee-uu-para-intercambiar-perspectivas-en-materia-de-comercio\/","title":{"rendered":"Ministro Ito Bison\u00f3 recibe delegaci\u00f3n de Defensa de EE. UU. para intercambiar perspectivas en materia de comercio"},"content":{"rendered":"<div>\n<p><strong><a href=\"https:\/\/micm.gob.do\/wp-content\/uploads\/2025\/08\/Ministro-Ito-Bisono-recibe-delegacion-de-Defensa-de-EEUU-02.jpeg\"><img fetchpriority=\"high\" decoding=\"async\" class=\"alignright wp-image-166861 size-medium\" src=\"https:\/\/micm.gob.do\/wp-content\/uploads\/2025\/08\/Ministro-Ito-Bisono-recibe-delegacion-de-Defensa-de-EEUU-02-300x200.jpeg\" alt=\"\" width=\"300\" height=\"200\" srcset=\"https:\/\/micm.gob.do\/wp-content\/uploads\/2025\/08\/Ministro-Ito-Bisono-recibe-delegacion-de-Defensa-de-EEUU-02-300x200.jpeg 300w, https:\/\/micm.gob.do\/wp-content\/uploads\/2025\/08\/Ministro-Ito-Bisono-recibe-delegacion-de-Defensa-de-EEUU-02-1024x682.jpeg 1024w, https:\/\/micm.gob.do\/wp-content\/uploads\/2025\/08\/Ministro-Ito-Bisono-recibe-delegacion-de-Defensa-de-EEUU-02-768x512.jpeg 768w, https:\/\/micm.gob.do\/wp-content\/uploads\/2025\/08\/Ministro-Ito-Bisono-recibe-delegacion-de-Defensa-de-EEUU-02.jpeg 1280w\" sizes=\"(max-width: 300px) 100vw, 300px\"><\/a>SANTO DOMINGO, RD \u2013<\/strong> El ministro de Industria, Comercio y Mipymes (MICM), V\u00edctor -Ito- Bison\u00f3, recibi\u00f3 a una delegaci\u00f3n de alto nivel del gobierno de los Estados Unidos, encabezada por Michael Jensen, Director Senior del Consejo de Seguridad Nacional (NSC) para el Hemisferio Occidental, junto a Patricia Aguilera, encargada de Negocios de la Embajada de EE.UU. en el pa\u00eds. La visita, que marca el inicio de una serie de encuentros en el pa\u00eds, tiene como objetivo principal intercambiar perspectivas sobre los avances en el pa\u00eds y la situaci\u00f3n regional en materia de comercio, propiedad intelectual, combate al comercio il\u00edcito, aranceles, entre otros.<\/p>\n<p>El encuentro, que subraya la posici\u00f3n estrat\u00e9gica de la Rep\u00fablica Dominicana en la regi\u00f3n, se llev\u00f3 a cabo en la sede del ministerio. La delegaci\u00f3n estadounidense mostr\u00f3 inter\u00e9s en la perspectiva dominicana sobre temas cruciales como el comercio il\u00edcito y la seguridad en la zona fronteriza.<\/p>\n<p>\u201cEs un honor que esta importante delegaci\u00f3n haya elegido el MICM como punto de partida para su recorrido en el pa\u00eds. Esto reafirma la posici\u00f3n de liderazgo de la Rep\u00fablica Dominicana y nuestra relevancia en los di\u00e1logos sobre seguridad y comercio en la regi\u00f3n\u201d, afirm\u00f3 el ministro Ito Bison\u00f3.<\/p>\n<p>El ministro de Industria, Comercio y Mipymes, destac\u00f3 la relaci\u00f3n de amistad, cooperaci\u00f3n e intercambio comercial que marca la interacci\u00f3n con los Estados Unidos, siendo uno de los principales socios estrat\u00e9gicos, mercado del 67% de nuestras exportaciones totales.<\/p>\n<p><strong><a href=\"https:\/\/micm.gob.do\/wp-content\/uploads\/2025\/08\/Ministro-Ito-Bisono-recibe-delegacion-de-Defensa-de-EEUU-03.jpeg\"><img loading=\"lazy\" decoding=\"async\" class=\"alignright wp-image-166862 size-medium\" src=\"https:\/\/micm.gob.do\/wp-content\/uploads\/2025\/08\/Ministro-Ito-Bisono-recibe-delegacion-de-Defensa-de-EEUU-03-300x200.jpeg\" alt=\"\" width=\"300\" height=\"200\" srcset=\"https:\/\/micm.gob.do\/wp-content\/uploads\/2025\/08\/Ministro-Ito-Bisono-recibe-delegacion-de-Defensa-de-EEUU-03-300x200.jpeg 300w, https:\/\/micm.gob.do\/wp-content\/uploads\/2025\/08\/Ministro-Ito-Bisono-recibe-delegacion-de-Defensa-de-EEUU-03-1024x682.jpeg 1024w, https:\/\/micm.gob.do\/wp-content\/uploads\/2025\/08\/Ministro-Ito-Bisono-recibe-delegacion-de-Defensa-de-EEUU-03-768x512.jpeg 768w, https:\/\/micm.gob.do\/wp-content\/uploads\/2025\/08\/Ministro-Ito-Bisono-recibe-delegacion-de-Defensa-de-EEUU-03.jpeg 1280w\" sizes=\"auto, (max-width: 300px) 100vw, 300px\"><\/a>Integrantes de la Delegaci\u00f3n Estadounidense<\/strong><\/p>\n<p>La delegaci\u00f3n de Estados Unidos que visit\u00f3 el Ministerio de Industria, Comercio y Mipymes, estuvo conformada por Patricia Aguilera, encargada de Negocios de la Embajada de los Estados Unidos en el pa\u00eds; Michael Jensen, Director Senior del Consejo de Seguridad Nacional (NSC) para el Hemisferio Occidental; Joseph M. Humire, Subsecretario Adjunto de Defensa para Asuntos del Hemisferio Occidental; Lisa Jacobson de Abarca, Oficial de Escritorio de OSD-P (Departamento de Defensa); Ariel Jahner y Brandon Olson, ambos de la Embajada de los Estados Unidos en Rep\u00fablica Dominicana.<\/p>\n<p>La contraparte dominicana para esta reuni\u00f3n estuvo encabezada por el ministro Ito Bison\u00f3, acompa\u00f1ado por la viceministra de Comercio Exterior, Vilma Arbaje de Contreras; el viceministro de Comercio Interno, Ram\u00f3n P\u00e9rez Ferm\u00edn; y el director del Cuerpo Especializado en Control de Combustibles y Mercanc\u00edas (CECCOM), General C\u00e9sar Miranda.<\/p>\n<p><strong>Avances de RD en temas claves<\/strong><\/p>\n<p>Rep\u00fablica Dominicana se ha constituido en un modelo regional en el combate al comercio il\u00edcito, gracias a la acci\u00f3n coordinada entre Gobierno y sector privado, logrando que desde 2021, no se hayan registrado muertes por alcohol adulterado, as\u00ed como la incautaci\u00f3n e incineraci\u00f3n de mas de 135 millones de unidades il\u00edcitas.<\/p>\n<p>En materia de propiedad intelectual, Rep\u00fablica Dominicana logr\u00f3 salir tras 28 a\u00f1os, de la Lista de Observaci\u00f3n del Informe de Comercio 301 de los Estados Unidos, logrando su permanencia fuera por dos a\u00f1os consecutivos, destacando dicho desempe\u00f1o en la secci\u00f3n de buenas pr\u00e1cticas.<\/p>\n<p><strong>Fuente:<\/strong> Direcci\u00f3n de Comunicaciones<\/p>\n<p>The post <a href=\"https:\/\/micm.gob.do\/ministro-ito-bisono-recibe-delegacion-de-defensa-de-ee-uu-para-intercambiar-perspectivas-en-materia-de-comercio\/\">Ministro Ito Bison\u00f3 recibe delegaci\u00f3n de Defensa de EE. UU. para intercambiar perspectivas en materia de comercio<\/a> appeared first on <a href=\"https:\/\/micm.gob.do\/\">MICM<\/a>.<\/p>\n<\/div>\n","protected":false},"excerpt":{"rendered":"<p>SANTO DOMINGO, RD \u2013 El ministro de Industria, Comercio y Mipymes (MICM), V\u00edctor -Ito- Bison\u00f3, recibi\u00f3 a una delegaci\u00f3n de alto nivel del gobierno de los Estados Unidos, encabezada por&hellip; <\/p>\n","protected":false},"author":2,"featured_media":72476,"comment_status":"closed","ping_status":"closed","sticky":false,"template":"","format":"standard","meta":{"fifu_image_url":"","fifu_image_alt":"","footnotes":""},"categories":[147],"tags":[],"class_list":["post-72475","post","type-post","status-publish","format-standard","has-post-thumbnail","hentry","category-comercio"],"_links":{"self":[{"href":"https:\/\/elmundodelosnegocios.com.do\/v1\/wp-json\/wp\/v2\/posts\/72475","targetHints":{"allow":["GET"]}}],"collection":[{"href":"https:\/\/elmundodelosnegocios.com.do\/v1\/wp-json\/wp\/v2\/posts"}],"about":[{"href":"https:\/\/elmundodelosnegocios.com.do\/v1\/wp-json\/wp\/v2\/types\/post"}],"author":[{"embeddable":true,"href":"https:\/\/elmundodelosnegocios.com.do\/v1\/wp-json\/wp\/v2\/users\/2"}],"replies":[{"embeddable":true,"href":"https:\/\/elmundodelosnegocios.com.do\/v1\/wp-json\/wp\/v2\/comments?post=72475"}],"version-history":[{"count":0,"href":"https:\/\/elmundodelosnegocios.com.do\/v1\/wp-json\/wp\/v2\/posts\/72475\/revisions"}],"wp:featuredmedia":[{"embeddable":true,"href":"https:\/\/elmundodelosnegocios.com.do\/v1\/wp-json\/wp\/v2\/media\/72476"}],"wp:attachment":[{"href":"https:\/\/elmundodelosnegocios.com.do\/v1\/wp-json\/wp\/v2\/media?parent=72475"}],"wp:term":[{"taxonomy":"category","embeddable":true,"href":"https:\/\/elmundodelosnegocios.com.do\/v1\/wp-json\/wp\/v2\/categories?post=72475"},{"taxonomy":"post_tag","embeddable":true,"href":"https:\/\/elmundodelosnegocios.com.do\/v1\/wp-json\/wp\/v2\/tags?post=72475"}],"curies":[{"name":"wp","href":"https:\/\/api.w.org\/{rel}","templated":true}]}}