{"id":72561,"date":"2025-08-28T10:42:28","date_gmt":"2025-08-28T15:12:28","guid":{"rendered":"https:\/\/www.elmundodelosnegocios.com.do\/v1\/?p=72561"},"modified":"2025-08-28T10:49:21","modified_gmt":"2025-08-28T15:19:21","slug":"republica-dominicana-recibira-al-destacado-filosofo-e-investigador-dr-miklos-lukacs-quien-impartira-conferencia-magistral-el-ser-humano-y-la-amenaza-tecnologica-de-la-inteligencia-artific","status":"publish","type":"post","link":"https:\/\/elmundodelosnegocios.com.do\/v1\/republica-dominicana-recibira-al-destacado-filosofo-e-investigador-dr-miklos-lukacs-quien-impartira-conferencia-magistral-el-ser-humano-y-la-amenaza-tecnologica-de-la-inteligencia-artific\/","title":{"rendered":"Rep\u00fablica Dominicana recibir\u00e1 al destacado fil\u00f3sofo e investigador Dr. Miklos Lukacs, quien impartir\u00e1 conferencia magistral: \u201cEl ser humano y la amenaza tecnol\u00f3gica: de la inteligencia artificial al transhumanismo\u201d"},"content":{"rendered":"<p><i><span style=\"font-weight: 400;\">El evento se celebrar\u00e1 el viernes 5 de septiembre a las 6:30 de la tarde, en el Auditorio de la Universidad Nacional Pedro Henr\u00edquez Ure\u00f1a (UNPHU).<\/span><\/i><\/p>\n<p><a href=\"http:\/\/elmundodelosnegocios.com.do\/v1\/wp-content\/uploads\/2025\/08\/Dr-Miklos-Lukacs-xs.jpg\"><img loading=\"lazy\" decoding=\"async\" class=\"aligncenter size-full wp-image-72562\" src=\"http:\/\/elmundodelosnegocios.com.do\/v1\/wp-content\/uploads\/2025\/08\/Dr-Miklos-Lukacs-xs.jpg\" alt=\"\" width=\"1067\" height=\"600\" srcset=\"https:\/\/elmundodelosnegocios.com.do\/v1\/wp-content\/uploads\/2025\/08\/Dr-Miklos-Lukacs-xs.jpg 1067w, https:\/\/elmundodelosnegocios.com.do\/v1\/wp-content\/uploads\/2025\/08\/Dr-Miklos-Lukacs-xs-300x169.jpg 300w, https:\/\/elmundodelosnegocios.com.do\/v1\/wp-content\/uploads\/2025\/08\/Dr-Miklos-Lukacs-xs-1024x576.jpg 1024w, https:\/\/elmundodelosnegocios.com.do\/v1\/wp-content\/uploads\/2025\/08\/Dr-Miklos-Lukacs-xs-768x432.jpg 768w\" sizes=\"auto, (max-width: 1067px) 100vw, 1067px\" \/><\/a><\/p>\n<p><span style=\"font-weight: 400;\">En un contexto global marcado por la aceleraci\u00f3n tecnol\u00f3gica, la Rep\u00fablica Dominicana ser\u00e1 sede de una conferencia que invita a la reflexi\u00f3n profunda sobre los desaf\u00edos \u00e9ticos que plantea la innovaci\u00f3n. El reconocido fil\u00f3sofo, acad\u00e9mico e investigador Miklos Lukacs, visitar\u00e1 el pa\u00eds para impartir la conferencia magistral titulada: \u201cEl Ser Humano y la Amenaza Tecnol\u00f3gica: De la IA al Transhumanismo\u201d.<\/span><\/p>\n<p><span style=\"font-weight: 400;\">El evento tiene como objetivo sensibilizar a los sectores clave del pa\u00eds: empresarial, acad\u00e9mico, pol\u00edtico, tecnol\u00f3gico y social, sobre la importancia de anticipar los impactos de los avances tecnol\u00f3gicos, promoviendo la construcci\u00f3n de un marco \u00e9tico innegociable que priorice la dignidad del ser humano, la familia y la sociedad.<\/span><\/p>\n<p><span style=\"font-weight: 400;\">Durante su exposici\u00f3n, el Dr. Miklos Lukacs abordar\u00e1 los principales retos que ya transforman el mundo actual:<\/span> <span style=\"font-weight: 400;\">inteligencia artificial, agenda digital, ciberseguridad, gobernanza tecnol\u00f3gica, transhumanismo y edici\u00f3n gen\u00e9tica. La conferencia ofrecer\u00e1 herramientas clave para identificar riesgos, analizar sus implicaciones y comprender c\u00f3mo estas tecnolog\u00edas emergentes podr\u00edan impactar la sociedad.<\/span><\/p>\n<p><span style=\"font-weight: 400;\">Con m\u00e1s de dos d\u00e9cadas de experiencia en docencia e investigaci\u00f3n, el Dr. Lukacs se ha consolidado como una de las voces m\u00e1s influyentes en Iberoam\u00e9rica en temas relacionados con la \u00e9tica tecnol\u00f3gica, la rob\u00f3tica, inteligencia artificial, edici\u00f3n gen\u00e9tica CRISPR y transhumanismo. Es Doctor en Management por la <\/span><span style=\"font-weight: 400;\">Universidad de Manchester, <\/span><span style=\"font-weight: 400;\">y posee maestr\u00edas en gesti\u00f3n de la innovaci\u00f3n, estudios de desarrollo y ciencia pol\u00edtica.<\/span><\/p>\n<p><span style=\"font-weight: 400;\">El evento se celebrar\u00e1 el viernes 5 de septiembre a las 6:30 de la tarde, en el Auditorio de la Universidad Nacional Pedro Henr\u00edquez Ure\u00f1a (UNPHU).\u00a0 Las boletas est\u00e1n disponibles al p\u00fablico general a un costo de RD$500 a trav\u00e9s de EVENTFULL.DO.<\/span><\/p>\n<p><span style=\"font-weight: 400;\">La visita del Dr. Miklos Lukacs representa una oportunidad \u00fanica para el pa\u00eds de reflexionar de forma cr\u00edtica sobre el rumbo de la tecnolog\u00eda y su relaci\u00f3n con el ser humano, promoviendo un desarrollo que est\u00e9 al servicio del bien com\u00fan y no en su detrimento. Su participaci\u00f3n es posible gracias a la invitaci\u00f3n de la organizaci\u00f3n Grupo Acci\u00f3n Cristiana.<\/span><\/p>\n","protected":false},"excerpt":{"rendered":"<p>El evento se celebrar\u00e1 el viernes 5 de septiembre a las 6:30 de la tarde, en el Auditorio de la Universidad Nacional Pedro Henr\u00edquez Ure\u00f1a (UNPHU). En un contexto global&hellip; <\/p>\n","protected":false},"author":2,"featured_media":72562,"comment_status":"closed","ping_status":"closed","sticky":false,"template":"","format":"standard","meta":{"fifu_image_url":"","fifu_image_alt":"","footnotes":""},"categories":[151],"tags":[],"class_list":["post-72561","post","type-post","status-publish","format-standard","has-post-thumbnail","hentry","category-gerencia"],"_links":{"self":[{"href":"https:\/\/elmundodelosnegocios.com.do\/v1\/wp-json\/wp\/v2\/posts\/72561","targetHints":{"allow":["GET"]}}],"collection":[{"href":"https:\/\/elmundodelosnegocios.com.do\/v1\/wp-json\/wp\/v2\/posts"}],"about":[{"href":"https:\/\/elmundodelosnegocios.com.do\/v1\/wp-json\/wp\/v2\/types\/post"}],"author":[{"embeddable":true,"href":"https:\/\/elmundodelosnegocios.com.do\/v1\/wp-json\/wp\/v2\/users\/2"}],"replies":[{"embeddable":true,"href":"https:\/\/elmundodelosnegocios.com.do\/v1\/wp-json\/wp\/v2\/comments?post=72561"}],"version-history":[{"count":1,"href":"https:\/\/elmundodelosnegocios.com.do\/v1\/wp-json\/wp\/v2\/posts\/72561\/revisions"}],"predecessor-version":[{"id":72563,"href":"https:\/\/elmundodelosnegocios.com.do\/v1\/wp-json\/wp\/v2\/posts\/72561\/revisions\/72563"}],"wp:featuredmedia":[{"embeddable":true,"href":"https:\/\/elmundodelosnegocios.com.do\/v1\/wp-json\/wp\/v2\/media\/72562"}],"wp:attachment":[{"href":"https:\/\/elmundodelosnegocios.com.do\/v1\/wp-json\/wp\/v2\/media?parent=72561"}],"wp:term":[{"taxonomy":"category","embeddable":true,"href":"https:\/\/elmundodelosnegocios.com.do\/v1\/wp-json\/wp\/v2\/categories?post=72561"},{"taxonomy":"post_tag","embeddable":true,"href":"https:\/\/elmundodelosnegocios.com.do\/v1\/wp-json\/wp\/v2\/tags?post=72561"}],"curies":[{"name":"wp","href":"https:\/\/api.w.org\/{rel}","templated":true}]}}