{"id":72638,"date":"2025-09-01T11:00:05","date_gmt":"2025-09-01T15:30:05","guid":{"rendered":"https:\/\/www.elmundodelosnegocios.com.do\/v1\/?p=72638"},"modified":"2025-09-01T11:00:05","modified_gmt":"2025-09-01T15:30:05","slug":"asociacion-hoteles-de-santo-domingo-realizara-quinta-edicion-sdq-mice","status":"publish","type":"post","link":"https:\/\/elmundodelosnegocios.com.do\/v1\/asociacion-hoteles-de-santo-domingo-realizara-quinta-edicion-sdq-mice\/","title":{"rendered":"Asociaci\u00f3n Hoteles de Santo Domingo realizar\u00e1 quinta edici\u00f3n \u201cSDQ Mice\u201d"},"content":{"rendered":"<div><b>Santo Domingo, R.D.\u00a0<\/b>Lunes 1 de septiembre 2025.-\u00a0La Asociaci\u00f3n de Hoteles de Santo Domingo (Ahsd) celebrar\u00e1 del 10 al 12 de septiembre su quinta edici\u00f3n de la feria \u201cSDQ MICE 2025\u201d, el principal encuentro especializado en turismo de reuniones, incentivos, congresos y exposiciones del pa\u00eds, en el Hotel Crowne Plaza Santo Domingo, con actividades complementarias en diferentes escenarios de la ciudad.<\/div>\n<div>\n<figure id=\"attachment_72639\" aria-describedby=\"caption-attachment-72639\" style=\"width: 1200px\" class=\"wp-caption aligncenter\"><a href=\"http:\/\/elmundodelosnegocios.com.do\/v1\/wp-content\/uploads\/2025\/09\/Foto-1-Fabeth-Mariinez-y-Yudit-Garcia.jpg\"><img loading=\"lazy\" decoding=\"async\" class=\"size-full wp-image-72639\" src=\"http:\/\/elmundodelosnegocios.com.do\/v1\/wp-content\/uploads\/2025\/09\/Foto-1-Fabeth-Mariinez-y-Yudit-Garcia.jpg\" alt=\"Fabeth Mar\u00edinez y Yudit Garc\u00eda.\" width=\"1200\" height=\"675\" srcset=\"https:\/\/elmundodelosnegocios.com.do\/v1\/wp-content\/uploads\/2025\/09\/Foto-1-Fabeth-Mariinez-y-Yudit-Garcia.jpg 1200w, https:\/\/elmundodelosnegocios.com.do\/v1\/wp-content\/uploads\/2025\/09\/Foto-1-Fabeth-Mariinez-y-Yudit-Garcia-300x169.jpg 300w, https:\/\/elmundodelosnegocios.com.do\/v1\/wp-content\/uploads\/2025\/09\/Foto-1-Fabeth-Mariinez-y-Yudit-Garcia-1024x576.jpg 1024w, https:\/\/elmundodelosnegocios.com.do\/v1\/wp-content\/uploads\/2025\/09\/Foto-1-Fabeth-Mariinez-y-Yudit-Garcia-768x432.jpg 768w\" sizes=\"auto, (max-width: 1200px) 100vw, 1200px\" \/><\/a><figcaption id=\"caption-attachment-72639\" class=\"wp-caption-text\">Fabeth Mar\u00edinez y Yudit Garc\u00eda.<\/figcaption><\/figure>\n<\/div>\n<div><\/div>\n<div>Este a\u00f1o, el evento contar\u00e1 con un acuerdo de colaboraci\u00f3n con la Professional Convention Management Association (Pcma), la mayor red internacional de especialistas de la industria de reuniones, seg\u00fan una alianza de la Asociaci\u00f3n de Hoteles y el Cl\u00faster Tur\u00edstico de Santo Domingo para impulsar a la Capital en una posici\u00f3n de visibilidad mundial, facilitando el acceso a formaci\u00f3n, innovaci\u00f3n y contactos globales, inform\u00f3 Yudit Garc\u00eda, presidenta de la Ahsd.<\/div>\n<div><\/div>\n<div>Destac\u00f3 que el Ministerio de Turismo (Mitur) es parte integral de esta iniciativa, como patrocinador principal y aliado estrat\u00e9gico, reafirmando su compromiso con el fortalecimiento del turismo de reuniones como v\u00eda de diversificaci\u00f3n y sostenibilidad del destino.<\/div>\n<div><a href=\"http:\/\/elmundodelosnegocios.com.do\/v1\/wp-content\/uploads\/2025\/09\/Foto-2-Fabeth-Mariinez-y-Yudit-Garcia.jpg\"><img loading=\"lazy\" decoding=\"async\" class=\"aligncenter size-full wp-image-72640\" src=\"http:\/\/elmundodelosnegocios.com.do\/v1\/wp-content\/uploads\/2025\/09\/Foto-2-Fabeth-Mariinez-y-Yudit-Garcia.jpg\" alt=\"\" width=\"1600\" height=\"900\" srcset=\"https:\/\/elmundodelosnegocios.com.do\/v1\/wp-content\/uploads\/2025\/09\/Foto-2-Fabeth-Mariinez-y-Yudit-Garcia.jpg 1600w, https:\/\/elmundodelosnegocios.com.do\/v1\/wp-content\/uploads\/2025\/09\/Foto-2-Fabeth-Mariinez-y-Yudit-Garcia-300x169.jpg 300w, https:\/\/elmundodelosnegocios.com.do\/v1\/wp-content\/uploads\/2025\/09\/Foto-2-Fabeth-Mariinez-y-Yudit-Garcia-1024x576.jpg 1024w, https:\/\/elmundodelosnegocios.com.do\/v1\/wp-content\/uploads\/2025\/09\/Foto-2-Fabeth-Mariinez-y-Yudit-Garcia-768x432.jpg 768w, https:\/\/elmundodelosnegocios.com.do\/v1\/wp-content\/uploads\/2025\/09\/Foto-2-Fabeth-Mariinez-y-Yudit-Garcia-1536x864.jpg 1536w\" sizes=\"auto, (max-width: 1600px) 100vw, 1600px\" \/><\/a><\/div>\n<div><\/div>\n<div>La presidenta de AHSD manifest\u00f3 que la coordinaci\u00f3n t\u00e9cnica y el dise\u00f1o del programa cuenta con la experiencia de Elizabeth Tovar, presidenta de la empresa Turenlaces y reconocida l\u00edder regional en la organizaci\u00f3n de congresos y eventos.<\/div>\n<div><\/div>\n<div>De su lado, Fabeth Mart\u00ednez, directora ejecutiva de la AHSD y CTSD, precis\u00f3 que \u201cel programa acad\u00e9mico de esta edici\u00f3n ha sido cuidadosamente dise\u00f1ado para fomentar la oferta de la ciudad y potenciar la profesionalizaci\u00f3n de todos los actores que intervienen en la industria de reuniones\u201d.<\/div>\n<div><\/div>\n<div>Resalt\u00f3 que \u201cSdq Mice\u201d se ha consolidado como un espacio de encuentro y aprendizaje que involucra a toda la cadena de valor del sector, integrando hoteleros, organizadores profesionales de congresos, operadores receptivos, proveedores de servicios, estudiantes y autoridades.<\/div>\n<div><\/div>\n<div>Por \u00faltimo, la directora ejecutiva de la Ahsd enfatiz\u00f3 que un ecosistema de colaboraci\u00f3n que es la base para seguir posicionando a Santo Domingo como capital de negocios y eventos del Caribe.<\/div>\n<div><\/div>\n<div><b>Un programa acad\u00e9mico muy especializado:<\/b><\/div>\n<div>La agenda del \u201cSdq Mice 2025\u201d combina formaci\u00f3n, innovaci\u00f3n y negocios con expertos internacionales, entre ellas el incluyen el curso \u201cIndustria de Reuniones 360\u201d, impartido por Eduardo Yarto, avalado por Pcma y con certificaci\u00f3n Cmp; y la conferencia \u201cConexiones Estrat\u00e9gicas\u201d, a cargo de Derrick Johnson, director de programaci\u00f3n de Eventos de Shrm.<\/div>\n<div><\/div>\n<div>Adem\u00e1s, el panel \u201cMarketing de Destino: El modelo de Santo Domingo para un \u00e9xito sostenible en eventos\u201d, con la consultora Brenda Balmares; y la sesi\u00f3n \u201c\u00bfC\u00f3mo convertir Datos en Emoci\u00f3n?: El poder del Customer Experience en el dise\u00f1o de eventos\u201d, por Daniela Caballero, consultora de eventos de negocio en la industria farmac\u00e9utica.<\/div>\n<div><\/div>\n<div>Tambi\u00e9n, se realizar\u00e1 la conferencia \u201cInteligencia artificial y las herramientas del futuro\u201d, con Jes\u00fas Mart\u00ednez, Ceo de la empresa \u00ebventum meetings; y Keynote \u201cGestionar o Enamorar: Liderazgo emp\u00e1tico para crear nuevas formas de trabajo\u201d, a cargo de Juan Fernando D\u00e1vila, Ceo de The Line Group.<\/div>\n<div><\/div>\n<div>En paralelo, se realizar\u00e1 el Business Workshop Sdq Mice, que reunir\u00e1 a los suplidores locales como hoteleros, Operadores Profesionales de Congresos (Opc), Companias de turismo receptivo (Dmc) y l\u00edneas a\u00e9reas, con los compradores internacionales (Hosted buyers), en ruedas de negocios B2B, con agendas de reuniones preestablecidas. Se han dise\u00f1ado espacios ideales para fomentar el networking y las relaciones profesionales entre participantes.<\/div>\n<div><\/div>\n<div>El programa incluye Future Leaders Mice y cadena de valor. En esta edici\u00f3n, continuar\u00e1 fomentando la integraci\u00f3n a trav\u00e9s de la educaci\u00f3n y la experiencia, para lo cual tenemos un programa para Future Leaders, estudiantes universitarios, j\u00f3venes talentos que se est\u00e1n formando para integrarse a la industria de reuniones, creando un espacio de aprendizaje e interacci\u00f3n con expertos internacionales.<\/div>\n<div><\/div>\n<div>Sdq Mice, es una plataforma dise\u00f1ada para conectar, generar sinergias y oportunidades de negocio, pero a la vez para potenciar el destino, a trav\u00e9s de los atractivos culturales, hist\u00f3ricos, gastron\u00f3micos y de servicios. Fomenta la autenticidad y valores que nos diferencian, es por ello, que incluye un programa de accesibilidad, as\u00ed como un espacio cultural con m\u00fasica, gastronom\u00eda, baile, artesan\u00eda, a trav\u00e9s del Turizoneando, coordinado por el Cl\u00faster Tur\u00edstico de Santo Domingo y el Mitur.<\/div>\n<div><\/div>\n<div><b>Experiencias en destino:<\/b><\/div>\n<div>El evento cuenta con un programa de familiarizaci\u00f3n con el destino, a trav\u00e9s de varias actividades destinadas a combinar espacios con experiencias en diferentes \u00e1reas de la ciudad, entre ellos un recorrido por la Zona Colonial que estar\u00e1 coordinado por el Programa Integral de Desarrollo Tur\u00edstico y Urbano de Ciudad Colonial (Pidtucc).<\/div>\n<div><\/div>\n<div>Entre las actividades de familiarizaci\u00f3n y corte social, tendr\u00e1n lugar en los hoteles Crowne Plaza Santo Domingo, Kimpton Las Mercedes, Embassy Suites by Hilton y Real Intercontinental. Concluye con un post-tour al hotel Dreams Cap Cana, para los compradores internacionales, como parte de la estrategia de promoci\u00f3n integral del destino.<\/div>\n<div><\/div>\n<div>Nuestros patrocinadores: el Ministerio de Turismo, Turenlaces del Caribe, Hotel Crowne Plaza Santo Domingo, Colonial Tours, Banreservas, Banco BHD, Banco Popular Dominicano, Embassy Suites by Hilton Santo Domingo, Kimpton Las Mercedes y Real Intercontinental.<\/div>\n<div><\/div>\n<div>Adem\u00e1s, Aerodom Vinci, Sheraton Santo Domingo, Dominica Fiesta, InContacto, Arajet, Sky High, Aerom\u00e9xico, Copa Airlines, Brugal, El Catador, JJ Spirit, La Aurora, KK Experience, Cl\u00faster Tur\u00edstico De Santo Domingo, Turizoneando y el Programa Integral de Desarrollo Tur\u00edstico y Urbano de Ciudad Colonia.<\/div>\n<div><\/div>\n<div>Mayores informaciones se pueden obtener visitando el visite:\u00a0<a id=\"m_2803661820041502670OWA26253138-37dd-8be1-b9b4-30b15a591b03\" href=\"https:\/\/cometosantodomingo.com\/sdq-mice\/#\" target=\"_blank\" rel=\"noopener\" data-saferedirecturl=\"https:\/\/www.google.com\/url?q=https:\/\/cometosantodomingo.com\/sdq-mice\/%23&amp;source=gmail&amp;ust=1756826692413000&amp;usg=AOvVaw1RgQItyqQGx2GGqjGENu3I\">https:\/\/cometosantodomingo.<wbr \/>com\/sdq-mice\/#<\/a><\/div>\n","protected":false},"excerpt":{"rendered":"<p>Santo Domingo, R.D.\u00a0Lunes 1 de septiembre 2025.-\u00a0La Asociaci\u00f3n de Hoteles de Santo Domingo (Ahsd) celebrar\u00e1 del 10 al 12 de septiembre su quinta edici\u00f3n de la feria \u201cSDQ MICE 2025\u201d,&hellip; <\/p>\n","protected":false},"author":2,"featured_media":72639,"comment_status":"closed","ping_status":"closed","sticky":false,"template":"","format":"standard","meta":{"fifu_image_url":"","fifu_image_alt":"","footnotes":""},"categories":[172],"tags":[],"class_list":["post-72638","post","type-post","status-publish","format-standard","has-post-thumbnail","hentry","category-turismo"],"_links":{"self":[{"href":"https:\/\/elmundodelosnegocios.com.do\/v1\/wp-json\/wp\/v2\/posts\/72638","targetHints":{"allow":["GET"]}}],"collection":[{"href":"https:\/\/elmundodelosnegocios.com.do\/v1\/wp-json\/wp\/v2\/posts"}],"about":[{"href":"https:\/\/elmundodelosnegocios.com.do\/v1\/wp-json\/wp\/v2\/types\/post"}],"author":[{"embeddable":true,"href":"https:\/\/elmundodelosnegocios.com.do\/v1\/wp-json\/wp\/v2\/users\/2"}],"replies":[{"embeddable":true,"href":"https:\/\/elmundodelosnegocios.com.do\/v1\/wp-json\/wp\/v2\/comments?post=72638"}],"version-history":[{"count":1,"href":"https:\/\/elmundodelosnegocios.com.do\/v1\/wp-json\/wp\/v2\/posts\/72638\/revisions"}],"predecessor-version":[{"id":72641,"href":"https:\/\/elmundodelosnegocios.com.do\/v1\/wp-json\/wp\/v2\/posts\/72638\/revisions\/72641"}],"wp:featuredmedia":[{"embeddable":true,"href":"https:\/\/elmundodelosnegocios.com.do\/v1\/wp-json\/wp\/v2\/media\/72639"}],"wp:attachment":[{"href":"https:\/\/elmundodelosnegocios.com.do\/v1\/wp-json\/wp\/v2\/media?parent=72638"}],"wp:term":[{"taxonomy":"category","embeddable":true,"href":"https:\/\/elmundodelosnegocios.com.do\/v1\/wp-json\/wp\/v2\/categories?post=72638"},{"taxonomy":"post_tag","embeddable":true,"href":"https:\/\/elmundodelosnegocios.com.do\/v1\/wp-json\/wp\/v2\/tags?post=72638"}],"curies":[{"name":"wp","href":"https:\/\/api.w.org\/{rel}","templated":true}]}}