{"id":72815,"date":"2025-09-11T11:22:21","date_gmt":"2025-09-11T15:52:21","guid":{"rendered":"https:\/\/www.elmundodelosnegocios.com.do\/v1\/?p=72815"},"modified":"2025-09-11T11:22:21","modified_gmt":"2025-09-11T15:52:21","slug":"la-nacional-designa-nuevo-miembro-externo-independiente-de-su-junta-de-directores","status":"publish","type":"post","link":"https:\/\/elmundodelosnegocios.com.do\/v1\/la-nacional-designa-nuevo-miembro-externo-independiente-de-su-junta-de-directores\/","title":{"rendered":"La Nacional designa nuevo miembro externo independiente de su Junta de Directores"},"content":{"rendered":"<p><em>La elecci\u00f3n como consejero de Edwin Rodr\u00edguez Gonz\u00e1lez, ejecutivo con amplia\u00a0<\/em><em>experiencia en el \u00e1rea de tecnolog\u00eda, responde al plan continuo de fortalecimiento\u00a0<\/em><em>del gobierno corporativo de la Asociaci\u00f3n.<\/em><\/p>\n<p><strong>Santo Domingo, Rep\u00fablica Dominicana.\u00a0<\/strong>La Asociaci\u00f3n La Nacional de Ahorros y\u00a0Pr\u00e9stamos design\u00f3 a Edwin Rodr\u00edguez Gonz\u00e1lez como nuevo miembro externo\u00a0independiente de su Junta de Directores para el per\u00edodo 2025-2028, durante Asamblea\u00a0General Ordinaria de Asociados, reunida de manera extraordinaria en fecha 28 de\u00a0agosto de 2025.<\/p>\n<p>La elecci\u00f3n de Rodr\u00edguez Gonz\u00e1lez, quien cuenta con vasta experiencia como ejecutivo\u00a0en Tecnolog\u00eda de la Informaci\u00f3n y Transformaci\u00f3n Digital, unida a una s\u00f3lida trayectoria\u00a0liderando equipos multidisciplinarios, responde a la visi\u00f3n de crecimiento sostenible de\u00a0La Nacional, su plan estrat\u00e9gico de sucesi\u00f3n y de fortalecimiento continuo de su\u00a0gobierno corporativo.<\/p>\n<figure class=\"wp-block-image size-large\"><a href=\"https:\/\/diariosocialrd.com\/wp-content\/uploads\/2025\/09\/Asamblea-General-Ordinaria-de-Asociados-reunida-de-manera-extraordinaria-scaled.jpg\" data-rel=\"penci-gallery-image-content\"><img loading=\"lazy\" decoding=\"async\" class=\"wp-image-237148 aligncenter\" src=\"https:\/\/diariosocialrd.com\/wp-content\/uploads\/2025\/09\/Asamblea-General-Ordinaria-de-Asociados-reunida-de-manera-extraordinaria-1024x683.jpg\" sizes=\"auto, (max-width: 1024px) 100vw, 1024px\" srcset=\"https:\/\/diariosocialrd.com\/wp-content\/uploads\/2025\/09\/Asamblea-General-Ordinaria-de-Asociados-reunida-de-manera-extraordinaria-1024x683.jpg 1024w, https:\/\/diariosocialrd.com\/wp-content\/uploads\/2025\/09\/Asamblea-General-Ordinaria-de-Asociados-reunida-de-manera-extraordinaria-300x200.jpg 300w, https:\/\/diariosocialrd.com\/wp-content\/uploads\/2025\/09\/Asamblea-General-Ordinaria-de-Asociados-reunida-de-manera-extraordinaria-768x512.jpg 768w, https:\/\/diariosocialrd.com\/wp-content\/uploads\/2025\/09\/Asamblea-General-Ordinaria-de-Asociados-reunida-de-manera-extraordinaria-1536x1024.jpg 1536w, https:\/\/diariosocialrd.com\/wp-content\/uploads\/2025\/09\/Asamblea-General-Ordinaria-de-Asociados-reunida-de-manera-extraordinaria-2048x1365.jpg 2048w, https:\/\/diariosocialrd.com\/wp-content\/uploads\/2025\/09\/Asamblea-General-Ordinaria-de-Asociados-reunida-de-manera-extraordinaria-1920x1280.jpg 1920w, https:\/\/diariosocialrd.com\/wp-content\/uploads\/2025\/09\/Asamblea-General-Ordinaria-de-Asociados-reunida-de-manera-extraordinaria-1170x780.jpg 1170w, https:\/\/diariosocialrd.com\/wp-content\/uploads\/2025\/09\/Asamblea-General-Ordinaria-de-Asociados-reunida-de-manera-extraordinaria-585x390.jpg 585w, https:\/\/diariosocialrd.com\/wp-content\/uploads\/2025\/09\/Asamblea-General-Ordinaria-de-Asociados-reunida-de-manera-extraordinaria-263x175.jpg 263w\" alt=\"\" width=\"1024\" height=\"683\" \/><\/a><\/figure>\n<p>Rodr\u00edguez Gonz\u00e1lez es egresado de la carrera de Ingenier\u00eda de Sistemas y Computaci\u00f3n;\u00a0y de la Maestr\u00eda en Administraci\u00f3n de Empresa de la Pontificia Universidad Cat\u00f3lica\u00a0Madre y Maestra (PUCMM). Ha complementado su formaci\u00f3n con certificaciones de\u00a0prestigiosas instituciones como Wharton, Universidad de Pensylvania; Duke University\u00a0y el Centro para el Desarrollo de Computaci\u00f3n Avanzada de Nueva Deli, India.<\/p>\n<p>Durante su ejercicio profesional se desempe\u00f1\u00f3 como director de Sistemas de\u00a0Informaci\u00f3n en Tricom, vicepresidente de Tecnolog\u00eda en Altice Dominicana; y director\u00a0de Transformaci\u00f3n Digital Gubernamental en la Oficina Gubernamental de Tecnolog\u00eda\u00a0de la Informaci\u00f3n y Comunicaciones (OGTIC). Actualmente, es Chief Technology Officer\u00a0(CTO) de Advensus Rep\u00fablica Dominicana y Trinidad &amp; Tobago; y profesor en Barna\u00a0Management School.<\/p>\n<p><strong>La Nacional designa nuevo miembro externo independiente \u00a0<\/strong><\/p>\n<p><strong>de su Junta de Directores \u00a0<\/strong><\/p>\n<p><em>La elecci\u00f3n como consejero de Edwin Rodr\u00edguez Gonz\u00e1lez, ejecutivo con amplia\u00a0<\/em><em>experiencia en el \u00e1rea de tecnolog\u00eda, responde al plan continuo de fortalecimiento\u00a0<\/em><em>del gobierno corporativo de la Asociaci\u00f3n.<\/em><\/p>\n<p><strong>Santo Domingo, Rep\u00fablica Dominicana.\u00a0<\/strong>La Asociaci\u00f3n La Nacional de Ahorros y\u00a0Pr\u00e9stamos design\u00f3 a Edwin Rodr\u00edguez Gonz\u00e1lez como nuevo miembro externo\u00a0independiente de su Junta de Directores para el per\u00edodo 2025-2028, durante Asamblea\u00a0General Ordinaria de Asociados, reunida de manera extraordinaria en fecha 28 de\u00a0agosto de 2025.<\/p>\n<p>La elecci\u00f3n de Rodr\u00edguez Gonz\u00e1lez, quien cuenta con vasta experiencia como ejecutivo\u00a0en Tecnolog\u00eda de la Informaci\u00f3n y Transformaci\u00f3n Digital, unida a una s\u00f3lida trayectoria\u00a0liderando equipos multidisciplinarios, responde a la visi\u00f3n de crecimiento sostenible de\u00a0La Nacional, su plan estrat\u00e9gico de sucesi\u00f3n y de fortalecimiento continuo de su\u00a0gobierno corporativo.<\/p>\n<p>Rodr\u00edguez Gonz\u00e1lez es egresado de la carrera de Ingenier\u00eda de Sistemas y Computaci\u00f3n;\u00a0y de la Maestr\u00eda en Administraci\u00f3n de Empresa de la Pontificia Universidad Cat\u00f3lica\u00a0Madre y Maestra (PUCMM). Ha complementado su formaci\u00f3n con certificaciones de\u00a0prestigiosas instituciones como Wharton, Universidad de Pensylvania; Duke University\u00a0y el Centro para el Desarrollo de Computaci\u00f3n Avanzada de Nueva Deli, India.<\/p>\n<p>Durante su ejercicio profesional se desempe\u00f1\u00f3 como director de Sistemas de\u00a0Informaci\u00f3n en Tricom, vicepresidente de Tecnolog\u00eda en Altice Dominicana; y director\u00a0de Transformaci\u00f3n Digital Gubernamental en la Oficina Gubernamental de Tecnolog\u00eda\u00a0de la Informaci\u00f3n y Comunicaciones (OGTIC). Actualmente, es Chief Technology Officer\u00a0(CTO) de Advensus Rep\u00fablica Dominicana y Trinidad &amp; Tobago; y profesor en Barna\u00a0Management School.<\/p>\n<hr class=\"wp-block-separator has-alpha-channel-opacity\" \/>\n<p>Posterior a la celebraci\u00f3n de la Asamblea General de Asociados, la Junta de Directores\u00a0de La Nacional sostuvo una reuni\u00f3n en la que conoci\u00f3 la salida de Juan Salvador P\u00e9rez\u00a0D\u00edaz, a quien le fue entregada una placa en reconocimiento a su integridad,\u00a0compromiso, vocaci\u00f3n de servicio y los valiosos aportes realizados durante sus 38 a\u00f1os\u00a0como miembro externo independiente de ese \u00f3rgano de gobierno. En la reuni\u00f3n fue\u00a0tambi\u00e9n designado Carlos Reyes Mart\u00ednez como secretario.<\/p>\n<p>Con estos cambios, la Junta de Directores de La Nacional queda integrada por los\u00a0se\u00f1ores Francisco Melo Chalas, Julio Curiel de Moya, Carlos Reyes Mart\u00ednez, Gustavo\u00a0Zuluaga Alam, Lilliana Rodr\u00edguez \u00c1lvarez, Melba Velilla Hern\u00e1ndez y Edwin Rodr\u00edguez\u00a0Gonz\u00e1lez. En total, la Junta est\u00e1 conformada por siete miembros, de los cuales cuatro\u00a0son externos independientes; dos de ellos, mujeres.<\/p>\n<p>Con la adopci\u00f3n de las mejores pr\u00e1cticas internacionales de gobierno corporativo, como\u00a0son la integraci\u00f3n de miembros externos independientes, la promoci\u00f3n de la inclusi\u00f3n\u00a0y la equidad de g\u00e9nero, La Nacional robustece la toma de decisiones estrat\u00e9gicas y\u00a0asegura una gesti\u00f3n alineada con los principios de \u00e9tica y transparencia.<\/p>\n","protected":false},"excerpt":{"rendered":"<p>La elecci\u00f3n como consejero de Edwin Rodr\u00edguez Gonz\u00e1lez, ejecutivo con amplia\u00a0experiencia en el \u00e1rea de tecnolog\u00eda, responde al plan continuo de fortalecimiento\u00a0del gobierno corporativo de la Asociaci\u00f3n. Santo Domingo, Rep\u00fablica&hellip; <\/p>\n","protected":false},"author":2,"featured_media":72816,"comment_status":"closed","ping_status":"closed","sticky":false,"template":"","format":"standard","meta":{"fifu_image_url":"https:\/\/asociacionlanacional.com.do\/wp-content\/uploads\/2025\/09\/1.jpg","fifu_image_alt":"","footnotes":""},"categories":[1],"tags":[],"class_list":["post-72815","post","type-post","status-publish","format-standard","has-post-thumbnail","hentry","category-uncategorized"],"_links":{"self":[{"href":"https:\/\/elmundodelosnegocios.com.do\/v1\/wp-json\/wp\/v2\/posts\/72815","targetHints":{"allow":["GET"]}}],"collection":[{"href":"https:\/\/elmundodelosnegocios.com.do\/v1\/wp-json\/wp\/v2\/posts"}],"about":[{"href":"https:\/\/elmundodelosnegocios.com.do\/v1\/wp-json\/wp\/v2\/types\/post"}],"author":[{"embeddable":true,"href":"https:\/\/elmundodelosnegocios.com.do\/v1\/wp-json\/wp\/v2\/users\/2"}],"replies":[{"embeddable":true,"href":"https:\/\/elmundodelosnegocios.com.do\/v1\/wp-json\/wp\/v2\/comments?post=72815"}],"version-history":[{"count":1,"href":"https:\/\/elmundodelosnegocios.com.do\/v1\/wp-json\/wp\/v2\/posts\/72815\/revisions"}],"predecessor-version":[{"id":72817,"href":"https:\/\/elmundodelosnegocios.com.do\/v1\/wp-json\/wp\/v2\/posts\/72815\/revisions\/72817"}],"wp:featuredmedia":[{"embeddable":true,"href":"https:\/\/elmundodelosnegocios.com.do\/v1\/wp-json\/wp\/v2\/media\/72816"}],"wp:attachment":[{"href":"https:\/\/elmundodelosnegocios.com.do\/v1\/wp-json\/wp\/v2\/media?parent=72815"}],"wp:term":[{"taxonomy":"category","embeddable":true,"href":"https:\/\/elmundodelosnegocios.com.do\/v1\/wp-json\/wp\/v2\/categories?post=72815"},{"taxonomy":"post_tag","embeddable":true,"href":"https:\/\/elmundodelosnegocios.com.do\/v1\/wp-json\/wp\/v2\/tags?post=72815"}],"curies":[{"name":"wp","href":"https:\/\/api.w.org\/{rel}","templated":true}]}}