{"id":7293,"date":"2021-06-24T06:24:40","date_gmt":"2021-06-24T10:54:40","guid":{"rendered":"http:\/\/elmundodelosnegocios.com.do\/v1\/?p=7293"},"modified":"2021-06-24T06:24:40","modified_gmt":"2021-06-24T10:54:40","slug":"distingue-banco-popular-excelencia-sus-gerentes-destacados","status":"publish","type":"post","link":"https:\/\/elmundodelosnegocios.com.do\/v1\/distingue-banco-popular-excelencia-sus-gerentes-destacados\/","title":{"rendered":"Distingue Banco Popular excelencia sus gerentes destacados"},"content":{"rendered":"<p>Santo Domingo.- El Banco Popular Dominicano realiz\u00f3 su tradicional Reuni\u00f3n Anual de Gerentes, esta vez en formato virtual por las condiciones sanitarias, pero que concit\u00f3 la asistencia de sus m\u00e1s de 1,000 gerentes en todo el territorio nacional, a quienes se les reconoci\u00f3 la excelencia en las labores realizadas y el apego a los valores institucionales del Banco Popular y del resto de filiales de la casa matriz, Grupo Popular.<\/p>\n<p>Los principales ejecutivos de la organizaci\u00f3n financiera, encabezados por el presidente del Consejo de Administraci\u00f3n de Grupo Popular, se\u00f1or Manuel A. Grull\u00f3n, expresaron su agradecimiento a los colaboradores por el esfuerzo demostrado para garantizar que las operaciones se hayan mantenido en todo momento en beneficio de los clientes, superando con \u00e9xito los per\u00edodos m\u00e1s cr\u00edticos provocados por la COVID-19.<\/p>\n<p>Adem\u00e1s, los se\u00f1ores Christopher Paniagua, presidente ejecutivo del Banco Popular; Ren\u00e9 Grull\u00f3n Finet, vicepresidente ejecutivo senior de Negocios Nacionales e Internacionales; Juan Lehoux, vicepresidente ejecutivo senior de Tecnolog\u00eda y Operaciones, y Antonia Ant\u00f3n de Hern\u00e1ndez, vicepresidente ejecutiva senior de Gesti\u00f3n Humana, Transformaci\u00f3n Cultural, Administraci\u00f3n de Cr\u00e9ditos y Cumplimiento, resumieron los logros institucionales de 2020 y delinearon los objetivos estrat\u00e9gicos de la organizaci\u00f3n financiera para este a\u00f1o 2021, destacando nuevas soluciones que fortalecer\u00e1n el liderazgo digital del Popular en el mercado de los servicios financieros del pa\u00eds.<br \/>\n<div id='gallery-1' class='gallery galleryid-7293 gallery-columns-2 gallery-size-large'><figure class='gallery-item'>\n\t\t\t<div class='gallery-icon landscape'>\n\t\t\t\t<a href='https:\/\/elmundodelosnegocios.com.do\/v1\/wp-content\/uploads\/2021\/06\/5-29.jpg'><img loading=\"lazy\" decoding=\"async\" width=\"1000\" height=\"667\" src=\"https:\/\/elmundodelosnegocios.com.do\/v1\/wp-content\/uploads\/2021\/06\/5-29.jpg\" class=\"attachment-large size-large\" alt=\"\" srcset=\"https:\/\/elmundodelosnegocios.com.do\/v1\/wp-content\/uploads\/2021\/06\/5-29.jpg 1000w, https:\/\/elmundodelosnegocios.com.do\/v1\/wp-content\/uploads\/2021\/06\/5-29-300x200.jpg 300w, https:\/\/elmundodelosnegocios.com.do\/v1\/wp-content\/uploads\/2021\/06\/5-29-768x512.jpg 768w\" sizes=\"auto, (max-width: 1000px) 100vw, 1000px\" \/><\/a>\n\t\t\t<\/div><\/figure><figure class='gallery-item'>\n\t\t\t<div class='gallery-icon landscape'>\n\t\t\t\t<a href='https:\/\/elmundodelosnegocios.com.do\/v1\/wp-content\/uploads\/2021\/06\/6-11.jpg'><img loading=\"lazy\" decoding=\"async\" width=\"1000\" height=\"667\" src=\"https:\/\/elmundodelosnegocios.com.do\/v1\/wp-content\/uploads\/2021\/06\/6-11.jpg\" class=\"attachment-large size-large\" alt=\"\" srcset=\"https:\/\/elmundodelosnegocios.com.do\/v1\/wp-content\/uploads\/2021\/06\/6-11.jpg 1000w, https:\/\/elmundodelosnegocios.com.do\/v1\/wp-content\/uploads\/2021\/06\/6-11-300x200.jpg 300w, https:\/\/elmundodelosnegocios.com.do\/v1\/wp-content\/uploads\/2021\/06\/6-11-768x512.jpg 768w\" sizes=\"auto, (max-width: 1000px) 100vw, 1000px\" \/><\/a>\n\t\t\t<\/div><\/figure>\n\t\t<\/div>\n<\/p>\n<p>En el acto tambi\u00e9n fue tributado un especial reconocimiento al fundador del Popular y primer presidente, se\u00f1or Alejandro E. Grull\u00f3n E., quien falleci\u00f3 en el mes de diciembre del pasado a\u00f1o 2020, destacando su visi\u00f3n emprendedora y su estatura moral.<\/p>\n<p>Reconocimientos a la gesti\u00f3n gerencial del 2020\u00a0\u00a0<\/p>\n<p>Durante el evento fue reconocido el trabajo y el compromiso de los gerentes m\u00e1s destacados a lo largo del a\u00f1o pasado.<\/p>\n<p>El Premio Valores \u201cManuel A. Grull\u00f3n\u201d fue otorgado a la se\u00f1ora Beulah Reynoso, gerente de la Divisi\u00f3n de Calidad del Servicio y Experiencia de Clientes y Canales; el Premio a la Eficiencia \u201cPedro A. Rodr\u00edguez\u201d lo obtuvo el se\u00f1or Johander Cid, gerente del Departamento Data Center y el Premio a la Excelencia \u201cAlejandro E. Grull\u00f3n E\u201d fue recibido por la se\u00f1ora Suhail Jim\u00e9nez, gerente Senior Zona Metro Este.<br \/>\n<img loading=\"lazy\" decoding=\"async\" src=\"http:\/\/elmundodelosnegocios.com.do\/v1\/wp-content\/uploads\/2021\/06\/7-15.jpg\" alt=\"\" width=\"1000\" height=\"538\" class=\"aligncenter size-full wp-image-7297\" srcset=\"https:\/\/elmundodelosnegocios.com.do\/v1\/wp-content\/uploads\/2021\/06\/7-15.jpg 1000w, https:\/\/elmundodelosnegocios.com.do\/v1\/wp-content\/uploads\/2021\/06\/7-15-300x161.jpg 300w, https:\/\/elmundodelosnegocios.com.do\/v1\/wp-content\/uploads\/2021\/06\/7-15-768x413.jpg 768w\" sizes=\"auto, (max-width: 1000px) 100vw, 1000px\" \/><\/p>\n<p>A estas premiaciones estuvieron nominados los se\u00f1ores Johanna F\u00e9liz, Heddy Holgu\u00edn-Veras, Fran Mart\u00ednez, Teudis Reyes, Hugo Gonz\u00e1lez y Giovanni Morales.\u00a0<\/p>\n<p>En tanto, recibieron distinciones gerenciales por su eficiencia, ejercicio \u00e9tico y la plena identificaci\u00f3n con la tradici\u00f3n empresarial del Popular los se\u00f1ores Oscarina \u00c1lvarez, Dabeiba Agramonte, Hilario Pichardo, Vanessa Pimentel , Elizabeth Jim\u00e9nez, Francisco Tejeda, Samuel Abad, Wilson Santana, \u00c1ngel Pe\u00f1a, Karina Ram\u00edrez, Ruth Gonz\u00e1lez, Luis Will, Henry V\u00e1squez, Giselle Fondeur, Javier Marranzini, Yokastha Esp\u00edn, Solangel Mart\u00ednez, Carolina Hern\u00e1ndez, Mariaelena Chotin, Carolina Grimaldi, Paola Mota, Valent\u00edn Aquino, L\u00ednder Paulino y \u00c1ngel Merejo.<\/p>\n<p>En tanto, fueron seleccionados para formar parte del Programa de Altos Potenciales los se\u00f1ores Rainier Maldonado, Luis \u00c1ngel Rojas, Lohanmy Minaya, Elizabeth Jim\u00e9nez, V\u00edctor S\u00e1nchez, Andy Ferreira, Carlos Santelises, Jos\u00e9 Rubio, Yacaira Mej\u00eda, Claudia Javier, Edward Cipri\u00e1n, Liliana Pilarte, Samuel Ram\u00edrez, Walter de los \u00c1ngeles, Roberto Guerra y Sary Le\u00f3n.<\/p>\n","protected":false},"excerpt":{"rendered":"<p>Santo Domingo.- El Banco Popular Dominicano realiz\u00f3 su tradicional Reuni\u00f3n Anual de Gerentes, esta vez en formato virtual por las condiciones sanitarias, pero que concit\u00f3 la asistencia de sus m\u00e1s&hellip; <\/p>\n","protected":false},"author":2,"featured_media":7295,"comment_status":"open","ping_status":"open","sticky":false,"template":"","format":"standard","meta":{"fifu_image_url":"","fifu_image_alt":"","footnotes":""},"categories":[151],"tags":[],"class_list":["post-7293","post","type-post","status-publish","format-standard","has-post-thumbnail","hentry","category-gerencia"],"_links":{"self":[{"href":"https:\/\/elmundodelosnegocios.com.do\/v1\/wp-json\/wp\/v2\/posts\/7293","targetHints":{"allow":["GET"]}}],"collection":[{"href":"https:\/\/elmundodelosnegocios.com.do\/v1\/wp-json\/wp\/v2\/posts"}],"about":[{"href":"https:\/\/elmundodelosnegocios.com.do\/v1\/wp-json\/wp\/v2\/types\/post"}],"author":[{"embeddable":true,"href":"https:\/\/elmundodelosnegocios.com.do\/v1\/wp-json\/wp\/v2\/users\/2"}],"replies":[{"embeddable":true,"href":"https:\/\/elmundodelosnegocios.com.do\/v1\/wp-json\/wp\/v2\/comments?post=7293"}],"version-history":[{"count":0,"href":"https:\/\/elmundodelosnegocios.com.do\/v1\/wp-json\/wp\/v2\/posts\/7293\/revisions"}],"wp:featuredmedia":[{"embeddable":true,"href":"https:\/\/elmundodelosnegocios.com.do\/v1\/wp-json\/wp\/v2\/media\/7295"}],"wp:attachment":[{"href":"https:\/\/elmundodelosnegocios.com.do\/v1\/wp-json\/wp\/v2\/media?parent=7293"}],"wp:term":[{"taxonomy":"category","embeddable":true,"href":"https:\/\/elmundodelosnegocios.com.do\/v1\/wp-json\/wp\/v2\/categories?post=7293"},{"taxonomy":"post_tag","embeddable":true,"href":"https:\/\/elmundodelosnegocios.com.do\/v1\/wp-json\/wp\/v2\/tags?post=7293"}],"curies":[{"name":"wp","href":"https:\/\/api.w.org\/{rel}","templated":true}]}}