{"id":72939,"date":"2025-09-14T10:10:36","date_gmt":"2025-09-14T14:40:36","guid":{"rendered":"https:\/\/www.elmundodelosnegocios.com.do\/v1\/?p=72939"},"modified":"2025-09-15T10:12:06","modified_gmt":"2025-09-15T14:42:06","slug":"asonahores-y-pnud-renuevan-compromiso-con-la-inclusion-y-sostenibilidad-del-turismo-en-republica-dominicana","status":"publish","type":"post","link":"https:\/\/elmundodelosnegocios.com.do\/v1\/asonahores-y-pnud-renuevan-compromiso-con-la-inclusion-y-sostenibilidad-del-turismo-en-republica-dominicana\/","title":{"rendered":"Asonahores y PNUD renuevan compromiso con la inclusi\u00f3n y sostenibilidad del turismo en Rep\u00fablica Dominicana"},"content":{"rendered":"<p><em>Con el firme prop\u00f3sito de impulsar un turismo m\u00e1s inclusivo, sostenible y centrado en las personas, la Asociaci\u00f3n de Hoteles y Turismo de la Rep\u00fablica Dominicana (Asonahores) y el Programa de las Naciones Unidas para el Desarrollo (PNUD) renovaron su acuerdo de colaboraci\u00f3n durante la Exposici\u00f3n Comercial Asonahores 2025.<\/em><\/p>\n<p><img loading=\"lazy\" decoding=\"async\" class=\"aligncenter size-full\" src=\"https:\/\/diariosocialrd.com\/wp-content\/uploads\/2025\/09\/IMG_8371-scaled.jpeg\" width=\"2560\" height=\"1920\" \/><\/p>\n<p>El encuentro, celebrado la ma\u00f1ana de este viernes, congreg\u00f3 a representantes del sector tur\u00edstico, autoridades y miembros de la sociedad civil para presentar una hoja de ruta conjunta orientada a fortalecer la sostenibilidad ambiental y la inclusi\u00f3n social en la industria.<\/p>\n<figure class=\"wp-block-image size-large\"><a href=\"https:\/\/diariosocialrd.com\/wp-content\/uploads\/2025\/09\/IMG_8363-scaled.jpeg\" data-rel=\"penci-gallery-image-content\"><img loading=\"lazy\" decoding=\"async\" class=\"wp-image-237217 aligncenter\" src=\"https:\/\/diariosocialrd.com\/wp-content\/uploads\/2025\/09\/IMG_8363-1024x768.jpeg\" sizes=\"auto, (max-width: 1024px) 100vw, 1024px\" srcset=\"https:\/\/diariosocialrd.com\/wp-content\/uploads\/2025\/09\/IMG_8363-1024x768.jpeg 1024w, https:\/\/diariosocialrd.com\/wp-content\/uploads\/2025\/09\/IMG_8363-300x225.jpeg 300w, https:\/\/diariosocialrd.com\/wp-content\/uploads\/2025\/09\/IMG_8363-768x576.jpeg 768w, https:\/\/diariosocialrd.com\/wp-content\/uploads\/2025\/09\/IMG_8363-1536x1152.jpeg 1536w, https:\/\/diariosocialrd.com\/wp-content\/uploads\/2025\/09\/IMG_8363-2048x1536.jpeg 2048w, https:\/\/diariosocialrd.com\/wp-content\/uploads\/2025\/09\/IMG_8363-1920x1440.jpeg 1920w, https:\/\/diariosocialrd.com\/wp-content\/uploads\/2025\/09\/IMG_8363-1170x878.jpeg 1170w, https:\/\/diariosocialrd.com\/wp-content\/uploads\/2025\/09\/IMG_8363-585x439.jpeg 585w\" alt=\"\" width=\"1024\" height=\"768\" \/><\/a><\/figure>\n<h3 class=\"wp-block-heading\"><strong>Sostenibilidad ambiental como eje de acci\u00f3n<\/strong><\/h3>\n<p>Entre las principales l\u00edneas de trabajo, Asonahores asumi\u00f3 el compromiso de reducir el consumo de energ\u00eda, optimizar la gesti\u00f3n de residuos s\u00f3lidos y promover un uso responsable del agua. Para ello, se implementar\u00e1n indicadores de buenas pr\u00e1cticas que permitan medir los avances y logros del programa en materia ambiental.<\/p>\n<figure class=\"wp-block-image size-large\"><a href=\"https:\/\/diariosocialrd.com\/wp-content\/uploads\/2025\/09\/IMG_8367-scaled.jpeg\" data-rel=\"penci-gallery-image-content\"><img loading=\"lazy\" decoding=\"async\" class=\"wp-image-237221 aligncenter\" src=\"https:\/\/diariosocialrd.com\/wp-content\/uploads\/2025\/09\/IMG_8367-1024x768.jpeg\" sizes=\"auto, (max-width: 1024px) 100vw, 1024px\" srcset=\"https:\/\/diariosocialrd.com\/wp-content\/uploads\/2025\/09\/IMG_8367-1024x768.jpeg 1024w, https:\/\/diariosocialrd.com\/wp-content\/uploads\/2025\/09\/IMG_8367-300x225.jpeg 300w, https:\/\/diariosocialrd.com\/wp-content\/uploads\/2025\/09\/IMG_8367-768x576.jpeg 768w, https:\/\/diariosocialrd.com\/wp-content\/uploads\/2025\/09\/IMG_8367-1536x1152.jpeg 1536w, https:\/\/diariosocialrd.com\/wp-content\/uploads\/2025\/09\/IMG_8367-2048x1536.jpeg 2048w, https:\/\/diariosocialrd.com\/wp-content\/uploads\/2025\/09\/IMG_8367-1920x1440.jpeg 1920w, https:\/\/diariosocialrd.com\/wp-content\/uploads\/2025\/09\/IMG_8367-1170x878.jpeg 1170w, https:\/\/diariosocialrd.com\/wp-content\/uploads\/2025\/09\/IMG_8367-585x439.jpeg 585w\" alt=\"\" width=\"1024\" height=\"768\" \/><\/a><\/figure>\n<h3 class=\"wp-block-heading\"><strong>Turismo inclusivo y accesible<\/strong><\/h3>\n<p>Otro de los pilares es la inclusi\u00f3n de personas con discapacidad en el sector tur\u00edstico. En ese sentido, se realizar\u00e1 un diagn\u00f3stico para evaluar los avances y desaf\u00edos del pa\u00eds en materia de accesibilidad, mientras que Asonahores fortalecer\u00e1 sus capacidades institucionales a trav\u00e9s de talleres de sensibilizaci\u00f3n y formaci\u00f3n en trato digno.<\/p>\n<p>Asimismo, se promover\u00e1 la adopci\u00f3n de un sello inclusivo tur\u00edstico que integre criterios de accesibilidad universal en los negocios y servicios, reforzando as\u00ed el proyecto de inclusi\u00f3n laboral de personas con discapacidad mediante asistencia t\u00e9cnica y mecanismos de seguimiento para garantizar su expansi\u00f3n y sostenibilidad.<\/p>\n<h3 class=\"wp-block-heading\"><strong>Igualdad de g\u00e9nero en la cadena de valor del turismo<\/strong><\/h3>\n<p>El acuerdo tambi\u00e9n contempla la producci\u00f3n y difusi\u00f3n de estudios con enfoque de g\u00e9nero para analizar la participaci\u00f3n de las mujeres en la cadena de valor del turismo nacional. Se busca identificar brechas y oportunidades, promoviendo la obtenci\u00f3n del sello de igualdad de g\u00e9nero para las empresas, as\u00ed como la certificaci\u00f3n Indocam de la Norma Nordon 775.<\/p>\n<h3 class=\"wp-block-heading\"><strong>Innovaci\u00f3n y turismo sostenible para n\u00f3madas digitales<\/strong><\/h3>\n<p>Como parte del compromiso con la innovaci\u00f3n, el PNUD pondr\u00e1 a disposici\u00f3n de Asonahores su experiencia global en turismo de n\u00f3madas digitales, un segmento en crecimiento que ofrece ventajas para la sostenibilidad en las zonas tur\u00edsticas del pa\u00eds.<\/p>\n<h3 class=\"wp-block-heading\"><strong>Un turismo para todos<\/strong><\/h3>\n<p>Durante el acto, las autoridades destacaron que \u201cel turismo es para todos\u201d y que la aspiraci\u00f3n del sector es que cada vez m\u00e1s dominicanos puedan beneficiarse de esta industria, que ya representa el sustento de uno de cada cinco ciudadanos.<\/p>\n<p>El PNUD reiter\u00f3 su apoyo al sector privado tur\u00edstico, destacando la importancia del empleo formal, la generaci\u00f3n de riqueza y la proyecci\u00f3n internacional de la Rep\u00fablica Dominicana como destino competitivo y responsable. \u201cCompartimos una visi\u00f3n conjunta de desarrollo sostenible centrado en las personas, donde nadie se quede atr\u00e1s\u201d, se\u00f1alaron sus representantes.<\/p>\n<p>Con este acuerdo, Asonahores y el PNUD reafirman su apuesta por un turismo que combine sostenibilidad ambiental, inclusi\u00f3n social y equidad de g\u00e9nero, posicionando al pa\u00eds como referente regional en buenas pr\u00e1cticas y desarrollo responsable.<\/p>\n","protected":false},"excerpt":{"rendered":"<p>Con el firme prop\u00f3sito de impulsar un turismo m\u00e1s inclusivo, sostenible y centrado en las personas, la Asociaci\u00f3n de Hoteles y Turismo de la Rep\u00fablica Dominicana (Asonahores) y el Programa&hellip; <\/p>\n","protected":false},"author":2,"featured_media":72940,"comment_status":"closed","ping_status":"closed","sticky":false,"template":"","format":"standard","meta":{"fifu_image_url":"https:\/\/diariosocialrd.com\/wp-content\/uploads\/2025\/09\/IMG_8371-scaled.jpeg","fifu_image_alt":"","footnotes":""},"categories":[172],"tags":[],"class_list":["post-72939","post","type-post","status-publish","format-standard","has-post-thumbnail","hentry","category-turismo"],"_links":{"self":[{"href":"https:\/\/elmundodelosnegocios.com.do\/v1\/wp-json\/wp\/v2\/posts\/72939","targetHints":{"allow":["GET"]}}],"collection":[{"href":"https:\/\/elmundodelosnegocios.com.do\/v1\/wp-json\/wp\/v2\/posts"}],"about":[{"href":"https:\/\/elmundodelosnegocios.com.do\/v1\/wp-json\/wp\/v2\/types\/post"}],"author":[{"embeddable":true,"href":"https:\/\/elmundodelosnegocios.com.do\/v1\/wp-json\/wp\/v2\/users\/2"}],"replies":[{"embeddable":true,"href":"https:\/\/elmundodelosnegocios.com.do\/v1\/wp-json\/wp\/v2\/comments?post=72939"}],"version-history":[{"count":1,"href":"https:\/\/elmundodelosnegocios.com.do\/v1\/wp-json\/wp\/v2\/posts\/72939\/revisions"}],"predecessor-version":[{"id":72941,"href":"https:\/\/elmundodelosnegocios.com.do\/v1\/wp-json\/wp\/v2\/posts\/72939\/revisions\/72941"}],"wp:featuredmedia":[{"embeddable":true,"href":"https:\/\/elmundodelosnegocios.com.do\/v1\/wp-json\/wp\/v2\/media\/72940"}],"wp:attachment":[{"href":"https:\/\/elmundodelosnegocios.com.do\/v1\/wp-json\/wp\/v2\/media?parent=72939"}],"wp:term":[{"taxonomy":"category","embeddable":true,"href":"https:\/\/elmundodelosnegocios.com.do\/v1\/wp-json\/wp\/v2\/categories?post=72939"},{"taxonomy":"post_tag","embeddable":true,"href":"https:\/\/elmundodelosnegocios.com.do\/v1\/wp-json\/wp\/v2\/tags?post=72939"}],"curies":[{"name":"wp","href":"https:\/\/api.w.org\/{rel}","templated":true}]}}