{"id":72986,"date":"2025-09-17T10:36:09","date_gmt":"2025-09-17T15:06:09","guid":{"rendered":"https:\/\/www.elmundodelosnegocios.com.do\/v1\/?p=72986"},"modified":"2025-09-17T10:36:09","modified_gmt":"2025-09-17T15:06:09","slug":"proindustria-y-la-jad-firman-acuerdo-para-impulsar-la-competitividad-de-la-agroindustria-nacional","status":"publish","type":"post","link":"https:\/\/elmundodelosnegocios.com.do\/v1\/proindustria-y-la-jad-firman-acuerdo-para-impulsar-la-competitividad-de-la-agroindustria-nacional\/","title":{"rendered":"Proindustria y la JAD firman acuerdo para impulsar la competitividad de la agroindustria nacional"},"content":{"rendered":"<p class=\"text-align-justify\">Santo Domingo.- El Centro de Desarrollo y Competitividad Industrial\u00a0<strong>(Proindustria)<\/strong>\u00a0y la Junta Agroempresarial Dominicana\u00a0<strong>(JAD)<\/strong>\u00a0suscribieron un\u00a0<strong>acuerdo interinstitucional,<\/strong>\u00a0con el objetivo de fortalecer la\u00a0<strong>competitividad, innovaci\u00f3n y sostenibilidad de la agroindustria<\/strong>\u00a0dominicana, considerada un sector estrat\u00e9gico para la econom\u00eda y la seguridad alimentaria del pa\u00eds.<\/p>\n<p><img loading=\"lazy\" decoding=\"async\" class=\"aligncenter size-full\" src=\"https:\/\/presidencia.gob.do\/sites\/default\/files\/styles\/large\/public\/news\/2025-09\/1000747238_1.jpg?itok=Rje2mQBc\" width=\"1300\" height=\"731\" \/><\/p>\n<p class=\"text-align-justify\">El convenio fue rubricado por el director general de Proindustria,\u00a0<strong>Rafael Cruz Rodr\u00edguez<\/strong>; el presidente del Consejo de Directores de la JAD,\u00a0<strong>Roberto Serrano<\/strong>, y el presidente ejecutivo de la entidad,\u00a0<strong>Osmar C. Ben\u00edtez<\/strong>, en un acto celebrado en la sede de la JAD.<\/p>\n<p class=\"text-align-justify\">El acuerdo establece la creaci\u00f3n de\u00a0<strong>programas conjuntos<\/strong>\u00a0orientados a mejorar el esquema integral de\u00a0<strong>competitividad<\/strong>\u00a0de las agroindustrias, impulsar la\u00a0<strong>digitalizaci\u00f3n<\/strong>\u00a0de procesos, fomentar la\u00a0<strong>investigaci\u00f3n y la transferencia tecnol\u00f3gica<\/strong>, as\u00ed como promover la\u00a0<strong>capacitaci\u00f3n t\u00e9cnica de productores y empresarios<\/strong>.<\/p>\n<p class=\"text-align-justify\">Las partes tambi\u00e9n coordinar\u00e1n acciones para articular\u00a0<strong>cadenas de valor<\/strong>, facilitar la\u00a0<strong>inversi\u00f3n nacional e internacional<\/strong>\u00a0en proyectos de transformaci\u00f3n agroindustrial y participar de manera conjunta en\u00a0<strong>ferias, misiones y ruedas de negocios\u00a0<\/strong>que potencien la apertura de nuevos mercados.<\/p>\n<p class=\"text-align-justify\">Al tomar la palabra, el director general de Proindustria destac\u00f3 la relevancia de la alianza y subray\u00f3 que<em>\u00a0\u201cla agroindustria manufacturera es un pilar estrat\u00e9gico de nuestro desarrollo. No solo contribuye al Producto Interno Bruto y a la generaci\u00f3n de empleo, sino que fortalece la conexi\u00f3n entre el campo y la ciudad, entre la tradici\u00f3n y la innovaci\u00f3n, y entre el esfuerzo de hoy y el bienestar de ma\u00f1ana\u201d.<\/em><\/p>\n<p class=\"text-align-justify\">Asimismo, expres\u00f3 que\u00a0<em>\u201ceste acuerdo que firmamos hoy establece un camino claro para trabajar juntos: fomentar la inversi\u00f3n, impulsar la competitividad, fortalecer capacidades y promover un desarrollo sostenible que genere impacto real en nuestras comunidades\u201d.<\/em><\/p>\n<p class=\"text-align-justify\">Proindustria se comprometi\u00f3 a ofrecer asistencia t\u00e9cnica preferencial y acciones formativas sobre la\u00a0<strong>Ley 392-07 de Competitividad e Innovaci\u00f3n Industrial<\/strong>, as\u00ed como a integrar a la JAD en sus programas y actividades. Por su parte, la JAD facilitar\u00e1 capacitaciones especializadas, tarifas preferenciales en servicios de laboratorio y apoyo log\u00edstico para actividades conjuntas.<\/p>\n<p class=\"text-align-justify\">Ambas instituciones acordaron adem\u00e1s intercambiar informaci\u00f3n\u00a0<strong>t\u00e9cnica y de inteligencia productiva,<\/strong>\u00a0desarrollar programas de\u00a0<strong>innovaci\u00f3n<\/strong>\u00a0con universidades y centros tecnol\u00f3gicos, y promover\u00a0<strong>encadenamientos productivos<\/strong>\u00a0que conecten a peque\u00f1os, medianos y grandes empresarios con el sector industrial.<\/p>\n<p class=\"text-align-justify\">En tanto, Osmar C. Ben\u00edtez, presidente ejecutivo de la JAD, expres\u00f3 que con la firma de este acuerdo la instituci\u00f3n se compromete a ofrecer\u00a0<strong>capacitaciones en la materia a las agroindustrias registradas con Proindustria,<\/strong>\u00a0as\u00ed como a otorgar una tarifa preferencial de los servicios y el uso de su\u00a0<strong>laboratorio agropecuario y agroindustrial<\/strong>\u00a0y brindar facilidades log\u00edsticas a las agroindustrias en sus procesos de desarrollo.<\/p>\n<p class=\"text-align-justify\">Ben\u00edtez destac\u00f3 que en el pa\u00eds\u00a0<strong>existen casi 2,000 agroindustrias, grandes y peque\u00f1as,\u00a0<\/strong>pero muchas de ellas a\u00fan requieren apoyo especializado.\u00a0<em>\u201cLa JAD, junto a Proindustria, asume el compromiso de acompa\u00f1ar a estas agroindustrias en su crecimiento, brind\u00e1ndoles las herramientas necesarias para elevar su competitividad, mejorar la calidad de sus procesos y abrir mayores oportunidades de mercado\u201d,<\/em>\u00a0puntualiz\u00f3.<\/p>\n<p class=\"text-align-justify\">El convenio tendr\u00e1 una vigencia de tres a\u00f1os y ser\u00e1 coordinado por una comisi\u00f3n mixta encabezada por\u00a0<strong>Ilonka Acosta Coiscou<\/strong>, directora de Servicios de Apoyo a la Industria de Proindustria, y\u00a0<strong>Ana Mar\u00eda Peralta,<\/strong>\u00a0directora de Mercados de la JAD.<\/p>\n<p class=\"text-align-justify\">Con esta alianza, Proindustria y la JAD buscan contribuir al desarrollo econ\u00f3mico y social del pa\u00eds, impulsando\u00a0<strong>la agroindustria como motor de generaci\u00f3n de empleos, divisas, valor agregado y sostenibilidad en las comunidades rurales.<\/strong><\/p>\n","protected":false},"excerpt":{"rendered":"<p>Santo Domingo.- El Centro de Desarrollo y Competitividad Industrial\u00a0(Proindustria)\u00a0y la Junta Agroempresarial Dominicana\u00a0(JAD)\u00a0suscribieron un\u00a0acuerdo interinstitucional,\u00a0con el objetivo de fortalecer la\u00a0competitividad, innovaci\u00f3n y sostenibilidad de la agroindustria\u00a0dominicana, considerada un sector estrat\u00e9gico&hellip; <\/p>\n","protected":false},"author":2,"featured_media":72987,"comment_status":"closed","ping_status":"closed","sticky":false,"template":"","format":"standard","meta":{"fifu_image_url":"https:\/\/presidencia.gob.do\/sites\/default\/files\/styles\/large\/public\/news\/2025-09\/1000747238_1.jpg?itok=Rje2mQBc","fifu_image_alt":"","footnotes":""},"categories":[73],"tags":[],"class_list":["post-72986","post","type-post","status-publish","format-standard","has-post-thumbnail","hentry","category-agronegocios"],"_links":{"self":[{"href":"https:\/\/elmundodelosnegocios.com.do\/v1\/wp-json\/wp\/v2\/posts\/72986","targetHints":{"allow":["GET"]}}],"collection":[{"href":"https:\/\/elmundodelosnegocios.com.do\/v1\/wp-json\/wp\/v2\/posts"}],"about":[{"href":"https:\/\/elmundodelosnegocios.com.do\/v1\/wp-json\/wp\/v2\/types\/post"}],"author":[{"embeddable":true,"href":"https:\/\/elmundodelosnegocios.com.do\/v1\/wp-json\/wp\/v2\/users\/2"}],"replies":[{"embeddable":true,"href":"https:\/\/elmundodelosnegocios.com.do\/v1\/wp-json\/wp\/v2\/comments?post=72986"}],"version-history":[{"count":1,"href":"https:\/\/elmundodelosnegocios.com.do\/v1\/wp-json\/wp\/v2\/posts\/72986\/revisions"}],"predecessor-version":[{"id":72988,"href":"https:\/\/elmundodelosnegocios.com.do\/v1\/wp-json\/wp\/v2\/posts\/72986\/revisions\/72988"}],"wp:featuredmedia":[{"embeddable":true,"href":"https:\/\/elmundodelosnegocios.com.do\/v1\/wp-json\/wp\/v2\/media\/72987"}],"wp:attachment":[{"href":"https:\/\/elmundodelosnegocios.com.do\/v1\/wp-json\/wp\/v2\/media?parent=72986"}],"wp:term":[{"taxonomy":"category","embeddable":true,"href":"https:\/\/elmundodelosnegocios.com.do\/v1\/wp-json\/wp\/v2\/categories?post=72986"},{"taxonomy":"post_tag","embeddable":true,"href":"https:\/\/elmundodelosnegocios.com.do\/v1\/wp-json\/wp\/v2\/tags?post=72986"}],"curies":[{"name":"wp","href":"https:\/\/api.w.org\/{rel}","templated":true}]}}