{"id":72989,"date":"2025-09-17T16:00:32","date_gmt":"2025-09-17T20:30:32","guid":{"rendered":"https:\/\/www.elmundodelosnegocios.com.do\/v1\/micm-recibe-delegacion-de-la-asociacion-americana-de-prendas-de-vestir-y-calzados-interesados-en-conocer-las-oportunidades-de-negocio-e-inversion-en-rd\/"},"modified":"2025-09-17T16:00:32","modified_gmt":"2025-09-17T20:30:32","slug":"micm-recibe-delegacion-de-la-asociacion-americana-de-prendas-de-vestir-y-calzados-interesados-en-conocer-las-oportunidades-de-negocio-e-inversion-en-rd","status":"publish","type":"post","link":"https:\/\/elmundodelosnegocios.com.do\/v1\/micm-recibe-delegacion-de-la-asociacion-americana-de-prendas-de-vestir-y-calzados-interesados-en-conocer-las-oportunidades-de-negocio-e-inversion-en-rd\/","title":{"rendered":"MICM recibe delegaci\u00f3n de la Asociaci\u00f3n Americana de Prendas de Vestir y Calzados interesados en conocer las oportunidades de negocio e inversi\u00f3n en RD"},"content":{"rendered":"<div>\n<p><i><b>La delegaci\u00f3n de la Asociaci\u00f3n Americana de Prendas de Vestir y Calzados (AAFA), la encabeza su presidente y CEO, Stephen Lamar, acompa\u00f1ado por 20 representantes<\/b><\/i><\/p>\n<p><b>Santo Domingo. \u2013<\/b> Con el prop\u00f3sito de conocer de primera mano el ecosistema de zonas francas y log\u00edstico de la Rep\u00fablica Dominicana, as\u00ed como explorar oportunidades de inversi\u00f3n y negocios, el ministerio de Industria, Comercio y Mipymes (MICM), dio la bienvenida a una delegaci\u00f3n de la Asociaci\u00f3n Americana de Prendas de Vestir y Calzados (AAFA).<\/p>\n<p>Esta misi\u00f3n encabezada por el presidente y CEO de AAFA, Stephen Lamar, acompa\u00f1ado por 15 representantes, forma parte de las estrategias de promoci\u00f3n que, lidera el Ministerio de Industria, Comercio y Mipymes (MICM), para posicionar a la Rep\u00fablica Dominicana como un destino clave para la manufactura de textiles y calzados de calidad, bajo est\u00e1ndares internacionales de sostenibilidad, competitividad y cumplimiento normativo.<\/p>\n<p>\u201cHoy nos honra recibirlos en nuestro pa\u00eds, donde tendr\u00e1n la oportunidad de conocer de cerca c\u00f3mo opera nuestro ecosistema de zonas francas y el compromiso que asumimos cada d\u00eda para seguir siendo un socio confiable para sus cadenas de suministro\u201d, indic\u00f3 el ministro Ito Bison\u00f3.<\/p>\n<p>Bison\u00f3 destac\u00f3 que Rep\u00fablica Dominicana ofrece ventajas \u00fanicas como la cercan\u00eda con el mercado estadounidense, estabilidad pol\u00edtica y social, mano de obra calificada y un entorno cada vez m\u00e1s orientado a la sostenibilidad y la innovaci\u00f3n. \u201cTodo esto se articula bajo la visi\u00f3n del presidente Luis Abinader, quien ha colocado la industrializaci\u00f3n y la atracci\u00f3n de inversiones como ejes centrales de nuestra estrategia de desarrollo\u201d, manifest\u00f3 el titular del MICM.<\/p>\n<p><b>Agenda de visitas<\/b><\/p>\n<p>El Viceministerio de Zonas Francas y Reg\u00edmenes Especiales coordin\u00f3 con la delegaci\u00f3n de AAFA una serie de visitas y reuniones con empresas de textil y calzados en las zonas francas del pa\u00eds que incluyen: Zona Franca Las Am\u00e9ricas, Zona Franca Industrial de Bonao, Zona Franca Industrial La Vega, Corporaci\u00f3n Zona Franca Santiago, Parque Industrial Santiago Norte (PISANO), Caribbean Industrial Park, Parque Industrial y de Servicios Yaque y DP world Dominicana en el Puerto Multimodal de Caucedo.<\/p>\n<p>En esta actividad de bienvenida para la misi\u00f3n de negocios de la AAFA, estuvieron presentes el viceministro de Zonas Francas y Reg\u00edmenes Especiales, Johannes Kelner; el director ejecutivo del Consejo Nacional de Zonas Francas de Exportaci\u00f3n (CNZFE), Daniel Liranzo; la presidenta de la Asociaci\u00f3n Dominicana de Zonas Francas (ADOZONA), Claudia Pellerano, as\u00ed como representantes del sector privado y de parques de zonas francas.<\/p>\n<p><b>Sobre AAFA<\/b><\/p>\n<p>La Asociaci\u00f3n Americana de Prendas de Vestir y Calzados (AAFA), representa a m\u00e1s de 1100 marcas, minoristas y fabricantes de renombre mundial. Con una contribuci\u00f3n de m\u00e1s de 523,000 millones de d\u00f3lares en ventas minoristas anuales en Estados Unidos. Su alcance se extiende desde Washington, D. C., a todo Estados Unidos y al resto del mundo.<\/p>\n<p>La AAFA ofrece experiencia exclusiva e impulsa el progreso en las \u00e1reas de cadena de suministro y abastecimiento, comercio, log\u00edstica y fabricaci\u00f3n, y protecci\u00f3n de marca. La AAFA se sit\u00faa a la vanguardia como l\u00edder del cambio positivo para la industria textil y del calzado.<\/p>\n<p><strong>Fuente:<\/strong> Direcci\u00f3n de Comunicaciones<\/p>\n<p>The post <a href=\"https:\/\/micm.gob.do\/micm-recibe-delegacion-de-la-asociacion-americana-de-prendas-de-vestir-y-calzados-interesados-en-conocer-las-oportunidades-de-negocio-e-inversion-en-rd\/\">MICM recibe delegaci\u00f3n de la Asociaci\u00f3n Americana de Prendas de Vestir y Calzados interesados en conocer las oportunidades de negocio e inversi\u00f3n en RD<\/a> appeared first on <a href=\"https:\/\/micm.gob.do\/\">MICM<\/a>.<\/p>\n<\/div>\n","protected":false},"excerpt":{"rendered":"<p>La delegaci\u00f3n de la Asociaci\u00f3n Americana de Prendas de Vestir y Calzados (AAFA), la encabeza su presidente y CEO, Stephen Lamar, acompa\u00f1ado por 20 representantes Santo Domingo. \u2013 Con el&hellip; <\/p>\n","protected":false},"author":2,"featured_media":0,"comment_status":"closed","ping_status":"closed","sticky":false,"template":"","format":"standard","meta":{"fifu_image_url":"","fifu_image_alt":"","footnotes":""},"categories":[147],"tags":[],"class_list":["post-72989","post","type-post","status-publish","format-standard","hentry","category-comercio"],"_links":{"self":[{"href":"https:\/\/elmundodelosnegocios.com.do\/v1\/wp-json\/wp\/v2\/posts\/72989","targetHints":{"allow":["GET"]}}],"collection":[{"href":"https:\/\/elmundodelosnegocios.com.do\/v1\/wp-json\/wp\/v2\/posts"}],"about":[{"href":"https:\/\/elmundodelosnegocios.com.do\/v1\/wp-json\/wp\/v2\/types\/post"}],"author":[{"embeddable":true,"href":"https:\/\/elmundodelosnegocios.com.do\/v1\/wp-json\/wp\/v2\/users\/2"}],"replies":[{"embeddable":true,"href":"https:\/\/elmundodelosnegocios.com.do\/v1\/wp-json\/wp\/v2\/comments?post=72989"}],"version-history":[{"count":0,"href":"https:\/\/elmundodelosnegocios.com.do\/v1\/wp-json\/wp\/v2\/posts\/72989\/revisions"}],"wp:attachment":[{"href":"https:\/\/elmundodelosnegocios.com.do\/v1\/wp-json\/wp\/v2\/media?parent=72989"}],"wp:term":[{"taxonomy":"category","embeddable":true,"href":"https:\/\/elmundodelosnegocios.com.do\/v1\/wp-json\/wp\/v2\/categories?post=72989"},{"taxonomy":"post_tag","embeddable":true,"href":"https:\/\/elmundodelosnegocios.com.do\/v1\/wp-json\/wp\/v2\/tags?post=72989"}],"curies":[{"name":"wp","href":"https:\/\/api.w.org\/{rel}","templated":true}]}}