{"id":73056,"date":"2025-09-19T11:55:57","date_gmt":"2025-09-19T16:25:57","guid":{"rendered":"https:\/\/www.elmundodelosnegocios.com.do\/v1\/?p=73056"},"modified":"2025-09-19T11:55:57","modified_gmt":"2025-09-19T16:25:57","slug":"anuncia-gisef-rifa-y-promueve-campana-en-20-aniversario","status":"publish","type":"post","link":"https:\/\/elmundodelosnegocios.com.do\/v1\/anuncia-gisef-rifa-y-promueve-campana-en-20-aniversario\/","title":{"rendered":"Anuncia Gisef rifa y promueve campa\u00f1a en 20 aniversario"},"content":{"rendered":"<p><b>Santo Domingo, Rep\u00fablica Dominicana<\/b>.- Como parte de las iniciativas conmemorativas del 20 aniversario de su creaci\u00f3n, la fundaci\u00f3n Gesti\u00f3n Integral de Salud y Educaci\u00f3n de la Familia (GISEF), anunci\u00f3 el inicio, a partir desde el pasado 21 de agosto, de la venta de los boletos correspondientes a su rifa pro-recaudaci\u00f3n de fondos pautada para el mes de diciembre 2025.<\/p>\n<p><a href=\"http:\/\/elmundodelosnegocios.com.do\/v1\/wp-content\/uploads\/2025\/09\/Hands-5216585_1280.-Imagen-via-Pixabay.jpg\"><img loading=\"lazy\" decoding=\"async\" class=\"aligncenter size-full wp-image-73057\" src=\"http:\/\/elmundodelosnegocios.com.do\/v1\/wp-content\/uploads\/2025\/09\/Hands-5216585_1280.-Imagen-via-Pixabay.jpg\" alt=\"\" width=\"1280\" height=\"853\" srcset=\"https:\/\/elmundodelosnegocios.com.do\/v1\/wp-content\/uploads\/2025\/09\/Hands-5216585_1280.-Imagen-via-Pixabay.jpg 1280w, https:\/\/elmundodelosnegocios.com.do\/v1\/wp-content\/uploads\/2025\/09\/Hands-5216585_1280.-Imagen-via-Pixabay-300x200.jpg 300w, https:\/\/elmundodelosnegocios.com.do\/v1\/wp-content\/uploads\/2025\/09\/Hands-5216585_1280.-Imagen-via-Pixabay-1024x682.jpg 1024w, https:\/\/elmundodelosnegocios.com.do\/v1\/wp-content\/uploads\/2025\/09\/Hands-5216585_1280.-Imagen-via-Pixabay-768x512.jpg 768w\" sizes=\"auto, (max-width: 1280px) 100vw, 1280px\" \/><\/a><\/p>\n<p>Se trata de un sorteo en el que los participantes podr\u00e1n ganar una laptop como primer premio, un Smart TV de 32 pulgadas en segundo premio y la persona ganadora del tercer premio obtendr\u00e1 una freidora de aire.\u00a0 Este ser\u00e1 transmitido v\u00eda Instagram Live a trav\u00e9s de la cuenta @gisefrd, el s\u00e1bado 6 de diciembre del presente a\u00f1o, a las 5:00 de la tarde.<\/p>\n<p>Yosarah Fern\u00e1ndez, directora ejecutiva de GISEF, inform\u00f3 que la inversi\u00f3n en el boleto ser\u00e1 de RD$100.00, por lo que exhort\u00f3 a la ciudadan\u00eda a participar. \u201cAl invertir en un boleto de cien pesos est\u00e1s apoy\u00e1ndonos y contribuyendo para que continuemos trabajando y beneficiando a muchas familias a trav\u00e9s de nuestros tres programas: Familia Sana, Proyecto de Vida e Intr\u00e9pidos, y adem\u00e1s tienes la posibilidad de ganar uno de estos \u00fatiles equipos\u201d, manifest\u00f3.<\/p>\n<p><b>Los valores transforman<\/b><\/p>\n<p>Asimismo, la ejecutiva dijo que GISEF mantiene una permanente promoci\u00f3n del poder transformador de los valores con el desarrollo de su campa\u00f1a \u201cLos valores transforman\u201d, mediante sus plataformas digitales.<\/p>\n<p>\u201cCon esta campa\u00f1a, que tiene la particularidad de que cuenta con la participaci\u00f3n entusiasta de nuestro voluntariado, buscamos sensibilizar a la ciudadan\u00eda sobre la urgencia de vivir desde los valores fundamentales, fomentar una cultura de respeto, empat\u00eda e inclusi\u00f3n en los entornos familiares, educativos y comunitarios e inspirar a personas e instituciones a reconocer y asumir los valores como motores de cambio personal y colectivo\u201d, explic\u00f3 Yosarah Fern\u00e1ndez.<\/p>\n<p>Refiri\u00f3 que en un contexto cada vez m\u00e1s desafiante para la convivencia social, la estabilidad familiar y la construcci\u00f3n de comunidades sanas, la promoci\u00f3n de los valores humanos emerge como una necesidad urgente, por lo que Gesti\u00f3n Integral de Salud y Educaci\u00f3n de la Familia (Gisef) asume su compromiso de aportar con iniciativas como esta campa\u00f1a, que se despliega desde el pasado primero de agosto y que concluye el 6 de noviembre de 2025, cuando realizar\u00e1 su d\u00e9cima Conferencia con motivo del Mes de la Familia, \u201cCreciendo en Valores\u201d.<\/p>\n<p><b>Sobre Gisef<\/b><\/p>\n<p>Fundada en 2005 e incorporada por la Procuradur\u00eda General de la Rep\u00fablica en 2006, Gisef es\u00a0una instituci\u00f3n no gubernamental, sin fines de lucro,\u00a0cuyo objetivo principal es elevar la calidad de vida de familias vulnerables a trav\u00e9s de proyectos integrales en las \u00e1reas de salud y medio ambiente, educaci\u00f3n, generaci\u00f3n\u00a0de ingresos, acceso a las tecnolog\u00edas de informaci\u00f3n y recreaci\u00f3n, para propiciar oportunidades de desarrollo de forma m\u00e1s justa y equitativa a cada uno de sus miembros. M\u00e1s informaci\u00f3n en\u00a0<a id=\"m_-7256860226307820177OWAb808fa8a-71c9-f583-a308-2481002fc802\" href=\"http:\/\/www.gisef.org\/\" target=\"_blank\" rel=\"noopener\" data-saferedirecturl=\"https:\/\/www.google.com\/url?q=http:\/\/www.gisef.org&amp;source=gmail&amp;ust=1758378261745000&amp;usg=AOvVaw1dTN6rm0SdEtoxQpOjqaZB\">www.gisef.org<\/a>. S\u00edguenos en IG y FB con @gisefrd.<\/p>\n","protected":false},"excerpt":{"rendered":"<p>Santo Domingo, Rep\u00fablica Dominicana.- Como parte de las iniciativas conmemorativas del 20 aniversario de su creaci\u00f3n, la fundaci\u00f3n Gesti\u00f3n Integral de Salud y Educaci\u00f3n de la Familia (GISEF), anunci\u00f3 el&hellip; <\/p>\n","protected":false},"author":2,"featured_media":73057,"comment_status":"closed","ping_status":"closed","sticky":false,"template":"","format":"standard","meta":{"fifu_image_url":"","fifu_image_alt":"","footnotes":""},"categories":[157],"tags":[],"class_list":["post-73056","post","type-post","status-publish","format-standard","has-post-thumbnail","hentry","category-marketing"],"_links":{"self":[{"href":"https:\/\/elmundodelosnegocios.com.do\/v1\/wp-json\/wp\/v2\/posts\/73056","targetHints":{"allow":["GET"]}}],"collection":[{"href":"https:\/\/elmundodelosnegocios.com.do\/v1\/wp-json\/wp\/v2\/posts"}],"about":[{"href":"https:\/\/elmundodelosnegocios.com.do\/v1\/wp-json\/wp\/v2\/types\/post"}],"author":[{"embeddable":true,"href":"https:\/\/elmundodelosnegocios.com.do\/v1\/wp-json\/wp\/v2\/users\/2"}],"replies":[{"embeddable":true,"href":"https:\/\/elmundodelosnegocios.com.do\/v1\/wp-json\/wp\/v2\/comments?post=73056"}],"version-history":[{"count":1,"href":"https:\/\/elmundodelosnegocios.com.do\/v1\/wp-json\/wp\/v2\/posts\/73056\/revisions"}],"predecessor-version":[{"id":73058,"href":"https:\/\/elmundodelosnegocios.com.do\/v1\/wp-json\/wp\/v2\/posts\/73056\/revisions\/73058"}],"wp:featuredmedia":[{"embeddable":true,"href":"https:\/\/elmundodelosnegocios.com.do\/v1\/wp-json\/wp\/v2\/media\/73057"}],"wp:attachment":[{"href":"https:\/\/elmundodelosnegocios.com.do\/v1\/wp-json\/wp\/v2\/media?parent=73056"}],"wp:term":[{"taxonomy":"category","embeddable":true,"href":"https:\/\/elmundodelosnegocios.com.do\/v1\/wp-json\/wp\/v2\/categories?post=73056"},{"taxonomy":"post_tag","embeddable":true,"href":"https:\/\/elmundodelosnegocios.com.do\/v1\/wp-json\/wp\/v2\/tags?post=73056"}],"curies":[{"name":"wp","href":"https:\/\/api.w.org\/{rel}","templated":true}]}}