{"id":73062,"date":"2025-09-19T12:00:32","date_gmt":"2025-09-19T16:30:32","guid":{"rendered":"https:\/\/www.elmundodelosnegocios.com.do\/v1\/ministro-joel-santos-destaca-potencial-de-la-artesania-de-larimar-en-el-sector-turistico-dominicano\/"},"modified":"2025-09-19T12:00:32","modified_gmt":"2025-09-19T16:30:32","slug":"ministro-joel-santos-destaca-potencial-de-la-artesania-de-larimar-en-el-sector-turistico-dominicano","status":"publish","type":"post","link":"https:\/\/elmundodelosnegocios.com.do\/v1\/ministro-joel-santos-destaca-potencial-de-la-artesania-de-larimar-en-el-sector-turistico-dominicano\/","title":{"rendered":"Ministro Joel Santos destaca potencial de la artesan\u00eda de larimar en el sector tur\u00edstico dominicano"},"content":{"rendered":"<div>\n<div class=\"pf-content\">\n<div class=\"printfriendly pf-button pf-button-content pf-alignright\">\n                    <a href=\"https:\/\/mem.gob.do\/ministro-joel-santos-destaca-potencial-de-la-artesania-de-larimar-en-el-sector-turistico-dominicano\/?pfstyle=wp\" rel=\"nofollow\" onclick=\"\" title=\"Printer Friendly, PDF &amp; Email\"><br \/>\n                    <img decoding=\"async\" class=\"pf-button-img\" src=\"https:\/\/cdn.printfriendly.com\/buttons\/printfriendly-pdf-email-button-notext.png\" alt=\"Print Friendly, PDF &amp; Email\" style=\"width: 110px;height: 30px;\"><br \/>\n                    <\/a>\n                <\/div>\n<p><em>El funcionario resalt\u00f3, durante Azul Selecta_RD, que el 60% de la piedra nacional es adquirida por artesanos locales<\/em><\/p>\n<p><span id=\"more-12166\"><\/span><\/p>\n<p><em>El funcionario resalt\u00f3, durante Azul Selecta_RD, que el 60% de la piedra nacional es adquirida por artesanos locales<\/em><\/p>\n<div class=\"wp-block-post-date\"><time datetime=\"2025-09-19T20:13:27+04:00\">19 septiembre, 2025<\/time><\/div>\n<div class=\"wp-block-media-text is-stacked-on-mobile\" style=\"grid-template-columns:37% auto\">\n<figure class=\"wp-block-media-text__media\"><img fetchpriority=\"high\" decoding=\"async\" width=\"1024\" height=\"684\" src=\"https:\/\/mem.gob.do\/wp-content\/uploads\/2025\/09\/IMG-20250919-WA0008-1024x684.jpg\" alt=\"Ministro Joel Santos\" class=\"wp-image-12168 size-full\" srcset=\"https:\/\/mem.gob.do\/wp-content\/uploads\/2025\/09\/IMG-20250919-WA0008-1024x684.jpg 1024w, https:\/\/mem.gob.do\/wp-content\/uploads\/2025\/09\/IMG-20250919-WA0008-300x200.jpg 300w, https:\/\/mem.gob.do\/wp-content\/uploads\/2025\/09\/IMG-20250919-WA0008-768x513.jpg 768w, https:\/\/mem.gob.do\/wp-content\/uploads\/2025\/09\/IMG-20250919-WA0008-1536x1026.jpg 1536w, https:\/\/mem.gob.do\/wp-content\/uploads\/2025\/09\/IMG-20250919-WA0008-2048x1368.jpg 2048w\" sizes=\"(max-width: 1024px) 100vw, 1024px\"><\/figure>\n<div class=\"wp-block-media-text__content\">\n<p>SANTO DOMINGO.\u2013 El ministro de Energ\u00eda y Minas (MEM), Joel Santos, resalt\u00f3 el valor art\u00edstico y econ\u00f3mico del larimar, gema aut\u00f3ctona, cuyas piezas tienen una gran oportunidad gracias a la llegada de m\u00e1s de 10 millones de turistas que visitan la Rep\u00fablica Dominicana cada a\u00f1o.<\/p>\n<\/div>\n<\/div>\n<p>Durante la apertura de la tercera edici\u00f3n de Selecta_RD: Maestros Artesanos by Valent\u00edn Guerrero, organizada por la Fundaci\u00f3n Dominicana de Desarrollo (FDD) y el programa Coopera Banreservas en la Zona Colonial, Santos destac\u00f3 que la clave est\u00e1 en que los artesanos dominicanos conviertan el larimar en piezas que reflejen la cultura nacional.<\/p>\n<p>\u201cTenemos la posibilidad, a trav\u00e9s de los turistas, de hacer crecer el conocimiento no solo del mineral, sino tambi\u00e9n de esa transformaci\u00f3n cultural dominicana que ellos pueden llevarse mediante el arte y las joyas trabajadas con el larimar\u201d, se\u00f1al\u00f3 Santos, enfatizando la ventaja que representa la afluencia tur\u00edstica para el sector.<\/p>\n<p>El funcionario subray\u00f3 que el 60 % del larimar extra\u00eddo de las minas de Barahona es adquirido por artesanos dominicanos, mientras que el 40 % restante se exporta en bruto.<\/p>\n<div class=\"wp-block-media-text is-stacked-on-mobile\" style=\"grid-template-columns:37% auto\">\n<figure class=\"wp-block-media-text__media\"><img loading=\"lazy\" decoding=\"async\" width=\"1024\" height=\"684\" src=\"https:\/\/mem.gob.do\/wp-content\/uploads\/2025\/09\/IMG-20250919-WA0017-1024x684.jpg\" alt=\"\" class=\"wp-image-12172 size-full\" srcset=\"https:\/\/mem.gob.do\/wp-content\/uploads\/2025\/09\/IMG-20250919-WA0017-1024x684.jpg 1024w, https:\/\/mem.gob.do\/wp-content\/uploads\/2025\/09\/IMG-20250919-WA0017-300x200.jpg 300w, https:\/\/mem.gob.do\/wp-content\/uploads\/2025\/09\/IMG-20250919-WA0017-768x513.jpg 768w, https:\/\/mem.gob.do\/wp-content\/uploads\/2025\/09\/IMG-20250919-WA0017-1536x1026.jpg 1536w, https:\/\/mem.gob.do\/wp-content\/uploads\/2025\/09\/IMG-20250919-WA0017-2048x1368.jpg 2048w\" sizes=\"auto, (max-width: 1024px) 100vw, 1024px\"><\/figure>\n<div class=\"wp-block-media-text__content\">\n<p>El ministro identific\u00f3 como un reto y, al mismo tiempo, una gran oportunidad fortalecer a los artesanos, para que puedan transformar cada vez m\u00e1s este mineral en un valor cultural que exprese la dominicanidad.<\/p>\n<\/div>\n<\/div>\n<p>\u201cPongo a disposici\u00f3n el Ministerio de Energ\u00eda y Minas y propongo crear, junto con ustedes, una mesa de trabajo que nos permita dejar una huella y fortalecer esa expresi\u00f3n art\u00edstica, para que nuestros turistas puedan apreciar de verdad los trabajos que ustedes realizan\u201d, puntualiz\u00f3 Santos durante la actividad, celebrada bajo el lema Azul Selecta, que rindi\u00f3 homenaje al talento de los artesanos de minerales \u00fanicos como el larimar y el \u00e1mbar azul.<\/p>\n<p>Santos record\u00f3 el importante crecimiento y desarrollo que est\u00e1 experimentando el larimar, se\u00f1alando que las exportaciones de este a\u00f1o se triplicar\u00e1n en comparaci\u00f3n con el ano pasado.<\/p>\n<div class=\"wp-block-media-text is-stacked-on-mobile\" style=\"grid-template-columns:37% auto\">\n<figure class=\"wp-block-media-text__media\"><img loading=\"lazy\" decoding=\"async\" width=\"1024\" height=\"681\" src=\"https:\/\/mem.gob.do\/wp-content\/uploads\/2025\/09\/IMG-20250919-WA0010_edit_826760692959662-1024x681.jpg\" alt=\"Valent\u00edn Guerrero, gestor cultural y creador de Selecta_RD\" class=\"wp-image-12169 size-full\" srcset=\"https:\/\/mem.gob.do\/wp-content\/uploads\/2025\/09\/IMG-20250919-WA0010_edit_826760692959662-1024x681.jpg 1024w, https:\/\/mem.gob.do\/wp-content\/uploads\/2025\/09\/IMG-20250919-WA0010_edit_826760692959662-300x200.jpg 300w, https:\/\/mem.gob.do\/wp-content\/uploads\/2025\/09\/IMG-20250919-WA0010_edit_826760692959662-768x511.jpg 768w, https:\/\/mem.gob.do\/wp-content\/uploads\/2025\/09\/IMG-20250919-WA0010_edit_826760692959662-1536x1022.jpg 1536w, https:\/\/mem.gob.do\/wp-content\/uploads\/2025\/09\/IMG-20250919-WA0010_edit_826760692959662-2048x1363.jpg 2048w\" sizes=\"auto, (max-width: 1024px) 100vw, 1024px\"><\/figure>\n<div class=\"wp-block-media-text__content\">\n<p>De su lado, Valent\u00edn Guerrero, gestor cultural y creador de Selecta_RD, destac\u00f3 que la exposici\u00f3n Azul Selecta_RD rinde homenaje a los maestros artesanos del pa\u00eds, con una dedicatoria especial al larimar, la piedra nacional.<\/p>\n<\/div>\n<\/div>\n<p>Los artesanos seleccionados para esta gala son maestros del larimar: talladores, dise\u00f1adores, orfebres y joyeros con una larga trayectoria en el oficio.<\/p>\n<p>Por su parte, Jean Paul Quir\u00f3z, presidente del Consejo Directivo de la FDD, reafirm\u00f3 el compromiso de la instituci\u00f3n con la inclusi\u00f3n y el fortalecimiento del ecosistema artesanal a trav\u00e9s de microcr\u00e9ditos.<\/p>\n<p>\u201cRespaldar al sector artesanal no es solo una forma de generar ingresos, sino tambi\u00e9n parte de la econom\u00eda naranja, que reconoce la creatividad como motor de desarrollo\u201d, se\u00f1al\u00f3.<\/p>\n<p>Quir\u00f3z a\u00f1adi\u00f3 que el reciente reconocimiento internacional del larimar, con su denominaci\u00f3n de origen, as\u00ed como la creciente valoraci\u00f3n del \u00e1mbar azul, son ejemplos de c\u00f3mo la cultura y la econom\u00eda pueden ir de la mano.<\/p>\n<p><strong>Reconocimientos a maestros artesanos<\/strong><\/p>\n<div class=\"wp-block-media-text is-stacked-on-mobile\" style=\"grid-template-columns:36% auto\">\n<figure class=\"wp-block-media-text__media\"><img loading=\"lazy\" decoding=\"async\" width=\"1024\" height=\"684\" src=\"https:\/\/mem.gob.do\/wp-content\/uploads\/2025\/09\/IMG-20250919-WA0020-1024x684.jpg\" alt=\"\" class=\"wp-image-12170 size-full\" srcset=\"https:\/\/mem.gob.do\/wp-content\/uploads\/2025\/09\/IMG-20250919-WA0020-1024x684.jpg 1024w, https:\/\/mem.gob.do\/wp-content\/uploads\/2025\/09\/IMG-20250919-WA0020-300x200.jpg 300w, https:\/\/mem.gob.do\/wp-content\/uploads\/2025\/09\/IMG-20250919-WA0020-768x513.jpg 768w, https:\/\/mem.gob.do\/wp-content\/uploads\/2025\/09\/IMG-20250919-WA0020-1536x1026.jpg 1536w, https:\/\/mem.gob.do\/wp-content\/uploads\/2025\/09\/IMG-20250919-WA0020-2048x1368.jpg 2048w\" sizes=\"auto, (max-width: 1024px) 100vw, 1024px\"><\/figure>\n<div class=\"wp-block-media-text__content\">\n<p>Durante la ceremonia se reconoci\u00f3 a destacados joyeros y artesanos por su contribuci\u00f3n a preservar las t\u00e9cnicas tradicionales, formar nuevas generaciones y promover el desarrollo de la artesan\u00eda a nivel nacional e internacional.<\/p>\n<\/div>\n<\/div>\n<p>Entre los galardonados figuran: Alexandra Bautista, Sof\u00eda Ortiz, Daicy David Abreu, Francisco de Jes\u00fas De la Cruz, Julio Fric\u00e1, Brunildo Espinosa, Patrick Leclercq, Ronny Jos\u00e9 Pe\u00f1a y Ram\u00f3n El\u00edas N\u00fa\u00f1ez.<\/p>\n<p>Uno de los momentos m\u00e1s emotivos fue el reconocimiento al maestro Miguel M\u00e9ndez, autor del nombre \u201cLarimar\u201d, cuya visi\u00f3n transform\u00f3 esta piedra semipreciosa en un s\u00edmbolo de identidad y orgullo nacional.<\/p>\n<p>Asimismo, Selecta_RD reconoci\u00f3 a instituciones y empresas que han brindado un apoyo decisivo al sector artesanal: Banreservas, Hodelpa Hotels &amp; Resorts, Fundaci\u00f3n Reservas del Pa\u00eds y el Cuerpo de Paz de la Rep\u00fablica Dominicana, destacando su aporte al emprendimiento, la sostenibilidad y la promoci\u00f3n del talento local.<\/p>\n<div class=\"wp-block-media-text is-stacked-on-mobile\" style=\"grid-template-columns:37% auto\">\n<figure class=\"wp-block-media-text__media\"><img loading=\"lazy\" decoding=\"async\" width=\"1024\" height=\"684\" src=\"https:\/\/mem.gob.do\/wp-content\/uploads\/2025\/09\/IMG-20250919-WA0018-1024x684.jpg\" alt=\"\" class=\"wp-image-12171 size-full\" srcset=\"https:\/\/mem.gob.do\/wp-content\/uploads\/2025\/09\/IMG-20250919-WA0018-1024x684.jpg 1024w, https:\/\/mem.gob.do\/wp-content\/uploads\/2025\/09\/IMG-20250919-WA0018-300x200.jpg 300w, https:\/\/mem.gob.do\/wp-content\/uploads\/2025\/09\/IMG-20250919-WA0018-768x513.jpg 768w, https:\/\/mem.gob.do\/wp-content\/uploads\/2025\/09\/IMG-20250919-WA0018-1536x1026.jpg 1536w, https:\/\/mem.gob.do\/wp-content\/uploads\/2025\/09\/IMG-20250919-WA0018-2048x1368.jpg 2048w\" sizes=\"auto, (max-width: 1024px) 100vw, 1024px\"><\/figure>\n<div class=\"wp-block-media-text__content\">\n<p>La exposici\u00f3n Azul Selecta_RD permanecer\u00e1 abierta al p\u00fablico hasta el 30 de septiembre en la Casa de Italia, con un programa que incluye experiencias en vivo, capacitaciones, presentaciones musicales y la muestra fotogr\u00e1fica de Alexander Villavizar.<\/p>\n<\/div>\n<\/div>\n<p>La actividad inaugural se realiz\u00f3 en el Hotel Nicol\u00e1s de Ovando y reuni\u00f3 a autoridades del Gobierno dominicano, representantes diplom\u00e1ticos, aliados institucionales y l\u00edderes del sector.<\/p>\n<\/div>\n<p>The post <a href=\"https:\/\/mem.gob.do\/ministro-joel-santos-destaca-potencial-de-la-artesania-de-larimar-en-el-sector-turistico-dominicano\/\">Ministro Joel Santos destaca potencial de la artesan\u00eda de larimar en el sector tur\u00edstico dominicano<\/a> first appeared on <a href=\"https:\/\/mem.gob.do\/\">Ministerio de Energ\u00eda y Minas<\/a>.<\/p>\n<\/div>\n","protected":false},"excerpt":{"rendered":"<p>El funcionario resalt\u00f3, durante Azul Selecta_RD, que el 60% de la piedra nacional es adquirida por artesanos locales El funcionario resalt\u00f3, durante Azul Selecta_RD, que el 60% de la piedra&hellip; <\/p>\n","protected":false},"author":1,"featured_media":73063,"comment_status":"closed","ping_status":"closed","sticky":false,"template":"","format":"standard","meta":{"fifu_image_url":"","fifu_image_alt":"","footnotes":""},"categories":[182],"tags":[],"class_list":["post-73062","post","type-post","status-publish","format-standard","has-post-thumbnail","hentry","category-energia"],"_links":{"self":[{"href":"https:\/\/elmundodelosnegocios.com.do\/v1\/wp-json\/wp\/v2\/posts\/73062","targetHints":{"allow":["GET"]}}],"collection":[{"href":"https:\/\/elmundodelosnegocios.com.do\/v1\/wp-json\/wp\/v2\/posts"}],"about":[{"href":"https:\/\/elmundodelosnegocios.com.do\/v1\/wp-json\/wp\/v2\/types\/post"}],"author":[{"embeddable":true,"href":"https:\/\/elmundodelosnegocios.com.do\/v1\/wp-json\/wp\/v2\/users\/1"}],"replies":[{"embeddable":true,"href":"https:\/\/elmundodelosnegocios.com.do\/v1\/wp-json\/wp\/v2\/comments?post=73062"}],"version-history":[{"count":0,"href":"https:\/\/elmundodelosnegocios.com.do\/v1\/wp-json\/wp\/v2\/posts\/73062\/revisions"}],"wp:featuredmedia":[{"embeddable":true,"href":"https:\/\/elmundodelosnegocios.com.do\/v1\/wp-json\/wp\/v2\/media\/73063"}],"wp:attachment":[{"href":"https:\/\/elmundodelosnegocios.com.do\/v1\/wp-json\/wp\/v2\/media?parent=73062"}],"wp:term":[{"taxonomy":"category","embeddable":true,"href":"https:\/\/elmundodelosnegocios.com.do\/v1\/wp-json\/wp\/v2\/categories?post=73062"},{"taxonomy":"post_tag","embeddable":true,"href":"https:\/\/elmundodelosnegocios.com.do\/v1\/wp-json\/wp\/v2\/tags?post=73062"}],"curies":[{"name":"wp","href":"https:\/\/api.w.org\/{rel}","templated":true}]}}