{"id":73070,"date":"2025-09-19T12:19:01","date_gmt":"2025-09-19T16:49:01","guid":{"rendered":"https:\/\/www.elmundodelosnegocios.com.do\/v1\/?p=73070"},"modified":"2025-09-19T12:19:01","modified_gmt":"2025-09-19T16:49:01","slug":"celebra-superintendencia-seguros-un-ano-transformaciones-modernizacion-y-mayor-compromiso-ciudadania","status":"publish","type":"post","link":"https:\/\/elmundodelosnegocios.com.do\/v1\/celebra-superintendencia-seguros-un-ano-transformaciones-modernizacion-y-mayor-compromiso-ciudadania\/","title":{"rendered":"Celebra Superintendencia Seguros un a\u00f1o transformaciones, modernizaci\u00f3n y mayor compromiso ciudadan\u00eda"},"content":{"rendered":"<p><b>Santo Domingo<\/b>. &#8211;\u00a0La Superintendencia de Seguros de la Rep\u00fablica Dominicana (SIS) present\u00f3 su informe institucional correspondiente al per\u00edodo septiembre 2024 \u2013 septiembre 2025, un a\u00f1o caracterizado por la modernizaci\u00f3n, el fortalecimiento t\u00e9cnico y un firme compromiso con la ciudadan\u00eda.<\/p>\n<p><a href=\"http:\/\/elmundodelosnegocios.com.do\/v1\/wp-content\/uploads\/2025\/09\/9839.jpg\"><img loading=\"lazy\" decoding=\"async\" class=\"aligncenter size-full wp-image-73071\" src=\"http:\/\/elmundodelosnegocios.com.do\/v1\/wp-content\/uploads\/2025\/09\/9839.jpg\" alt=\"\" width=\"1100\" height=\"733\" srcset=\"https:\/\/elmundodelosnegocios.com.do\/v1\/wp-content\/uploads\/2025\/09\/9839.jpg 1100w, https:\/\/elmundodelosnegocios.com.do\/v1\/wp-content\/uploads\/2025\/09\/9839-300x200.jpg 300w, https:\/\/elmundodelosnegocios.com.do\/v1\/wp-content\/uploads\/2025\/09\/9839-1024x682.jpg 1024w, https:\/\/elmundodelosnegocios.com.do\/v1\/wp-content\/uploads\/2025\/09\/9839-768x512.jpg 768w\" sizes=\"auto, (max-width: 1100px) 100vw, 1100px\" \/><\/a><\/p>\n<p>As\u00ed lo expres\u00f3 el superintendente de Seguros, Julio C\u00e9sar Valent\u00edn Jimini\u00e1n<b>,<\/b>\u00a0designado mediante el Decreto n\u00fam. 459-24 del 22 de agosto, quien subray\u00f3 que su gesti\u00f3n ha priorizado colocar a las personas en el centro de las decisiones, impulsando una instituci\u00f3n m\u00e1s t\u00e9cnica, transparente y cercana.<\/p>\n<p><b>\u201c<\/b>Este primer a\u00f1o de gesti\u00f3n hemos impulsado esfuerzos orientados a la transparencia, la modernizaci\u00f3n y el buen servicio, afianzando nuestro compromiso con la necesidad de seguir robusteciendo al sector asegurador como un pilar fundamental del sistema financiero nacional\u201d,\u00a0asegur\u00f3.<\/p>\n<p>De igual forma, destac\u00f3 avances puntuales alcanzados durante este a\u00f1o, tales como la agilizaci\u00f3n del anteproyecto de reforma de la Ley No. 146-02, la celebraci\u00f3n del Congreso Internacional de Seguros de la Rep\u00fablica Dominicana y la incorporaci\u00f3n de la instituci\u00f3n al Comit\u00e9 Financiero de la META RD 2036<b>.<\/b><\/p>\n<p>\u201cEste relato de logros no habr\u00eda sido materialmente posible sin el acompa\u00f1amiento y la participaci\u00f3n de muchos. Porque estoy convencido de que una sola persona puede tener la mejor visi\u00f3n del mundo, pero si no encuentra quien le acompa\u00f1e como equipo a cumplir las metas, tareas y desaf\u00edos, no puede alcanzar grandes resultados\u201d, a\u00f1adi\u00f3.<\/p>\n<p>El acto, encabezado por el superintendente de Seguros junto al intendente Francisco Campos<b>,<\/b>\u00a0cont\u00f3 con la presencia de directivos y colaboradores de la instituci\u00f3n, representantes de gremios del sector asegurador, compa\u00f1\u00edas de seguros, organismos financieros y acad\u00e9micos, as\u00ed como invitados especiales del \u00e1mbito nacional e internacional.<\/p>\n<p><b>Gesti\u00f3n m\u00e1s \u00e1gil, eficiente y orientada al usuario<\/b><\/p>\n<p><b>\u00a0<\/b>Seg\u00fan detall\u00f3 el superintendente Valent\u00edn, uno de los principales logros de este a\u00f1o ha sido la agilizaci\u00f3n de procesos internos, reduciendo significativamente los tiempos de entrega en certificaciones y licencias. La implementaci\u00f3n de herramientas tecnol\u00f3gicas, como la firma digital, permiti\u00f3 modernizar procedimientos y garantizar mayor seguridad.<\/p>\n<p>A esto se suma un hito estrat\u00e9gico: con el patrocinio de la Superintendencia de Bancos, la SIS firm\u00f3 con el Toronto Centre, l\u00edder global en supervisi\u00f3n financiera, un acuerdo de asociaci\u00f3n orientado a robustecer la capacidad t\u00e9cnica de la instituci\u00f3n.<\/p>\n<p>En este per\u00edodo tambi\u00e9n se concluy\u00f3 con el cierre definitivo de nueve compa\u00f1\u00edas, garantizando mayor orden en el mercado asegurador, mientras se fortaleci\u00f3 la Oficina de Atenci\u00f3n al Usuario y se ampliaron los canales de comunicaci\u00f3n, con un estilo m\u00e1s claro y cercano.<\/p>\n<p><b>Fortalecimiento y profesionalizaci\u00f3n del sector<\/b><\/p>\n<p>Un paso decisivo fue la celebraci\u00f3n del Congreso Internacional de Seguros de la Rep\u00fablica Dominicana (CISRD), un espacio sin precedentes que reuni\u00f3 a expertos nacionales e internacionales para abordar los desaf\u00edos de la innovaci\u00f3n, la regulaci\u00f3n y la sostenibilidad en el sector asegurador.<\/p>\n<p>La SIS tambi\u00e9n coloc\u00f3 al pa\u00eds en el mapa internacional con la implementaci\u00f3n del programa AMLCA, primera certificaci\u00f3n en prevenci\u00f3n de lavado de activos dirigida al sector seguros en toda la regi\u00f3n, en alianza con la FIBA y la Universidad Internacional de Florida. A esto se suman las capacitaciones t\u00e9cnicas de ESFOSIS, la actualizaci\u00f3n de la base de datos IntaDataRD y la alianza estrat\u00e9gica con el Programa de las Naciones Unidas para el Desarrollo (PNUD).<\/p>\n<p>Tambi\u00e9n se implement\u00f3 la Resoluci\u00f3n 01-2024, orientada a fortalecer la supervisi\u00f3n t\u00e9cnica y estad\u00edstica del sector asegurador, acompa\u00f1ando de manera continua a las compa\u00f1\u00edas y dem\u00e1s actores involucrados en el cumplimiento regulatorio.<\/p>\n<p><b>Regulaci\u00f3n m\u00e1s robusta; mayor participaci\u00f3n y transparencia<\/b><\/p>\n<p>Durante este a\u00f1o, la SIS dio pasos importantes hacia la reforma de la Ley 146-02 de Seguros, adem\u00e1s de promover consultas amplias y plurales para las resoluciones 05-2025 y 07-2025, garantizando la participaci\u00f3n ciudadana en la construcci\u00f3n normativa.<\/p>\n<p>De igual forma, se generaron acuerdos interinstitucionales con entidades como la Procuradur\u00eda General de la Rep\u00fablica, la Direcci\u00f3n General de Contrataciones P\u00fablicas (DGCP), Direcci\u00f3n General de Aduanas (DGA), la Superintendencia de Pensiones (SIPEN) y la Superintendencia del Mercado de Valores (SIMV), consolidando esfuerzos conjuntos para fortalecer la regulaci\u00f3n, la interoperabilidad y la transparencia entre sectores clave.<\/p>\n<p>En materia de transparencia, la instituci\u00f3n obtuvo calificaci\u00f3n perfecta (100) en los indicadores de ejecuci\u00f3n presupuestaria, y 99% en el indicador de la Direcci\u00f3n General de \u00c9tica e Integridad Gubernamental.<\/p>\n<p><b>Inclusi\u00f3n, equidad y servicio al ciudadano<\/b><\/p>\n<p>La gesti\u00f3n encabezada por Julio C\u00e9sar Valent\u00edn tambi\u00e9n prioriz\u00f3 la equidad y el servicio a la ciudadan\u00eda, con mejoras sustanciales en los espacios f\u00edsicos de la instituci\u00f3n, garantizando condiciones m\u00e1s accesibles y adecuadas para personas con discapacidad.<\/p>\n<p>Un hito institucional lo constituye la calificaci\u00f3n del 99.28% obtenida en la segunda evaluaci\u00f3n del Ministerio de Administraci\u00f3n P\u00fablica a la Carta Compromiso al Ciudadano, que evidencia el compromiso de la SIS con un servicio m\u00e1s transparente y eficiente.<\/p>\n<p>Asimismo, se cre\u00f3 y se puso en funcionamiento la Unidad de G\u00e9nero, reafirmando la visi\u00f3n de una instituci\u00f3n m\u00e1s inclusiva y sensible a las necesidades de toda la ciudadan\u00eda.<\/p>\n<p>Seg\u00fan concluy\u00f3 el superintendente, los retos del futuro ser\u00e1n cada d\u00eda m\u00e1s exigentes, y la SIS continuar\u00e1 asumi\u00e9ndolos con decisi\u00f3n, visi\u00f3n t\u00e9cnica y compromiso social, manteniendo siempre a las personas en el centro de sus acciones.<\/p>\n","protected":false},"excerpt":{"rendered":"<p>Santo Domingo. &#8211;\u00a0La Superintendencia de Seguros de la Rep\u00fablica Dominicana (SIS) present\u00f3 su informe institucional correspondiente al per\u00edodo septiembre 2024 \u2013 septiembre 2025, un a\u00f1o caracterizado por la modernizaci\u00f3n, el&hellip; <\/p>\n","protected":false},"author":2,"featured_media":73071,"comment_status":"closed","ping_status":"closed","sticky":false,"template":"","format":"standard","meta":{"fifu_image_url":"","fifu_image_alt":"","footnotes":""},"categories":[89],"tags":[],"class_list":["post-73070","post","type-post","status-publish","format-standard","has-post-thumbnail","hentry","category-seguros"],"_links":{"self":[{"href":"https:\/\/elmundodelosnegocios.com.do\/v1\/wp-json\/wp\/v2\/posts\/73070","targetHints":{"allow":["GET"]}}],"collection":[{"href":"https:\/\/elmundodelosnegocios.com.do\/v1\/wp-json\/wp\/v2\/posts"}],"about":[{"href":"https:\/\/elmundodelosnegocios.com.do\/v1\/wp-json\/wp\/v2\/types\/post"}],"author":[{"embeddable":true,"href":"https:\/\/elmundodelosnegocios.com.do\/v1\/wp-json\/wp\/v2\/users\/2"}],"replies":[{"embeddable":true,"href":"https:\/\/elmundodelosnegocios.com.do\/v1\/wp-json\/wp\/v2\/comments?post=73070"}],"version-history":[{"count":1,"href":"https:\/\/elmundodelosnegocios.com.do\/v1\/wp-json\/wp\/v2\/posts\/73070\/revisions"}],"predecessor-version":[{"id":73072,"href":"https:\/\/elmundodelosnegocios.com.do\/v1\/wp-json\/wp\/v2\/posts\/73070\/revisions\/73072"}],"wp:featuredmedia":[{"embeddable":true,"href":"https:\/\/elmundodelosnegocios.com.do\/v1\/wp-json\/wp\/v2\/media\/73071"}],"wp:attachment":[{"href":"https:\/\/elmundodelosnegocios.com.do\/v1\/wp-json\/wp\/v2\/media?parent=73070"}],"wp:term":[{"taxonomy":"category","embeddable":true,"href":"https:\/\/elmundodelosnegocios.com.do\/v1\/wp-json\/wp\/v2\/categories?post=73070"},{"taxonomy":"post_tag","embeddable":true,"href":"https:\/\/elmundodelosnegocios.com.do\/v1\/wp-json\/wp\/v2\/tags?post=73070"}],"curies":[{"name":"wp","href":"https:\/\/api.w.org\/{rel}","templated":true}]}}