{"id":73073,"date":"2025-09-19T12:26:39","date_gmt":"2025-09-19T16:56:39","guid":{"rendered":"https:\/\/www.elmundodelosnegocios.com.do\/v1\/?p=73073"},"modified":"2025-09-19T12:26:39","modified_gmt":"2025-09-19T16:56:39","slug":"impulsaran-procolombia-y-arajet-turismo-entre-santo-domingo-y-cartagena","status":"publish","type":"post","link":"https:\/\/elmundodelosnegocios.com.do\/v1\/impulsaran-procolombia-y-arajet-turismo-entre-santo-domingo-y-cartagena\/","title":{"rendered":"Impulsaran Procolombia y Arajet turismo entre Santo Domingo y Cartagena"},"content":{"rendered":"<p>Santo Domingo, septiembre de 2025.- Arajet, la aerol\u00ednea bandera dominicana, anunci\u00f3 la consolidaci\u00f3n de su ruta hacia Cartagena de Indias con dos vuelos semanales, los viernes y domingos, desde el Aeropuerto Internacional de Las Am\u00e9ricas, ofreciendo a los dominicanos la oportunidad de descubrir uno de los destinos tur\u00edsticos m\u00e1s emblem\u00e1ticos de Colombia.<\/p>\n<p><a href=\"http:\/\/elmundodelosnegocios.com.do\/v1\/wp-content\/uploads\/2025\/09\/Santiagos-Rios-Alexandra-Baret-Dario-Villamizar-y-Jairo-Aguilera.jpeg\"><img loading=\"lazy\" decoding=\"async\" class=\"aligncenter size-full wp-image-73074\" src=\"http:\/\/elmundodelosnegocios.com.do\/v1\/wp-content\/uploads\/2025\/09\/Santiagos-Rios-Alexandra-Baret-Dario-Villamizar-y-Jairo-Aguilera.jpeg\" alt=\"\" width=\"1100\" height=\"734\" srcset=\"https:\/\/elmundodelosnegocios.com.do\/v1\/wp-content\/uploads\/2025\/09\/Santiagos-Rios-Alexandra-Baret-Dario-Villamizar-y-Jairo-Aguilera.jpeg 1100w, https:\/\/elmundodelosnegocios.com.do\/v1\/wp-content\/uploads\/2025\/09\/Santiagos-Rios-Alexandra-Baret-Dario-Villamizar-y-Jairo-Aguilera-300x200.jpeg 300w, https:\/\/elmundodelosnegocios.com.do\/v1\/wp-content\/uploads\/2025\/09\/Santiagos-Rios-Alexandra-Baret-Dario-Villamizar-y-Jairo-Aguilera-1024x683.jpeg 1024w, https:\/\/elmundodelosnegocios.com.do\/v1\/wp-content\/uploads\/2025\/09\/Santiagos-Rios-Alexandra-Baret-Dario-Villamizar-y-Jairo-Aguilera-768x512.jpeg 768w\" sizes=\"auto, (max-width: 1100px) 100vw, 1100px\" \/><\/a><\/p>\n<p>Seg\u00fan datos de Procolombia el flujo tur\u00edstico entre ambos pa\u00edses contin\u00faa creciendo. En 2024, Colombia registr\u00f3 133,619 llegadas de turistas dominicanos, un aumento del 15,40% respecto al a\u00f1o anterior. Solo entre enero y julio de 2025, ya se contabilizan 75,395 visitantes dominicanos, lo que representa un incremento del 0,90% en comparaci\u00f3n con el mismo periodo de 2024.<\/p>\n<p>De igual forma, Rep\u00fablica Dominicana ha mantenido una fuerte recepci\u00f3n de visitantes colombianos. Seg\u00fan el Banco Central, en 2024 llegaron 335,819 pasajeros colombianos, lo que posicion\u00f3 a Colombia como el tercer pa\u00eds emisor de turistas hacia la isla, con un 4.7% del total de visitantes. Adem\u00e1s, de acuerdo con el Ministerio de Turismo, en una escala de 5, los visitantes colombianos otorgaron un 4.6 de satisfacci\u00f3n, lo que refleja su alta disposici\u00f3n a regresar.<\/p>\n<p>La actividad estuvo encabezada por el embajador de Colombia en la Rep\u00fablica Dominicana Dar\u00edo Villamizar Herrera quien manifest\u00f3 la importancia de la conexi\u00f3n directa entre estas ciudades para fomentar las visitas que puedan impulsar el turismo y los negocios entre Colombia y Rep\u00fablica Dominicana.<\/p>\n<p>Alexandra Baret, Senior Manager Channel Sales and Distribution, expres\u00f3 que, \u201cCartagena es un destino cargado de historia, cultura, gastronom\u00eda y playas espectaculares, y gracias a Arajet hoy est\u00e1 m\u00e1s cerca que nunca de los dominicanos. Con nuestros vuelos directos y tarifas bajas, seguimos fortaleciendo el puente a\u00e9reo que une a dos pueblos que cada vez viajan m\u00e1s entre s\u00ed\u201d.<\/p>\n<p>ProColombia resalt\u00f3 el papel de la conectividad en el fortalecimiento del intercambio tur\u00edstico, cultural y comercial, \u201cEstamos muy complacidos de la apuesta de Arajet por Cartagena, un destino Patrimonio de la Humanidad que encanta a los visitantes con su riqueza hist\u00f3rica y hospitalidad. Para los dominicanos, representa la oportunidad de vivir experiencias \u00fanicas en el Caribe colombiano\u201d, expres\u00f3 Santiago De Los Rios Cardona, Representante de ProColombia para Rep\u00fablica Dominicana.<\/p>\n<p>Asimismo, desde Corpoturismo Cartagena, se enfatiz\u00f3 la importancia de la llegada de turistas dominicanos a la ciudad amurallada donde destacaron, \u201cLa conexi\u00f3n directa con Santo Domingo es vital para seguir consolidando a Cartagena como un destino internacional preferido. Los dominicanos encuentran en nuestra ciudad un lugar familiar, vibrante, hist\u00f3rico y m\u00faltiples segmentos tur\u00edsticos y experiencias memorables\u201d, se\u00f1al\u00f3 Liliana Rodr\u00edguez Presidenta Ejecutiva de la Corporaci\u00f3n.<\/p>\n<p>Con esta ruta, Arajet reafirma su compromiso de facilitar el acceso a destinos estrat\u00e9gicos en Am\u00e9rica Latina y contribuir al desarrollo econ\u00f3mico y tur\u00edstico de la regi\u00f3n, fortaleciendo el intercambio entre dos naciones que cada d\u00eda se eligen m\u00e1s como destino de viaje.<\/p>\n<p><b>Sobre Arajet<\/b><\/p>\n<p>Arajet es la aerol\u00ednea insignia de Rep\u00fablica Dominicana. Reconocida en la Cumbre Mundial de Aviaci\u00f3n como la Mejor Aerol\u00ednea Nueva del Mundo en 2023. Iniciando operaciones en 2022, opera dos bases: el Aeropuerto de Las Am\u00e9ricas en Santo Domingo y el Aeropuerto Internacional de Punta Cana, con una nueva flota de Boeing 737 MAX. La aerol\u00ednea ofrece viajes seguros y econ\u00f3micos hacia y entre Rep\u00fablica Dominicana y diversos destinos en Am\u00e9rica del Norte, Central, del Sur y el Caribe. Para m\u00e1s informaci\u00f3n y reservas, visite:\u00a0<a id=\"m_-736216712962688930OWA1db5ac8e-542e-18a9-9bf2-8df9fd097584\" href=\"http:\/\/www.arajet.com\/\" target=\"_blank\" rel=\"noopener\" data-saferedirecturl=\"https:\/\/www.google.com\/url?q=http:\/\/www.arajet.com&amp;source=gmail&amp;ust=1758378241941000&amp;usg=AOvVaw1aTyjFYOIuAyfTMfTPYHA6\">www.arajet.com<\/a><\/p>\n","protected":false},"excerpt":{"rendered":"<p>Santo Domingo, septiembre de 2025.- Arajet, la aerol\u00ednea bandera dominicana, anunci\u00f3 la consolidaci\u00f3n de su ruta hacia Cartagena de Indias con dos vuelos semanales, los viernes y domingos, desde el&hellip; <\/p>\n","protected":false},"author":2,"featured_media":73074,"comment_status":"closed","ping_status":"closed","sticky":false,"template":"","format":"standard","meta":{"fifu_image_url":"","fifu_image_alt":"","footnotes":""},"categories":[172],"tags":[],"class_list":["post-73073","post","type-post","status-publish","format-standard","has-post-thumbnail","hentry","category-turismo"],"_links":{"self":[{"href":"https:\/\/elmundodelosnegocios.com.do\/v1\/wp-json\/wp\/v2\/posts\/73073","targetHints":{"allow":["GET"]}}],"collection":[{"href":"https:\/\/elmundodelosnegocios.com.do\/v1\/wp-json\/wp\/v2\/posts"}],"about":[{"href":"https:\/\/elmundodelosnegocios.com.do\/v1\/wp-json\/wp\/v2\/types\/post"}],"author":[{"embeddable":true,"href":"https:\/\/elmundodelosnegocios.com.do\/v1\/wp-json\/wp\/v2\/users\/2"}],"replies":[{"embeddable":true,"href":"https:\/\/elmundodelosnegocios.com.do\/v1\/wp-json\/wp\/v2\/comments?post=73073"}],"version-history":[{"count":1,"href":"https:\/\/elmundodelosnegocios.com.do\/v1\/wp-json\/wp\/v2\/posts\/73073\/revisions"}],"predecessor-version":[{"id":73075,"href":"https:\/\/elmundodelosnegocios.com.do\/v1\/wp-json\/wp\/v2\/posts\/73073\/revisions\/73075"}],"wp:featuredmedia":[{"embeddable":true,"href":"https:\/\/elmundodelosnegocios.com.do\/v1\/wp-json\/wp\/v2\/media\/73074"}],"wp:attachment":[{"href":"https:\/\/elmundodelosnegocios.com.do\/v1\/wp-json\/wp\/v2\/media?parent=73073"}],"wp:term":[{"taxonomy":"category","embeddable":true,"href":"https:\/\/elmundodelosnegocios.com.do\/v1\/wp-json\/wp\/v2\/categories?post=73073"},{"taxonomy":"post_tag","embeddable":true,"href":"https:\/\/elmundodelosnegocios.com.do\/v1\/wp-json\/wp\/v2\/tags?post=73073"}],"curies":[{"name":"wp","href":"https:\/\/api.w.org\/{rel}","templated":true}]}}